{"id":8646,"date":"2021-01-12T12:19:23","date_gmt":"2021-01-12T15:19:23","guid":{"rendered":"http:\/\/oasisfm935.com\/site\/?p=8646"},"modified":"2021-01-12T12:19:23","modified_gmt":"2021-01-12T15:19:23","slug":"la-pampa-continua-la-reparacion-de-la-ruta-provincial-n4","status":"publish","type":"post","link":"https:\/\/oasisfm935.com.ar\/site\/la-pampa-continua-la-reparacion-de-la-ruta-provincial-n4\/","title":{"rendered":"La Pampa: Continua la reparaci\u00f3n de la Ruta Provincial N\u00b04"},"content":{"rendered":"<p>La obra tiene una extensi\u00f3n de 28 kil\u00f3metros, de los cuales en 22 se har\u00e1n con asfalto modificado que es una tecnolog\u00eda nueva para la Provincia y los 6 (seis) kil\u00f3metros restantes con microaglomerado en fr\u00edo. Las tareas significan una inversi\u00f3n del Gobierno provincial, por 425 millones de pesos.<\/p>\n<p>El titular de Vialidad Provincial, Rodrigo Cadenas, expres\u00f3 que previamente a la aplicaci\u00f3n del asfalto se realizar\u00e1 el refuerzo de la calzada, que \u201cconsiste en sacar el material viejo y reforzar con 20 cent\u00edmetros de base, lo que corrige las ondulaciones de la calzada mejorando la seguridad y el confort de la ruta\u201d, indic\u00f3.<\/p>\n<p>Los trabajos incluyen dos accesos en la localidad de Arata y la intersecci\u00f3n con la Ruta 9, adem\u00e1s, la empresa ejecutora VIAL AGRO, est\u00e1 realizando la extracci\u00f3n de los bosques de olmos que se encuentran en las banquinas y con diferentes maquinarias se hace el movimiento de suelo.<\/p>\n<p>El intendente de Caleuf\u00fa, Oscar Baras, enfatiz\u00f3 que \u201cel Gobierno de la Provincia haya puesto el esfuerzo presupuestario en esta ruta nos pone muy felices, sobre todo porque sabemos que esta obra, que durar\u00e1 un a\u00f1o y medio, movilizar\u00e1 las econom\u00edas locales\u201d.<\/p>\n<p>En tanto el jefe comunal de Arata, Jorge Sosa, precis\u00f3 que para \u201cArata es muy importante esta obra porque contempla la colectora de ingreso donde se ubica la nueva estaci\u00f3n de servicio \u201d y no dud\u00f3 en se\u00f1alar que mientras \u201clos trabajos se est\u00e9n ejecutando impactar\u00e1n en la econom\u00eda de nuestra localidad\u00bb, concluy\u00f3.<\/p>\n<div class=\"oasis-despues-del-contenido\" id=\"oasis-3496962845\"><img loading=\"lazy\" decoding=\"async\" src=\"https:\/\/oasisfm935.com.ar\/site\/wp-content\/uploads\/2020\/08\/47806202-8741-49f2-a5c9-d2f930e5baa1.jpg\" alt=\"\"  srcset=\"https:\/\/oasisfm935.com.ar\/site\/wp-content\/uploads\/2020\/08\/47806202-8741-49f2-a5c9-d2f930e5baa1.jpg 1080w, https:\/\/oasisfm935.com.ar\/site\/wp-content\/uploads\/2020\/08\/47806202-8741-49f2-a5c9-d2f930e5baa1-300x300.jpg 300w, https:\/\/oasisfm935.com.ar\/site\/wp-content\/uploads\/2020\/08\/47806202-8741-49f2-a5c9-d2f930e5baa1-1024x1024.jpg 1024w, https:\/\/oasisfm935.com.ar\/site\/wp-content\/uploads\/2020\/08\/47806202-8741-49f2-a5c9-d2f930e5baa1-150x150.jpg 150w, https:\/\/oasisfm935.com.ar\/site\/wp-content\/uploads\/2020\/08\/47806202-8741-49f2-a5c9-d2f930e5baa1-768x768.jpg 768w\" sizes=\"(max-width: 1080px) 100vw, 1080px\" class=\"no-lazyload\" width=\"1080\" height=\"1080\"  style=\"display: inline-block;\" \/><\/div>","protected":false},"excerpt":{"rendered":"<p>La obra tiene una extensi\u00f3n de 28 kil\u00f3metros, de los cuales en 22 se har\u00e1n con asfalto modificado que es una tecnolog\u00eda<\/p>\n","protected":false},"author":4,"featured_media":8647,"comment_status":"closed","ping_status":"open","sticky":false,"template":"","format":"standard","meta":{"colormag_page_layout":"default_layout","footnotes":""},"categories":[2],"tags":[],"class_list":["post-8646","post","type-post","status-publish","format-standard","has-post-thumbnail","hentry","category-noticias"],"_links":{"self":[{"href":"https:\/\/oasisfm935.com.ar\/site\/wp-json\/wp\/v2\/posts\/8646","targetHints":{"allow":["GET"]}}],"collection":[{"href":"https:\/\/oasisfm935.com.ar\/site\/wp-json\/wp\/v2\/posts"}],"about":[{"href":"https:\/\/oasisfm935.com.ar\/site\/wp-json\/wp\/v2\/types\/post"}],"author":[{"embeddable":true,"href":"https:\/\/oasisfm935.com.ar\/site\/wp-json\/wp\/v2\/users\/4"}],"replies":[{"embeddable":true,"href":"https:\/\/oasisfm935.com.ar\/site\/wp-json\/wp\/v2\/comments?post=8646"}],"version-history":[{"count":1,"href":"https:\/\/oasisfm935.com.ar\/site\/wp-json\/wp\/v2\/posts\/8646\/revisions"}],"predecessor-version":[{"id":8648,"href":"https:\/\/oasisfm935.com.ar\/site\/wp-json\/wp\/v2\/posts\/8646\/revisions\/8648"}],"wp:featuredmedia":[{"embeddable":true,"href":"https:\/\/oasisfm935.com.ar\/site\/wp-json\/wp\/v2\/media\/8647"}],"wp:attachment":[{"href":"https:\/\/oasisfm935.com.ar\/site\/wp-json\/wp\/v2\/media?parent=8646"}],"wp:term":[{"taxonomy":"category","embeddable":true,"href":"https:\/\/oasisfm935.com.ar\/site\/wp-json\/wp\/v2\/categories?post=8646"},{"taxonomy":"post_tag","embeddable":true,"href":"https:\/\/oasisfm935.com.ar\/site\/wp-json\/wp\/v2\/tags?post=8646"}],"curies":[{"name":"wp","href":"https:\/\/api.w.org\/{rel}","templated":true}]}}