{"id":8649,"date":"2021-01-12T13:25:13","date_gmt":"2021-01-12T16:25:13","guid":{"rendered":"http:\/\/oasisfm935.com\/site\/?p=8649"},"modified":"2021-01-12T13:25:13","modified_gmt":"2021-01-12T16:25:13","slug":"urgente-trasladan-a-general-pico-a-la-intendenta-de-realico-viviana-bongiovanni-quien-tiene-covid-19","status":"publish","type":"post","link":"https:\/\/oasisfm935.com.ar\/site\/urgente-trasladan-a-general-pico-a-la-intendenta-de-realico-viviana-bongiovanni-quien-tiene-covid-19\/","title":{"rendered":"URGENTE: TRASLADAN A GENERAL PICO A LA INTENDENTA DE REALIC\u00d3, VIVIANA BONGIOVANNI, QUIEN TIENE COVID-19."},"content":{"rendered":"<p style=\"text-align: left\">\n<p>Debido a complicaciones en su estado de salud luego de contrar COVID-19, esta ma\u00f1ana, cerca del mediod\u00eda, fue derivada hacia General Pico la intendenta de Realic\u00f3 Viviana Bongiovanni.<\/p>\n<p>Ya hab\u00eda sido derivada hace un par de d\u00edas a la ciudad piquense, donde estuvo internada unas horas la jefa comuna local. Fue el pasado fin de semana. Luego fue dada de alta y regres\u00f3 a Realic\u00f3, pero desde ayer su situaci\u00f3n se complejiz\u00f3 por neumon\u00eda y nuevamente los facultativos decidieron derivarla hacia el Hospital Gobernador Centeno, hacia el sector Modular.<\/p>\n<p>FM IMPACTO<\/p>\n<div class=\"oasis-despues-del-contenido\" id=\"oasis-1204792216\"><img loading=\"lazy\" decoding=\"async\" src=\"https:\/\/oasisfm935.com.ar\/site\/wp-content\/uploads\/2020\/08\/47806202-8741-49f2-a5c9-d2f930e5baa1.jpg\" alt=\"\"  srcset=\"https:\/\/oasisfm935.com.ar\/site\/wp-content\/uploads\/2020\/08\/47806202-8741-49f2-a5c9-d2f930e5baa1.jpg 1080w, https:\/\/oasisfm935.com.ar\/site\/wp-content\/uploads\/2020\/08\/47806202-8741-49f2-a5c9-d2f930e5baa1-300x300.jpg 300w, https:\/\/oasisfm935.com.ar\/site\/wp-content\/uploads\/2020\/08\/47806202-8741-49f2-a5c9-d2f930e5baa1-1024x1024.jpg 1024w, https:\/\/oasisfm935.com.ar\/site\/wp-content\/uploads\/2020\/08\/47806202-8741-49f2-a5c9-d2f930e5baa1-150x150.jpg 150w, https:\/\/oasisfm935.com.ar\/site\/wp-content\/uploads\/2020\/08\/47806202-8741-49f2-a5c9-d2f930e5baa1-768x768.jpg 768w\" sizes=\"(max-width: 1080px) 100vw, 1080px\" class=\"no-lazyload\" width=\"1080\" height=\"1080\"  style=\"display: inline-block;\" \/><\/div>","protected":false},"excerpt":{"rendered":"<p>Debido a complicaciones en su estado de salud luego de contrar COVID-19, esta ma\u00f1ana, cerca del mediod\u00eda, fue derivada hacia General Pico<\/p>\n","protected":false},"author":4,"featured_media":8650,"comment_status":"closed","ping_status":"open","sticky":false,"template":"","format":"standard","meta":{"colormag_page_layout":"default_layout","footnotes":""},"categories":[2],"tags":[],"class_list":["post-8649","post","type-post","status-publish","format-standard","has-post-thumbnail","hentry","category-noticias"],"_links":{"self":[{"href":"https:\/\/oasisfm935.com.ar\/site\/wp-json\/wp\/v2\/posts\/8649","targetHints":{"allow":["GET"]}}],"collection":[{"href":"https:\/\/oasisfm935.com.ar\/site\/wp-json\/wp\/v2\/posts"}],"about":[{"href":"https:\/\/oasisfm935.com.ar\/site\/wp-json\/wp\/v2\/types\/post"}],"author":[{"embeddable":true,"href":"https:\/\/oasisfm935.com.ar\/site\/wp-json\/wp\/v2\/users\/4"}],"replies":[{"embeddable":true,"href":"https:\/\/oasisfm935.com.ar\/site\/wp-json\/wp\/v2\/comments?post=8649"}],"version-history":[{"count":1,"href":"https:\/\/oasisfm935.com.ar\/site\/wp-json\/wp\/v2\/posts\/8649\/revisions"}],"predecessor-version":[{"id":8651,"href":"https:\/\/oasisfm935.com.ar\/site\/wp-json\/wp\/v2\/posts\/8649\/revisions\/8651"}],"wp:featuredmedia":[{"embeddable":true,"href":"https:\/\/oasisfm935.com.ar\/site\/wp-json\/wp\/v2\/media\/8650"}],"wp:attachment":[{"href":"https:\/\/oasisfm935.com.ar\/site\/wp-json\/wp\/v2\/media?parent=8649"}],"wp:term":[{"taxonomy":"category","embeddable":true,"href":"https:\/\/oasisfm935.com.ar\/site\/wp-json\/wp\/v2\/categories?post=8649"},{"taxonomy":"post_tag","embeddable":true,"href":"https:\/\/oasisfm935.com.ar\/site\/wp-json\/wp\/v2\/tags?post=8649"}],"curies":[{"name":"wp","href":"https:\/\/api.w.org\/{rel}","templated":true}]}}