{"id":8653,"date":"2021-01-12T21:14:37","date_gmt":"2021-01-13T00:14:37","guid":{"rendered":"http:\/\/oasisfm935.com\/site\/?p=8653"},"modified":"2021-01-12T21:14:37","modified_gmt":"2021-01-13T00:14:37","slug":"ingeniero-luiggi-el-equipo-del-ministerio-de-desarrollo-social-para-supervisar-y-acompanar-la-puesta-en-marcha-de-los-programas-del-provida-en-nuestra-localidad","status":"publish","type":"post","link":"https:\/\/oasisfm935.com.ar\/site\/ingeniero-luiggi-el-equipo-del-ministerio-de-desarrollo-social-para-supervisar-y-acompanar-la-puesta-en-marcha-de-los-programas-del-provida-en-nuestra-localidad\/","title":{"rendered":"Ingeniero Luiggi: El equipo del Ministerio de Desarrollo Social para supervisar y acompa\u00f1ar la puesta en marcha de los Programas del ProVida en nuestra localidad."},"content":{"rendered":"<p class=\"lead nota-detalle-bajada\">\u00e9cnicos del Ministerio de Desarrollo Social de La Pampa visitaron las localidades de Ingeniero Luiggi y Parera con la finalidad de observar la marcha del Pro Vida en un a\u00f1o diferente en cuanto a la implementaci\u00f3n debido a los protocolos vigentes, algo que se cumple en ambas localidades.<\/p>\n<div class=\"nota-detalle-cuerpo\">Pablo Lamare, del equipo t\u00e9cnico de la Direcci\u00f3n de Deportes de la provincia estuvo visitando el Pro Vida Verano 2021 en las localidades de Ingeniero Luiggi y Parera. En di\u00e1logo con la Agencia Provincial de Noticias (APN) manifest\u00f3 que \u201clos predios favorecen a la actividad, han separado el funcionamiento por d\u00eda, tienen distintos lugares a donde llegan los chicos y eso evita que se junten. Hemos realizado algunas peque\u00f1as observaciones, pero teniendo en cuenta lo que se espera de la sanidad y de los protocolos est\u00e1n muy bien ambas localidades\u201d, puntualiz\u00f3.<\/div>\n<div><img decoding=\"async\" src=\"https:\/\/apn.lapampa.gob.ar\/images\/multimedia\/200459_resize-of-p1300231.jpg\" \/><\/div>\n<div><\/div>\n<div class=\"nota-detalle-cuerpo\">\nInform\u00f3 que \u201ccharlamos sobre las actividades y sus contenidos, haciendo fuerza para que todo salga bien ya que estas son una de las pocas actividades que tuvieron los chicos durante el a\u00f1o. Ponemos siempre la mirada en cada cosa y estamos satisfechos porque todo se cumple como corresponde\u201d, expres\u00f3 Lamare.<\/div>\n<div class=\"nota-detalle-cuerpo\">\nCon respecto a los cambios realizados en el Pro Vida por la situaci\u00f3n de Pandemia explic\u00f3 que se han cambiado las actividades que tienen que ver con el contacto, \u201cantes hab\u00eda juegos cooperativos con cuarenta chicos en cada grupo o en una clase de nataci\u00f3n hab\u00eda cincuenta adentro de la pileta con sus profes y ahora esas cosas han cambiado, como cambia la realidad d\u00eda a d\u00eda donde una burbuja de diez se transforma en una de cuatro ni\u00f1os y eso tambi\u00e9n hay que entenderlo.\u00a0 Estas son las cosas que se han modificado en esta nueva realidad, el no contacto que tenemos fuera debemos tenerlo tambi\u00e9n adentro. De todos modos, hay que continuar trabajando\u201d finaliz\u00f3.<\/div>\n<div><\/div>\n<div><img decoding=\"async\" src=\"https:\/\/apn.lapampa.gob.ar\/images\/multimedia\/206657_resize-of-p1300201.jpg\" \/><\/div>\n<div><\/div>\n<div>Patricia Lav\u00edn, intendenta de Ingeniero Luiggi dijo que \u201cquienes hemos pasado muchos a\u00f1os siendo parte de la ejecuci\u00f3n de este plan que atraviesa a toda la familia pampeana sabemos lo que significa el Pro Vida Verano para las localidades con las colonias de vacaciones, con el Cumelen, Ayel\u00e9n, el programa Eliminaci\u00f3n de Barreras, los deportes, etc. Este a\u00f1o lo vemos de manera distinta, ya no hay esa concentraci\u00f3n de m\u00e1s de trescientos chicos y personas mayores en los predios, lo que antes era una fiesta ahora no lo podemos hacer porque debemos cuidarnos\u201d, enfatiz\u00f3.<\/div>\n<div><\/div>\n<div>\nRemarc\u00f3 que \u201cIngeniero Luiggi se ha sumado a este plan a partir de la convocatoria que nos hizo nuestro Ministro de Desarrollo Social Diego \u00c1lvarez, hemos presentado un proyecto que fue aprobado por el COE a nivel provincial elevado con el visto bueno del COE local y hoy vemos los frutos de ese proyecto\u201d.<\/div>\n<div>\nComent\u00f3 que \u201cen los ingresos tenemos a una joven profesional m\u00e9dica que la hemos sumado para no sobrecargar al hospital que tiene una ardua tarea con el COVID-19. Ella junto a dos enfermeras son las encargadas de los controles, se armaron las burbujas de acuerdo a las edades y tenemos distintos espacios en el Parque Centenario, en el CDI, la pileta climatizada y el Cumelen funcionando en el Club de Abuelos\u201d.<\/div>\n<div><\/div>\n<div><img decoding=\"async\" src=\"https:\/\/scontent.frsa4-1.fna.fbcdn.net\/v\/t1.0-9\/138314951_3714638561952949_8289633897123030474_n.jpg?_nc_cat=101&amp;ccb=2&amp;_nc_sid=8bfeb9&amp;_nc_eui2=AeHOU4V7QwTUvLG494Klb4TG4wVnb5ZDaofjBWdvlkNqhxJF8AsYbnq0ktMsQijlVPT6WUf1E6dS_68VRffenyVz&amp;_nc_ohc=CCaZYXZkfIAAX_gSzIz&amp;_nc_ht=scontent.frsa4-1.fna&amp;oh=2bd005c4c768f65a09450dc272064938&amp;oe=60238D19\" alt=\"La imagen puede contener: 1 persona, bailando y de pie, texto que dice &quot;INGENIERO LUIGGI Gobierno Local NDS&quot;\" \/><br \/>\nLav\u00edn puso \u00e9nfasis en la idea \u201cde que todos participen, en espacios amplios, que puedan disfrutar de las distintas actividades, pero cuid\u00e1ndonos. Es totalmente distinto, pero creemos que era necesario hacer esta oferta porque ha sido un a\u00f1o at\u00edpico, dif\u00edcil para todos y mucho m\u00e1s para nuestra ni\u00f1ez y adolescencia por lo que quisimos poner a disposici\u00f3n esta infraestructura que fue dise\u00f1ada pensando en el cuidado de ellos.\u201d<\/div>\n<div><\/div>\n<div>\nPor \u00faltimo, inform\u00f3 que la cantidad de inscriptos fue de doscientos cincuenta, entre ni\u00f1as, ni\u00f1as y adultos mayores, \u201cen un principio no llegaban a doscientos, pero lanzamos una inscripci\u00f3n a trav\u00e9s de distintos mecanismos virtuales y luego del anuncio que hicimos en la municipalidad se sumaron varios m\u00e1s distribuidos en una franja horaria muy amplia porque el parque esta solamente para ellos a la ma\u00f1ana y a la tarde de lunes a viernes. Los s\u00e1bados y domingo se abre para el resto del p\u00fablico\u201d.<\/div>\n<div><\/div>\n<div><a href=\"http:\/\/oasisfm935.com\/site\/wp-content\/uploads\/2021\/01\/138159574_3714638528619619_1120294710844484916_n.jpg\"><img loading=\"lazy\" decoding=\"async\" class=\"alignnone size-full wp-image-8654\" src=\"http:\/\/oasisfm935.com\/site\/wp-content\/uploads\/2021\/01\/138159574_3714638528619619_1120294710844484916_n.jpg\" alt=\"\" width=\"960\" height=\"768\" srcset=\"https:\/\/oasisfm935.com.ar\/site\/wp-content\/uploads\/2021\/01\/138159574_3714638528619619_1120294710844484916_n.jpg 960w, https:\/\/oasisfm935.com.ar\/site\/wp-content\/uploads\/2021\/01\/138159574_3714638528619619_1120294710844484916_n-300x240.jpg 300w, https:\/\/oasisfm935.com.ar\/site\/wp-content\/uploads\/2021\/01\/138159574_3714638528619619_1120294710844484916_n-768x614.jpg 768w\" sizes=\"auto, (max-width: 960px) 100vw, 960px\" \/><\/a><\/div>\n<div><\/div>\n<div class=\"oasis-despues-del-contenido\" id=\"oasis-3620927968\"><img loading=\"lazy\" decoding=\"async\" src=\"https:\/\/oasisfm935.com.ar\/site\/wp-content\/uploads\/2020\/08\/47806202-8741-49f2-a5c9-d2f930e5baa1.jpg\" alt=\"\"  srcset=\"https:\/\/oasisfm935.com.ar\/site\/wp-content\/uploads\/2020\/08\/47806202-8741-49f2-a5c9-d2f930e5baa1.jpg 1080w, https:\/\/oasisfm935.com.ar\/site\/wp-content\/uploads\/2020\/08\/47806202-8741-49f2-a5c9-d2f930e5baa1-300x300.jpg 300w, https:\/\/oasisfm935.com.ar\/site\/wp-content\/uploads\/2020\/08\/47806202-8741-49f2-a5c9-d2f930e5baa1-1024x1024.jpg 1024w, https:\/\/oasisfm935.com.ar\/site\/wp-content\/uploads\/2020\/08\/47806202-8741-49f2-a5c9-d2f930e5baa1-150x150.jpg 150w, https:\/\/oasisfm935.com.ar\/site\/wp-content\/uploads\/2020\/08\/47806202-8741-49f2-a5c9-d2f930e5baa1-768x768.jpg 768w\" sizes=\"(max-width: 1080px) 100vw, 1080px\" class=\"no-lazyload\" width=\"1080\" height=\"1080\"  style=\"display: inline-block;\" \/><\/div>","protected":false},"excerpt":{"rendered":"<p>\u00e9cnicos del Ministerio de Desarrollo Social de La Pampa visitaron las localidades de Ingeniero Luiggi y Parera con la finalidad de observar<\/p>\n","protected":false},"author":4,"featured_media":8655,"comment_status":"closed","ping_status":"open","sticky":false,"template":"","format":"standard","meta":{"colormag_page_layout":"default_layout","footnotes":""},"categories":[2],"tags":[],"class_list":["post-8653","post","type-post","status-publish","format-standard","has-post-thumbnail","hentry","category-noticias"],"_links":{"self":[{"href":"https:\/\/oasisfm935.com.ar\/site\/wp-json\/wp\/v2\/posts\/8653","targetHints":{"allow":["GET"]}}],"collection":[{"href":"https:\/\/oasisfm935.com.ar\/site\/wp-json\/wp\/v2\/posts"}],"about":[{"href":"https:\/\/oasisfm935.com.ar\/site\/wp-json\/wp\/v2\/types\/post"}],"author":[{"embeddable":true,"href":"https:\/\/oasisfm935.com.ar\/site\/wp-json\/wp\/v2\/users\/4"}],"replies":[{"embeddable":true,"href":"https:\/\/oasisfm935.com.ar\/site\/wp-json\/wp\/v2\/comments?post=8653"}],"version-history":[{"count":1,"href":"https:\/\/oasisfm935.com.ar\/site\/wp-json\/wp\/v2\/posts\/8653\/revisions"}],"predecessor-version":[{"id":8656,"href":"https:\/\/oasisfm935.com.ar\/site\/wp-json\/wp\/v2\/posts\/8653\/revisions\/8656"}],"wp:featuredmedia":[{"embeddable":true,"href":"https:\/\/oasisfm935.com.ar\/site\/wp-json\/wp\/v2\/media\/8655"}],"wp:attachment":[{"href":"https:\/\/oasisfm935.com.ar\/site\/wp-json\/wp\/v2\/media?parent=8653"}],"wp:term":[{"taxonomy":"category","embeddable":true,"href":"https:\/\/oasisfm935.com.ar\/site\/wp-json\/wp\/v2\/categories?post=8653"},{"taxonomy":"post_tag","embeddable":true,"href":"https:\/\/oasisfm935.com.ar\/site\/wp-json\/wp\/v2\/tags?post=8653"}],"curies":[{"name":"wp","href":"https:\/\/api.w.org\/{rel}","templated":true}]}}