{"id":866,"date":"2019-03-01T12:36:12","date_gmt":"2019-03-01T15:36:12","guid":{"rendered":"http:\/\/oasisfm935.com\/site\/?p=866"},"modified":"2019-03-01T12:36:12","modified_gmt":"2019-03-01T15:36:12","slug":"macri-anuncio-suba-del-46-de-la-asignacion-universal-por-hijo","status":"publish","type":"post","link":"https:\/\/oasisfm935.com.ar\/site\/macri-anuncio-suba-del-46-de-la-asignacion-universal-por-hijo\/","title":{"rendered":"Macri anunci\u00f3 suba del 46% de la Asignaci\u00f3n Universal por Hijo"},"content":{"rendered":"<div class=\"row pb-content-type-text\">\n<div class=\"col-xs-12 col-print-12\">\n<p class=\"element element-paragraph\">El presidente<strong>\u00a0Mauricio Macri<\/strong>\u00a0anunci\u00f3 la\u00a0<strong>suba del 46% de la Asignaci\u00f3n Universal por Hijo (AUH)<\/strong>, que hoy cobran 4 millones de beneficiarios.<\/p>\n<\/div>\n<\/div>\n<div class=\"row pb-content-type-text\">\n<div class=\"col-xs-12 col-print-12\">\n<p>De acuerdo con lo previsto por la ley de Movilidad,\u00a0<strong>la AUH pasar\u00eda\u00a0 a partir de este mes de los $1.815 actuales a $2.029,70 por hijo.<\/strong>\u00a0Pero con la suba anunciada,\u00a0<strong>el beneficio se ir\u00e1 a $2.650 por hijo desde este mes<\/strong>, ya que se adelantan todos los aumentos previstos en el a\u00f1o.<\/p>\n<p>Antes de anunciar la suba, Macri precis\u00f3 que apelar\u00e1n a la cl\u00e1usula acordada con el FMI de que puede subir el gasto social.<\/p>\n<\/div>\n<\/div>\n<div class=\"oasis-despues-del-contenido\" id=\"oasis-1073033218\"><img loading=\"lazy\" decoding=\"async\" src=\"https:\/\/oasisfm935.com.ar\/site\/wp-content\/uploads\/2020\/08\/47806202-8741-49f2-a5c9-d2f930e5baa1.jpg\" alt=\"\"  srcset=\"https:\/\/oasisfm935.com.ar\/site\/wp-content\/uploads\/2020\/08\/47806202-8741-49f2-a5c9-d2f930e5baa1.jpg 1080w, https:\/\/oasisfm935.com.ar\/site\/wp-content\/uploads\/2020\/08\/47806202-8741-49f2-a5c9-d2f930e5baa1-300x300.jpg 300w, https:\/\/oasisfm935.com.ar\/site\/wp-content\/uploads\/2020\/08\/47806202-8741-49f2-a5c9-d2f930e5baa1-1024x1024.jpg 1024w, https:\/\/oasisfm935.com.ar\/site\/wp-content\/uploads\/2020\/08\/47806202-8741-49f2-a5c9-d2f930e5baa1-150x150.jpg 150w, https:\/\/oasisfm935.com.ar\/site\/wp-content\/uploads\/2020\/08\/47806202-8741-49f2-a5c9-d2f930e5baa1-768x768.jpg 768w\" sizes=\"(max-width: 1080px) 100vw, 1080px\" class=\"no-lazyload\" width=\"1080\" height=\"1080\"  style=\"display: inline-block;\" \/><\/div>","protected":false},"excerpt":{"rendered":"<p>El presidente\u00a0Mauricio Macri\u00a0anunci\u00f3 la\u00a0suba del 46% de la Asignaci\u00f3n Universal por Hijo (AUH), que hoy cobran 4 millones de beneficiarios. De acuerdo<\/p>\n","protected":false},"author":4,"featured_media":867,"comment_status":"closed","ping_status":"open","sticky":false,"template":"","format":"standard","meta":{"colormag_page_layout":"default_layout","footnotes":""},"categories":[2],"tags":[],"class_list":["post-866","post","type-post","status-publish","format-standard","has-post-thumbnail","hentry","category-noticias"],"_links":{"self":[{"href":"https:\/\/oasisfm935.com.ar\/site\/wp-json\/wp\/v2\/posts\/866","targetHints":{"allow":["GET"]}}],"collection":[{"href":"https:\/\/oasisfm935.com.ar\/site\/wp-json\/wp\/v2\/posts"}],"about":[{"href":"https:\/\/oasisfm935.com.ar\/site\/wp-json\/wp\/v2\/types\/post"}],"author":[{"embeddable":true,"href":"https:\/\/oasisfm935.com.ar\/site\/wp-json\/wp\/v2\/users\/4"}],"replies":[{"embeddable":true,"href":"https:\/\/oasisfm935.com.ar\/site\/wp-json\/wp\/v2\/comments?post=866"}],"version-history":[{"count":1,"href":"https:\/\/oasisfm935.com.ar\/site\/wp-json\/wp\/v2\/posts\/866\/revisions"}],"predecessor-version":[{"id":868,"href":"https:\/\/oasisfm935.com.ar\/site\/wp-json\/wp\/v2\/posts\/866\/revisions\/868"}],"wp:featuredmedia":[{"embeddable":true,"href":"https:\/\/oasisfm935.com.ar\/site\/wp-json\/wp\/v2\/media\/867"}],"wp:attachment":[{"href":"https:\/\/oasisfm935.com.ar\/site\/wp-json\/wp\/v2\/media?parent=866"}],"wp:term":[{"taxonomy":"category","embeddable":true,"href":"https:\/\/oasisfm935.com.ar\/site\/wp-json\/wp\/v2\/categories?post=866"},{"taxonomy":"post_tag","embeddable":true,"href":"https:\/\/oasisfm935.com.ar\/site\/wp-json\/wp\/v2\/tags?post=866"}],"curies":[{"name":"wp","href":"https:\/\/api.w.org\/{rel}","templated":true}]}}