{"id":8667,"date":"2021-01-16T11:33:24","date_gmt":"2021-01-16T14:33:24","guid":{"rendered":"http:\/\/oasisfm935.com\/site\/?p=8667"},"modified":"2021-01-16T11:40:17","modified_gmt":"2021-01-16T14:40:17","slug":"importante-trabajo-de-vialidad-urbana-en-ingeniero-luggi","status":"publish","type":"post","link":"https:\/\/oasisfm935.com.ar\/site\/importante-trabajo-de-vialidad-urbana-en-ingeniero-luggi\/","title":{"rendered":"Importante trabajo de Vialidad Urbana en Ingeniero Luggi."},"content":{"rendered":"<p>El Gobierno local comunica que vialidad urbana est\u00e1 trabajando en distintos barrios de la localidad.<\/p>\n<p>En el\u00a0 Pasaje Liniers, entre las calles Saavedra y Malvinas Argentinas, se est\u00e1 realizando\u00a0 construcci\u00f3n\u00a0 de badenes, base de tosca, pr\u00f3ximamente construcci\u00f3n de pavimento.<br \/>\nconstrucci\u00f3n de badenes.<\/p>\n<p><a href=\"http:\/\/oasisfm935.com\/site\/wp-content\/uploads\/2021\/01\/FB_IMG_1610806850926.jpg\"><img loading=\"lazy\" decoding=\"async\" class=\"alignnone size-full wp-image-8668\" src=\"http:\/\/oasisfm935.com\/site\/wp-content\/uploads\/2021\/01\/FB_IMG_1610806850926.jpg\" alt=\"\" width=\"720\" height=\"576\" srcset=\"https:\/\/oasisfm935.com.ar\/site\/wp-content\/uploads\/2021\/01\/FB_IMG_1610806850926.jpg 720w, https:\/\/oasisfm935.com.ar\/site\/wp-content\/uploads\/2021\/01\/FB_IMG_1610806850926-300x240.jpg 300w\" sizes=\"auto, (max-width: 720px) 100vw, 720px\" \/><\/a> <a href=\"http:\/\/oasisfm935.com\/site\/wp-content\/uploads\/2021\/01\/FB_IMG_1610806846561.jpg\"><img loading=\"lazy\" decoding=\"async\" class=\"alignnone size-full wp-image-8669\" src=\"http:\/\/oasisfm935.com\/site\/wp-content\/uploads\/2021\/01\/FB_IMG_1610806846561.jpg\" alt=\"\" width=\"720\" height=\"576\" srcset=\"https:\/\/oasisfm935.com.ar\/site\/wp-content\/uploads\/2021\/01\/FB_IMG_1610806846561.jpg 720w, https:\/\/oasisfm935.com.ar\/site\/wp-content\/uploads\/2021\/01\/FB_IMG_1610806846561-300x240.jpg 300w\" sizes=\"auto, (max-width: 720px) 100vw, 720px\" \/><\/a><\/p>\n<p>Tambi\u00e9n desde vialidad urbana se esta realizando un relevamiento topogr\u00e1fico de cordones existentes en el barrio Federal Techo Digno, sobre calles T.B.Matienzo y Pasaje Carre\u00f1o, para evaluar posibles soluciones en dichas calles.<\/p>\n<p>&nbsp;<\/p>\n<p>Estamos realizando colocaci\u00f3n de cord\u00f3n cuneta recuperado sobre calle J.J.Castelli entre Mariano Moreno y Tucum\u00e1n.<\/p>\n<p><a href=\"http:\/\/oasisfm935.com\/site\/wp-content\/uploads\/2021\/01\/FB_IMG_1610807366338.jpg\"><img loading=\"lazy\" decoding=\"async\" class=\"alignnone size-full wp-image-8671\" src=\"http:\/\/oasisfm935.com\/site\/wp-content\/uploads\/2021\/01\/FB_IMG_1610807366338.jpg\" alt=\"\" width=\"720\" height=\"604\" srcset=\"https:\/\/oasisfm935.com.ar\/site\/wp-content\/uploads\/2021\/01\/FB_IMG_1610807366338.jpg 720w, https:\/\/oasisfm935.com.ar\/site\/wp-content\/uploads\/2021\/01\/FB_IMG_1610807366338-300x252.jpg 300w\" sizes=\"auto, (max-width: 720px) 100vw, 720px\" \/><\/a> <a href=\"http:\/\/oasisfm935.com\/site\/wp-content\/uploads\/2021\/01\/FB_IMG_1610807361988.jpg\"><img loading=\"lazy\" decoding=\"async\" class=\"alignnone size-full wp-image-8672\" src=\"http:\/\/oasisfm935.com\/site\/wp-content\/uploads\/2021\/01\/FB_IMG_1610807361988.jpg\" alt=\"\" width=\"720\" height=\"604\" srcset=\"https:\/\/oasisfm935.com.ar\/site\/wp-content\/uploads\/2021\/01\/FB_IMG_1610807361988.jpg 720w, https:\/\/oasisfm935.com.ar\/site\/wp-content\/uploads\/2021\/01\/FB_IMG_1610807361988-300x252.jpg 300w\" sizes=\"auto, (max-width: 720px) 100vw, 720px\" \/><\/a><\/p>\n<p>Desde vialidad Urbana destacaron seguimos mejorando los servicios para nuestros vecinos y vecinas.<\/p>\n<p>&nbsp;<\/p>\n<p>&nbsp;<\/p>\n<div class=\"oasis-despues-del-contenido\" id=\"oasis-3995698126\"><img loading=\"lazy\" decoding=\"async\" src=\"https:\/\/oasisfm935.com.ar\/site\/wp-content\/uploads\/2020\/08\/47806202-8741-49f2-a5c9-d2f930e5baa1.jpg\" alt=\"\"  srcset=\"https:\/\/oasisfm935.com.ar\/site\/wp-content\/uploads\/2020\/08\/47806202-8741-49f2-a5c9-d2f930e5baa1.jpg 1080w, https:\/\/oasisfm935.com.ar\/site\/wp-content\/uploads\/2020\/08\/47806202-8741-49f2-a5c9-d2f930e5baa1-300x300.jpg 300w, https:\/\/oasisfm935.com.ar\/site\/wp-content\/uploads\/2020\/08\/47806202-8741-49f2-a5c9-d2f930e5baa1-1024x1024.jpg 1024w, https:\/\/oasisfm935.com.ar\/site\/wp-content\/uploads\/2020\/08\/47806202-8741-49f2-a5c9-d2f930e5baa1-150x150.jpg 150w, https:\/\/oasisfm935.com.ar\/site\/wp-content\/uploads\/2020\/08\/47806202-8741-49f2-a5c9-d2f930e5baa1-768x768.jpg 768w\" sizes=\"(max-width: 1080px) 100vw, 1080px\" class=\"no-lazyload\" width=\"1080\" height=\"1080\"  style=\"display: inline-block;\" \/><\/div>","protected":false},"excerpt":{"rendered":"<p>El Gobierno local comunica que vialidad urbana est\u00e1 trabajando en distintos barrios de la localidad. En el\u00a0 Pasaje Liniers, entre las calles<\/p>\n","protected":false},"author":4,"featured_media":8673,"comment_status":"closed","ping_status":"open","sticky":false,"template":"","format":"standard","meta":{"colormag_page_layout":"default_layout","footnotes":""},"categories":[2],"tags":[],"class_list":["post-8667","post","type-post","status-publish","format-standard","has-post-thumbnail","hentry","category-noticias"],"_links":{"self":[{"href":"https:\/\/oasisfm935.com.ar\/site\/wp-json\/wp\/v2\/posts\/8667","targetHints":{"allow":["GET"]}}],"collection":[{"href":"https:\/\/oasisfm935.com.ar\/site\/wp-json\/wp\/v2\/posts"}],"about":[{"href":"https:\/\/oasisfm935.com.ar\/site\/wp-json\/wp\/v2\/types\/post"}],"author":[{"embeddable":true,"href":"https:\/\/oasisfm935.com.ar\/site\/wp-json\/wp\/v2\/users\/4"}],"replies":[{"embeddable":true,"href":"https:\/\/oasisfm935.com.ar\/site\/wp-json\/wp\/v2\/comments?post=8667"}],"version-history":[{"count":2,"href":"https:\/\/oasisfm935.com.ar\/site\/wp-json\/wp\/v2\/posts\/8667\/revisions"}],"predecessor-version":[{"id":8675,"href":"https:\/\/oasisfm935.com.ar\/site\/wp-json\/wp\/v2\/posts\/8667\/revisions\/8675"}],"wp:featuredmedia":[{"embeddable":true,"href":"https:\/\/oasisfm935.com.ar\/site\/wp-json\/wp\/v2\/media\/8673"}],"wp:attachment":[{"href":"https:\/\/oasisfm935.com.ar\/site\/wp-json\/wp\/v2\/media?parent=8667"}],"wp:term":[{"taxonomy":"category","embeddable":true,"href":"https:\/\/oasisfm935.com.ar\/site\/wp-json\/wp\/v2\/categories?post=8667"},{"taxonomy":"post_tag","embeddable":true,"href":"https:\/\/oasisfm935.com.ar\/site\/wp-json\/wp\/v2\/tags?post=8667"}],"curies":[{"name":"wp","href":"https:\/\/api.w.org\/{rel}","templated":true}]}}