{"id":8686,"date":"2021-01-21T13:45:14","date_gmt":"2021-01-21T16:45:14","guid":{"rendered":"http:\/\/oasisfm935.com\/site\/?p=8686"},"modified":"2021-01-21T13:45:14","modified_gmt":"2021-01-21T16:45:14","slug":"la-pampa-el-industrial-hoy-tiene-miedo-de-tomar-personal","status":"publish","type":"post","link":"https:\/\/oasisfm935.com.ar\/site\/la-pampa-el-industrial-hoy-tiene-miedo-de-tomar-personal\/","title":{"rendered":"La Pampa: \u00abEl industrial hoy tiene miedo de tomar personal\u00bb"},"content":{"rendered":"<p>El presidente de UNILPa,\u00a0<strong>Rub\u00e9n Gorordo,<\/strong>\u00a0consider\u00f3 \u00abpositiva\u00bb la pr\u00f3rroga de tres meses del vencimiento de los cr\u00e9ditos a tasa cero del BLP.\u00a0<strong>Reclam\u00f3 una rebaja del costo laboral y que el gobierno provincial incremente la tasa subsidiada del Compre Pampeano.<\/strong><\/p>\n<p>\u00abEl industrial hoy tiene miedo de tomar personal\u00bb, afirm\u00f3 el presidente de la Uni\u00f3n Industrial de La Pampa, Rub\u00e9n Gorordo, en el marco de la pandemia del coronavirus y de un planteo de modificaciones de las leyes para bajar el costo laboral que la entidad llev\u00f3 al gobierno provincial por estos d\u00edas.<\/p>\n<p>Gorordo tambi\u00e9n pidi\u00f3 que el gobierno provincial repita la experiencia del a\u00f1o pasado, cuando increment\u00f3 el subsidio a las tasas del Compre Pampeano para la expoagro, como una forma de apuntar a un crecimiento de la actividad este a\u00f1o. \u00abTiene que ser mejor que el 2020. Creemos que en 2021 tiene que venir una mejor\u00eda, un crecimiento, no s\u00e9 en qu\u00e9 porcentaje, pero tiene que ser mejor que el 2020, seguro\u00bb, estim\u00f3.<\/p>\n<p>Por otra parte, el empresario rescat\u00f3 que para el sector fue \u00abuna buena salida haber corrido tres meses\u00bb el vencimiento de los cr\u00e9ditos a tasa cero que el BLP dio el a\u00f1o pasado para pagar sueldos, porque \u00absiempre sobre fin de a\u00f1o, que hay que pagar aguinaldo, se hace m\u00e1s cuesta arriba\u00bb.\u00a0\u00abLa medida es positiva\u00bb, reconoci\u00f3.<\/p>\n<p>El industrial asegur\u00f3\u00a0 que \u00abla mayor\u00eda\u00bb de las empresas bancarizadas con el Banco de La Pampa \u00abtom\u00f3 esta l\u00ednea\u00bb. \u00abEl que ten\u00eda acceso, la tom\u00f3. Todas estas medidas sirven\u00bb.<\/p>\n<p>&nbsp;<\/p>\n<p>Pedido por Compre Pampeano<\/p>\n<p>Gorordo confi\u00f3 que esta semana hubo una reuni\u00f3n por zoom en UNILPa y se resolvi\u00f3 pedir una reuni\u00f3n con el ministro de la Producci\u00f3n, Ricardo Moralejo, para solicitar que se implemente un incremento de la tasa subsidiada del Compre Pampeano en alg\u00fan momento puntual del a\u00f1o.<\/p>\n<p>\u00abQueremos ver en qu\u00e9 momento del a\u00f1o la pueden aumentar. Es una herramienta importante. El a\u00f1o pasado se hizo para la expoagro y muchas empresas trabajamos atr\u00e1s de esa l\u00ednea durante gran parte del a\u00f1o\u00bb, confi\u00f3.<\/p>\n<p>\u00abEso fue antes de la pandemia, en al expoagro tuvimos una tasa subsidiada de 23 puntos, que sirvi\u00f3 porque parte de la pandemia la industria la pas\u00f3 apoyada en esos cr\u00e9ditos que fueron muy beneficiosos\u00bb, complet\u00f3.<\/p>\n<p>Gorordo asegur\u00f3 que \u00abcuando sale una medida de esas, la industria camina, tracciona\u00bb.<\/p>\n<p>&nbsp;<\/p>\n<p>Bajar costo laboral<\/p>\n<p>Por otra parte, el industrial inform\u00f3 que plantear\u00e1n al gobierno provincial la adhesi\u00f3n a leyes laborales nacionales que prev\u00e9n una baja de costos, por ejemplo, en la contrataci\u00f3n de las ART de los trabajadores. \u00abVarias provincias adhirieron y est\u00e1n teniendo buenos resultados\u00bb, asever\u00f3.<\/p>\n<p>\u00abNo hay crecimiento de puestos laborales. La industria tiene miedo. Hay que trabajar para cambiar la ley laboral para el beneficio de ambas partes. El gobernador quiere que la industria no pare. Son cosas que hay que trabajar porque este a\u00f1o tiene que haber un crecimiento\u00bb, se\u00f1al\u00f3.<\/p>\n<p>Gorordo se quej\u00f3 por la vigencia de la doble indemnizaci\u00f3n, los costos de la ART y otros cambios para bajar los costos laborales. \u00abEsto nos llevar\u00eda a poder tomas m\u00e1s puestos de trabajo, a incorporar m\u00e1s gente, con menos temores\u00bb, estim\u00f3.<\/p>\n<p>\u00abEl industrial le tiene miedo un poco a c\u00f3mo viene el a\u00f1o productivo y a embarcarse en algo que despu\u00e9s es costoso salir\u00bb, justific\u00f3.<\/p>\n<p>El empresario de Luiggi manifest\u00f3 que el a\u00f1o pasado fue \u00abmuy complejo, no hubo crecimiento, todo el mundo estuvo contento con mantener su industria en pie con los subsidios de tasas, el traslado de facturas de pago y todo eso, que sirvi\u00f3\u00bb.<\/p>\n<p>\u00abPero la idea este a\u00f1o es que haya un crecimiento. Tuvimos que aprender a comercializar distinto, no est\u00e1bamos acostumbrados, todo por mail o internet. Hubo una adaptaci\u00f3n r\u00e1pida. La pandemia nos hizo acelerar esa tendencia\u00bb, cont\u00f3.<\/p>\n<p>&nbsp;<\/p>\n<p>Puestos de trabajo<\/p>\n<p>El presidente de UNILPa coment\u00f3 que las empresas pampeanas \u00abtrataron de mantener los puestos laborales de cualquiera manera y no hubo bajas importantes\u00bb y destac\u00f3 que los trabajadores \u00absupieron entender\u00bb la necesidad de aplicar los protocolos para mantener la actividad.<\/p>\n<p>Por otra parte, dijo que los programas para nuevos empleos y subsidios provinciales por un tiempo \u00abest\u00e1n\u00bb aunque aclar\u00f3 que los empresarios deber\u00edan \u00abasesorarse mejor\u00bb para utilizarlos.<\/p>\n<p>\u00abEl industrial hoy tampoco quiere tomar mucho personal. Hay recelo. Le tiene temor a c\u00f3mo viene el a\u00f1o, como se resuelve todo esto de la pandemia.\u00a0Ojal\u00e1 nos podamos vacunar todos y r\u00e1pido para volver a la normalidad\u00bb,<\/p>\n<p>\u00abYo me cargo de personal y ma\u00f1ana tengo que cerrar tres meses. Eso lleva a un problema donde hoy no lo tengo. Son temores que todos tenemos\u00bb, confi\u00f3.<\/p>\n<p>\u00abEl d\u00eda a d\u00eda lo vamos superando, con los protocolos no hemos tenido problemas, hemos podido salir bien. La idea es seguir creciendo y lo que vemos es que este 2021 tiene que ser un a\u00f1o mejor, m\u00e1s positivo y de crecimiento seguro del industrial\u00bb, dijo.<\/p>\n<div class=\"oasis-despues-del-contenido\" id=\"oasis-4247895758\"><img loading=\"lazy\" decoding=\"async\" src=\"https:\/\/oasisfm935.com.ar\/site\/wp-content\/uploads\/2020\/08\/47806202-8741-49f2-a5c9-d2f930e5baa1.jpg\" alt=\"\"  srcset=\"https:\/\/oasisfm935.com.ar\/site\/wp-content\/uploads\/2020\/08\/47806202-8741-49f2-a5c9-d2f930e5baa1.jpg 1080w, https:\/\/oasisfm935.com.ar\/site\/wp-content\/uploads\/2020\/08\/47806202-8741-49f2-a5c9-d2f930e5baa1-300x300.jpg 300w, https:\/\/oasisfm935.com.ar\/site\/wp-content\/uploads\/2020\/08\/47806202-8741-49f2-a5c9-d2f930e5baa1-1024x1024.jpg 1024w, https:\/\/oasisfm935.com.ar\/site\/wp-content\/uploads\/2020\/08\/47806202-8741-49f2-a5c9-d2f930e5baa1-150x150.jpg 150w, https:\/\/oasisfm935.com.ar\/site\/wp-content\/uploads\/2020\/08\/47806202-8741-49f2-a5c9-d2f930e5baa1-768x768.jpg 768w\" sizes=\"(max-width: 1080px) 100vw, 1080px\" class=\"no-lazyload\" width=\"1080\" height=\"1080\"  style=\"display: inline-block;\" \/><\/div>","protected":false},"excerpt":{"rendered":"<p>El presidente de UNILPa,\u00a0Rub\u00e9n Gorordo,\u00a0consider\u00f3 \u00abpositiva\u00bb la pr\u00f3rroga de tres meses del vencimiento de los cr\u00e9ditos a tasa cero del BLP.\u00a0Reclam\u00f3 una<\/p>\n","protected":false},"author":4,"featured_media":8687,"comment_status":"closed","ping_status":"open","sticky":false,"template":"","format":"standard","meta":{"colormag_page_layout":"default_layout","footnotes":""},"categories":[2],"tags":[],"class_list":["post-8686","post","type-post","status-publish","format-standard","has-post-thumbnail","hentry","category-noticias"],"_links":{"self":[{"href":"https:\/\/oasisfm935.com.ar\/site\/wp-json\/wp\/v2\/posts\/8686","targetHints":{"allow":["GET"]}}],"collection":[{"href":"https:\/\/oasisfm935.com.ar\/site\/wp-json\/wp\/v2\/posts"}],"about":[{"href":"https:\/\/oasisfm935.com.ar\/site\/wp-json\/wp\/v2\/types\/post"}],"author":[{"embeddable":true,"href":"https:\/\/oasisfm935.com.ar\/site\/wp-json\/wp\/v2\/users\/4"}],"replies":[{"embeddable":true,"href":"https:\/\/oasisfm935.com.ar\/site\/wp-json\/wp\/v2\/comments?post=8686"}],"version-history":[{"count":1,"href":"https:\/\/oasisfm935.com.ar\/site\/wp-json\/wp\/v2\/posts\/8686\/revisions"}],"predecessor-version":[{"id":8688,"href":"https:\/\/oasisfm935.com.ar\/site\/wp-json\/wp\/v2\/posts\/8686\/revisions\/8688"}],"wp:featuredmedia":[{"embeddable":true,"href":"https:\/\/oasisfm935.com.ar\/site\/wp-json\/wp\/v2\/media\/8687"}],"wp:attachment":[{"href":"https:\/\/oasisfm935.com.ar\/site\/wp-json\/wp\/v2\/media?parent=8686"}],"wp:term":[{"taxonomy":"category","embeddable":true,"href":"https:\/\/oasisfm935.com.ar\/site\/wp-json\/wp\/v2\/categories?post=8686"},{"taxonomy":"post_tag","embeddable":true,"href":"https:\/\/oasisfm935.com.ar\/site\/wp-json\/wp\/v2\/tags?post=8686"}],"curies":[{"name":"wp","href":"https:\/\/api.w.org\/{rel}","templated":true}]}}