{"id":869,"date":"2019-03-01T14:51:42","date_gmt":"2019-03-01T17:51:42","guid":{"rendered":"http:\/\/oasisfm935.com\/site\/?p=869"},"modified":"2019-03-01T15:04:01","modified_gmt":"2019-03-01T18:04:01","slug":"macri-priorizo-el-relato-y-no-la-realidad-que-golpea-a-los-argentinos","status":"publish","type":"post","link":"https:\/\/oasisfm935.com.ar\/site\/macri-priorizo-el-relato-y-no-la-realidad-que-golpea-a-los-argentinos\/","title":{"rendered":"\u201cMacri prioriz\u00f3 el relato y no la realidad que golpea a los argentinos\u201d"},"content":{"rendered":"<p>&nbsp;<\/p>\n<p>El diputado nacional y candidato a Gobernador por el Frente Justicialista Pampeano, Sergio Ziliotto, expres\u00f3 su preocupaci\u00f3n por el discurso que el Presidente Macri dio en la apertura de sesiones ordinarias del Congreso Nacional. \u201cPrioriza el relato de \u2018Cambiemos\u2019 y no la realidad que d\u00eda a d\u00eda golpea a los argentinos\u201d dijo Ziliotto y advirti\u00f3 que \u201ctodos los \u00edndices son negativos para el ciudadano com\u00fan, mientras que los amigos empresarios del Presidente ganan cada d\u00eda m\u00e1s\u201d.<\/p>\n<p>Ziliotto no ocult\u00f3 su molestia ante lo dicho por el presidente Mauricio Macri durante su discurso de apertura de las sesiones ordinarias del Congreso de la Naci\u00f3n, \u201cen ning\u00fan momento se refiri\u00f3 a los problemas que aquejan a los argentinos diariamente. No habl\u00f3 de inflaci\u00f3n, ni de la ca\u00edda del poder adquisitivo del salario, tampoco le dedic\u00f3 un p\u00e1rrafo al desplome estrepitoso de las econom\u00edas regionales producto del estancamiento de la econom\u00eda, en definitiva no dio una sola se\u00f1al de esperanza a los argentinos que sufren las nefastas consecuencias del gobierno de Cambiemos\u201d.<\/p>\n<p>\u201cLa esperanza es que Macri termina su mandato en diciembre\u201d se\u00f1al\u00f3 el candidato a gobernador del Frente Justicialista Pampeano y ratific\u00f3 que mientas el presidente \u201chabl\u00f3 de logros, a La Pampa solo le lleg\u00f3 inflaci\u00f3n, desocupaci\u00f3n\u201d, destacando que \u201csolo el esfuerzo del gobierno provincial logra atenuar los efectos de pol\u00edticas libradas al mercado, donde el Estado nacional permanece ausente ante las necesidades de los sectores m\u00e1s vulnerables\u201d.<\/p>\n<p>Ziliotto se refiri\u00f3 tambi\u00e9n a la frase del presidente Macri en la que asegur\u00f3 que Argentina est\u00e1 llegando con trabajo al mundo, \u201cpareciera que vive en una realidad virtual, porque todo el mundo sabe que cierran PyMES, las grandes empresas licencian personal y el panorama que se vislumbra es que estas situaciones se multipliquen, porque la econom\u00eda se estanca cada d\u00eda m\u00e1s, tenemos un 48 % de inflaci\u00f3n y el riesgo pa\u00eds super\u00f3 los 800 puntos lo que hace que la famosa lluvia de inversiones no llegue\u201d.<\/p>\n<p>No dudo en calificar el discurso presidencial como \u201cun lanzamiento de campa\u00f1a de alguien que desconoce la realidad\u201d y record\u00f3 que en su momento Macri \u201cdijo que su proyecto era pobreza cero y hoy nos duele conocer que hay 400 mil nuevos chicos con hambre en el pa\u00eds\u201d.<\/p>\n<p>Finalmente Ziliotto precis\u00f3 que \u201choy la Argentina es el pa\u00eds m\u00e1s endeudado de la regi\u00f3n\u201d y uno de los efectos que eso produce es \u201cla desinversi\u00f3n en aspectos que afectan directamente a los m\u00e1s j\u00f3venes. En educaci\u00f3n la inversi\u00f3n cay\u00f3 un 9 % y eso sin lugar a dudas no contribuye a la calidad. Lo que est\u00e1 haciendo el gobierno de Cambiemos es hipotecar el futuro y eso es algo que no podemos darnos el lujo de permitir\u201d.<\/p>\n<div class=\"oasis-despues-del-contenido\" id=\"oasis-2828476373\"><img loading=\"lazy\" decoding=\"async\" src=\"https:\/\/oasisfm935.com.ar\/site\/wp-content\/uploads\/2020\/08\/47806202-8741-49f2-a5c9-d2f930e5baa1.jpg\" alt=\"\"  srcset=\"https:\/\/oasisfm935.com.ar\/site\/wp-content\/uploads\/2020\/08\/47806202-8741-49f2-a5c9-d2f930e5baa1.jpg 1080w, https:\/\/oasisfm935.com.ar\/site\/wp-content\/uploads\/2020\/08\/47806202-8741-49f2-a5c9-d2f930e5baa1-300x300.jpg 300w, https:\/\/oasisfm935.com.ar\/site\/wp-content\/uploads\/2020\/08\/47806202-8741-49f2-a5c9-d2f930e5baa1-1024x1024.jpg 1024w, https:\/\/oasisfm935.com.ar\/site\/wp-content\/uploads\/2020\/08\/47806202-8741-49f2-a5c9-d2f930e5baa1-150x150.jpg 150w, https:\/\/oasisfm935.com.ar\/site\/wp-content\/uploads\/2020\/08\/47806202-8741-49f2-a5c9-d2f930e5baa1-768x768.jpg 768w\" sizes=\"(max-width: 1080px) 100vw, 1080px\" class=\"no-lazyload\" width=\"1080\" height=\"1080\"  style=\"display: inline-block;\" \/><\/div>","protected":false},"excerpt":{"rendered":"<p>&nbsp; El diputado nacional y candidato a Gobernador por el Frente Justicialista Pampeano, Sergio Ziliotto, expres\u00f3 su preocupaci\u00f3n por el discurso que<\/p>\n","protected":false},"author":4,"featured_media":873,"comment_status":"closed","ping_status":"open","sticky":false,"template":"","format":"standard","meta":{"colormag_page_layout":"default_layout","footnotes":""},"categories":[2],"tags":[],"class_list":["post-869","post","type-post","status-publish","format-standard","has-post-thumbnail","hentry","category-noticias"],"_links":{"self":[{"href":"https:\/\/oasisfm935.com.ar\/site\/wp-json\/wp\/v2\/posts\/869","targetHints":{"allow":["GET"]}}],"collection":[{"href":"https:\/\/oasisfm935.com.ar\/site\/wp-json\/wp\/v2\/posts"}],"about":[{"href":"https:\/\/oasisfm935.com.ar\/site\/wp-json\/wp\/v2\/types\/post"}],"author":[{"embeddable":true,"href":"https:\/\/oasisfm935.com.ar\/site\/wp-json\/wp\/v2\/users\/4"}],"replies":[{"embeddable":true,"href":"https:\/\/oasisfm935.com.ar\/site\/wp-json\/wp\/v2\/comments?post=869"}],"version-history":[{"count":2,"href":"https:\/\/oasisfm935.com.ar\/site\/wp-json\/wp\/v2\/posts\/869\/revisions"}],"predecessor-version":[{"id":874,"href":"https:\/\/oasisfm935.com.ar\/site\/wp-json\/wp\/v2\/posts\/869\/revisions\/874"}],"wp:featuredmedia":[{"embeddable":true,"href":"https:\/\/oasisfm935.com.ar\/site\/wp-json\/wp\/v2\/media\/873"}],"wp:attachment":[{"href":"https:\/\/oasisfm935.com.ar\/site\/wp-json\/wp\/v2\/media?parent=869"}],"wp:term":[{"taxonomy":"category","embeddable":true,"href":"https:\/\/oasisfm935.com.ar\/site\/wp-json\/wp\/v2\/categories?post=869"},{"taxonomy":"post_tag","embeddable":true,"href":"https:\/\/oasisfm935.com.ar\/site\/wp-json\/wp\/v2\/tags?post=869"}],"curies":[{"name":"wp","href":"https:\/\/api.w.org\/{rel}","templated":true}]}}