{"id":8697,"date":"2021-01-23T09:26:54","date_gmt":"2021-01-23T12:26:54","guid":{"rendered":"http:\/\/oasisfm935.com\/site\/?p=8697"},"modified":"2021-01-23T09:26:54","modified_gmt":"2021-01-23T12:26:54","slug":"embajador-martini-la-policia-y-salud-publica-auxiliaron-a-un-joven-de-luiggi-que-cayo-de-su-moto","status":"publish","type":"post","link":"https:\/\/oasisfm935.com.ar\/site\/embajador-martini-la-policia-y-salud-publica-auxiliaron-a-un-joven-de-luiggi-que-cayo-de-su-moto\/","title":{"rendered":"EMBAJADOR MARTINI: LA POLIC\u00cdA Y SALUD PUBLICA AUXILIARON A UN JOVEN DE LUIGGI QUE CAY\u00d3 DE SU MOTO."},"content":{"rendered":"<p>&nbsp;<\/p>\n<p>La informaci\u00f3n brindada por el Of. Principal Nestor Klundt data a este medio que siendo la hora 20:00 reciben un llamado constatando la ca\u00edda de un joven de su propia moto en la ruta nacional 35 casi intersecci\u00f3n con ruta provincial 2 la cu\u00e1l conecta al Este con la localidad de Alta Italia km 471.<\/p>\n<p>Al parecer el joven de 33 a\u00f1os oriundo de Ingeniero Luiggi pero radicado actualmente en General Pico, se movilizaba en una moto Benelli 250 cm3 de Este a Oeste. Una vez que llega al empalme con la ruta 35 gira hacia la izquierda y se le desliza la moto sobre la banquina Oeste cayendo el masculino en la misma banquina producto de las piedras y arenas que se encuentran en un estilo de darsena.<\/p>\n<p>Producto del accidente sufri\u00f3 heridas leves en la pierna izquierda sufriendo un corte en la rodilla y algunos hematomas.<\/p>\n<p><a href=\"http:\/\/oasisfm935.com\/site\/wp-content\/uploads\/2021\/01\/FB_IMG_1611404638056.jpg\"><img loading=\"lazy\" decoding=\"async\" class=\"alignnone size-full wp-image-8698\" src=\"http:\/\/oasisfm935.com\/site\/wp-content\/uploads\/2021\/01\/FB_IMG_1611404638056.jpg\" alt=\"\" width=\"720\" height=\"884\" srcset=\"https:\/\/oasisfm935.com.ar\/site\/wp-content\/uploads\/2021\/01\/FB_IMG_1611404638056.jpg 720w, https:\/\/oasisfm935.com.ar\/site\/wp-content\/uploads\/2021\/01\/FB_IMG_1611404638056-244x300.jpg 244w\" sizes=\"auto, (max-width: 720px) 100vw, 720px\" \/><\/a><br \/>\nAl lugar arribo una ambulancia del Centro Asistencial Samuel Halfon quienes deribaron al joven hacia el nosocomio local para las curaciones correspondientes.<\/p>\n<p>En el lugar tambi\u00e9n trabajo personal policial bajo las \u00f3rdenes del of. Principal Nestor Klundt.<\/p>\n<p>Cadena Energy Juan cruz vernetti<\/p>\n<div class=\"oasis-despues-del-contenido\" id=\"oasis-3660151807\"><img loading=\"lazy\" decoding=\"async\" src=\"https:\/\/oasisfm935.com.ar\/site\/wp-content\/uploads\/2020\/08\/47806202-8741-49f2-a5c9-d2f930e5baa1.jpg\" alt=\"\"  srcset=\"https:\/\/oasisfm935.com.ar\/site\/wp-content\/uploads\/2020\/08\/47806202-8741-49f2-a5c9-d2f930e5baa1.jpg 1080w, https:\/\/oasisfm935.com.ar\/site\/wp-content\/uploads\/2020\/08\/47806202-8741-49f2-a5c9-d2f930e5baa1-300x300.jpg 300w, https:\/\/oasisfm935.com.ar\/site\/wp-content\/uploads\/2020\/08\/47806202-8741-49f2-a5c9-d2f930e5baa1-1024x1024.jpg 1024w, https:\/\/oasisfm935.com.ar\/site\/wp-content\/uploads\/2020\/08\/47806202-8741-49f2-a5c9-d2f930e5baa1-150x150.jpg 150w, https:\/\/oasisfm935.com.ar\/site\/wp-content\/uploads\/2020\/08\/47806202-8741-49f2-a5c9-d2f930e5baa1-768x768.jpg 768w\" sizes=\"(max-width: 1080px) 100vw, 1080px\" class=\"no-lazyload\" width=\"1080\" height=\"1080\"  style=\"display: inline-block;\" \/><\/div>","protected":false},"excerpt":{"rendered":"<p>&nbsp; La informaci\u00f3n brindada por el Of. Principal Nestor Klundt data a este medio que siendo la hora 20:00 reciben un llamado<\/p>\n","protected":false},"author":4,"featured_media":8699,"comment_status":"closed","ping_status":"open","sticky":false,"template":"","format":"standard","meta":{"colormag_page_layout":"default_layout","footnotes":""},"categories":[2],"tags":[],"class_list":["post-8697","post","type-post","status-publish","format-standard","has-post-thumbnail","hentry","category-noticias"],"_links":{"self":[{"href":"https:\/\/oasisfm935.com.ar\/site\/wp-json\/wp\/v2\/posts\/8697","targetHints":{"allow":["GET"]}}],"collection":[{"href":"https:\/\/oasisfm935.com.ar\/site\/wp-json\/wp\/v2\/posts"}],"about":[{"href":"https:\/\/oasisfm935.com.ar\/site\/wp-json\/wp\/v2\/types\/post"}],"author":[{"embeddable":true,"href":"https:\/\/oasisfm935.com.ar\/site\/wp-json\/wp\/v2\/users\/4"}],"replies":[{"embeddable":true,"href":"https:\/\/oasisfm935.com.ar\/site\/wp-json\/wp\/v2\/comments?post=8697"}],"version-history":[{"count":1,"href":"https:\/\/oasisfm935.com.ar\/site\/wp-json\/wp\/v2\/posts\/8697\/revisions"}],"predecessor-version":[{"id":8700,"href":"https:\/\/oasisfm935.com.ar\/site\/wp-json\/wp\/v2\/posts\/8697\/revisions\/8700"}],"wp:featuredmedia":[{"embeddable":true,"href":"https:\/\/oasisfm935.com.ar\/site\/wp-json\/wp\/v2\/media\/8699"}],"wp:attachment":[{"href":"https:\/\/oasisfm935.com.ar\/site\/wp-json\/wp\/v2\/media?parent=8697"}],"wp:term":[{"taxonomy":"category","embeddable":true,"href":"https:\/\/oasisfm935.com.ar\/site\/wp-json\/wp\/v2\/categories?post=8697"},{"taxonomy":"post_tag","embeddable":true,"href":"https:\/\/oasisfm935.com.ar\/site\/wp-json\/wp\/v2\/tags?post=8697"}],"curies":[{"name":"wp","href":"https:\/\/api.w.org\/{rel}","templated":true}]}}