{"id":8703,"date":"2021-01-25T18:08:13","date_gmt":"2021-01-25T21:08:13","guid":{"rendered":"http:\/\/oasisfm935.com\/site\/?p=8703"},"modified":"2021-01-25T18:08:57","modified_gmt":"2021-01-25T21:08:57","slug":"ingeniero-luiggi-por-el-alto-consumo-de-electricidad-hubo-cortes-de-luz-en-luiggi-y-embajador-martini","status":"publish","type":"post","link":"https:\/\/oasisfm935.com.ar\/site\/ingeniero-luiggi-por-el-alto-consumo-de-electricidad-hubo-cortes-de-luz-en-luiggi-y-embajador-martini\/","title":{"rendered":"Ingeniero Luiggi: Por el alto consumo de electricidad, hubo cortes de luz en Luiggi y Embajador Martini."},"content":{"rendered":"<p>El corte de luz que afecto a una parte de los barrios de Ingeniero Luiggi y de Embajador Martini se debieron a sobrecargas en toda la provincia debido al alto consumo por la ola de calor.<\/p>\n<p>Por tal motivo recomendamos hacer uso racional de la energ\u00eda.<\/p>\n<p><img decoding=\"async\" src=\"https:\/\/scontent.frsa4-1.fna.fbcdn.net\/v\/t1.0-9\/142419676_4926394044099604_8530226752226394371_o.jpg?_nc_cat=107&amp;ccb=2&amp;_nc_sid=730e14&amp;_nc_eui2=AeGozlGkISM8F1tj_JcuflpQkYsbWUMHHo6RixtZQwcejqfYPm21UbZDcPNGUVT3FfhpzAgZocNHEdyt88f-FkJX&amp;_nc_ohc=QUgKPPQr7ksAX_8kh4B&amp;_nc_ht=scontent.frsa4-1.fna&amp;oh=b9536bc5e11106b1017ff3a2e981f7c9&amp;oe=60351EF9\" alt=\"La imagen puede contener: texto que dice &quot;\u00a1ATENCION! Informaci\u00f3n sobre Cortes de Energ\u00eda: Esta tarde los cortes se debieron a sobrecargas en toda la provincia debido al alto consuma por la ola de calor. Por tal motivo recomendamos hacer uso racional de la energ\u00eda.&quot;\" \/><\/p>\n<div class=\"kvgmc6g5 cxmmr5t8 oygrvhab hcukyx3x c1et5uql ii04i59q\">\n<div dir=\"auto\"><strong>AHORRAR ENERG\u00cdA<\/strong><\/div>\n<div dir=\"auto\"><\/div>\n<div dir=\"auto\">En tu aire acondicionado: En verano, al usar el aire acondicionado ajustar el termostato a 24 \u00b0C porque los ambientes no se enfriaran m\u00e1s r\u00e1pido aunque bajemos m\u00e1s la temperatura. Adem\u00e1s ser\u00e1 un gasto innecesario de energ\u00eda. Cada grado de diferencia supone un ahorro de un 8% de energ\u00eda.<\/div>\n<div dir=\"auto\"><\/div>\n<div dir=\"auto\">\u2022 Los sistemas evaporativos est\u00e1n pensados para refrescar el ambiente unos pocos grados, y adem\u00e1s, su consumo es muy bajo.<\/div>\n<div dir=\"auto\">\u2022 En determinados lugares, un ventilador, preferentemente de techo, puede ser suficiente para mantener un adecuado confort. Estos producen una sensaci\u00f3n de descenso de la temperatura de entre 3 y 5 \u00baC.<\/div>\n<div dir=\"auto\"><\/div>\n<div dir=\"auto\">\u2022 Limpiar los filtros cada temporada, cuando est\u00e1n sucios el equipo debe funcionar por m\u00e1s tiempo para obtener el mismo resultado que con los filtros limpios.<\/div>\n<div dir=\"auto\"><\/div>\n<div dir=\"auto\"><strong>*Fuente: Subsecretar\u00eda de Ahorro y Eficiencia Energ\u00e9tica. Gob. Nacional.<\/strong><\/div>\n<div dir=\"auto\"><\/div>\n<\/div>\n<div class=\"o9v6fnle cxmmr5t8 oygrvhab hcukyx3x c1et5uql ii04i59q\">\n<div dir=\"auto\">Hacer un uso responsable de la energ\u00eda te ayuda a ahorrar dinero en tus facturas de electricidad y tambi\u00e9n contribu\u00eds a la reducci\u00f3n de gases de efecto invernadero. Cuidar la energ\u00eda en nuestros hogares es una tarea que est\u00e1 al alcance de todos nosotros; tan solo debemos realizar peque\u00f1as modificaciones en nuestros h\u00e1bitos diarios<\/div>\n<\/div>\n<div class=\"oasis-despues-del-contenido\" id=\"oasis-1208082834\"><img loading=\"lazy\" decoding=\"async\" src=\"https:\/\/oasisfm935.com.ar\/site\/wp-content\/uploads\/2020\/08\/47806202-8741-49f2-a5c9-d2f930e5baa1.jpg\" alt=\"\"  srcset=\"https:\/\/oasisfm935.com.ar\/site\/wp-content\/uploads\/2020\/08\/47806202-8741-49f2-a5c9-d2f930e5baa1.jpg 1080w, https:\/\/oasisfm935.com.ar\/site\/wp-content\/uploads\/2020\/08\/47806202-8741-49f2-a5c9-d2f930e5baa1-300x300.jpg 300w, https:\/\/oasisfm935.com.ar\/site\/wp-content\/uploads\/2020\/08\/47806202-8741-49f2-a5c9-d2f930e5baa1-1024x1024.jpg 1024w, https:\/\/oasisfm935.com.ar\/site\/wp-content\/uploads\/2020\/08\/47806202-8741-49f2-a5c9-d2f930e5baa1-150x150.jpg 150w, https:\/\/oasisfm935.com.ar\/site\/wp-content\/uploads\/2020\/08\/47806202-8741-49f2-a5c9-d2f930e5baa1-768x768.jpg 768w\" sizes=\"(max-width: 1080px) 100vw, 1080px\" class=\"no-lazyload\" width=\"1080\" height=\"1080\"  style=\"display: inline-block;\" \/><\/div>","protected":false},"excerpt":{"rendered":"<p>El corte de luz que afecto a una parte de los barrios de Ingeniero Luiggi y de Embajador Martini se debieron a<\/p>\n","protected":false},"author":4,"featured_media":8704,"comment_status":"closed","ping_status":"open","sticky":false,"template":"","format":"standard","meta":{"colormag_page_layout":"default_layout","footnotes":""},"categories":[2],"tags":[],"class_list":["post-8703","post","type-post","status-publish","format-standard","has-post-thumbnail","hentry","category-noticias"],"_links":{"self":[{"href":"https:\/\/oasisfm935.com.ar\/site\/wp-json\/wp\/v2\/posts\/8703","targetHints":{"allow":["GET"]}}],"collection":[{"href":"https:\/\/oasisfm935.com.ar\/site\/wp-json\/wp\/v2\/posts"}],"about":[{"href":"https:\/\/oasisfm935.com.ar\/site\/wp-json\/wp\/v2\/types\/post"}],"author":[{"embeddable":true,"href":"https:\/\/oasisfm935.com.ar\/site\/wp-json\/wp\/v2\/users\/4"}],"replies":[{"embeddable":true,"href":"https:\/\/oasisfm935.com.ar\/site\/wp-json\/wp\/v2\/comments?post=8703"}],"version-history":[{"count":2,"href":"https:\/\/oasisfm935.com.ar\/site\/wp-json\/wp\/v2\/posts\/8703\/revisions"}],"predecessor-version":[{"id":8706,"href":"https:\/\/oasisfm935.com.ar\/site\/wp-json\/wp\/v2\/posts\/8703\/revisions\/8706"}],"wp:featuredmedia":[{"embeddable":true,"href":"https:\/\/oasisfm935.com.ar\/site\/wp-json\/wp\/v2\/media\/8704"}],"wp:attachment":[{"href":"https:\/\/oasisfm935.com.ar\/site\/wp-json\/wp\/v2\/media?parent=8703"}],"wp:term":[{"taxonomy":"category","embeddable":true,"href":"https:\/\/oasisfm935.com.ar\/site\/wp-json\/wp\/v2\/categories?post=8703"},{"taxonomy":"post_tag","embeddable":true,"href":"https:\/\/oasisfm935.com.ar\/site\/wp-json\/wp\/v2\/tags?post=8703"}],"curies":[{"name":"wp","href":"https:\/\/api.w.org\/{rel}","templated":true}]}}