{"id":8709,"date":"2021-01-25T20:24:55","date_gmt":"2021-01-25T23:24:55","guid":{"rendered":"http:\/\/oasisfm935.com\/site\/?p=8709"},"modified":"2021-01-25T20:24:55","modified_gmt":"2021-01-25T23:24:55","slug":"rebajan-hasta-30-asado-vacio-matambre-y-tapa-de-asado","status":"publish","type":"post","link":"https:\/\/oasisfm935.com.ar\/site\/rebajan-hasta-30-asado-vacio-matambre-y-tapa-de-asado\/","title":{"rendered":"Rebajan hasta 30% asado, vac\u00edo, matambre y tapa de asado"},"content":{"rendered":"<p><strong>El beneficio tambi\u00e9n alcanza a la cuadrada y la carnaza, entre otros<\/strong>. En los supermercados, las ofertas estar\u00e1n disponible los fines de semana y los mi\u00e9rcoles de las primeras tres semanas de cada mes.<\/p>\n<p>La rebaja de hasta 30% en los precios comprender\u00e1 a los cortes m\u00e1s representativos de carne vacuna, entre los que se encuentran la tira de asado, el vac\u00edo, el matambre, la tapa de asado, cuadrada-bola de lomo y carnaza, anunciaron este lunes tarde las autoridades nacionales en una conferencia de prensa.<\/p>\n<p>En la rueda de prensa, realizada en Casa de Gobierno, participaron el ministro de Desarrollo Productivo, Mat\u00edas Kulfas; el titular de la cartera de Agricultura, Luis Basterra; la secretaria de Comercio Interior, Paula Espa\u00f1ol; y el empresario Ravetinno, del Consorcio de exportadores ABC.<\/p>\n<p>El Gobierno nacional anunci\u00f3 la puesta en marcha de un acuerdo de precios que comprender\u00e1 a diez cortes de carne vacuna, que se comercializar\u00e1n con valores hasta 30% menor que los promedios registrados a fines de diciembre pasado y que se extender\u00e1n hasta el 31 de marzo pr\u00f3ximo.<\/p>\n<p>En los supermercados, las ofertas estar\u00e1n disponible los fines de semana y los mi\u00e9rcoles de las primeras tres semanas de cada mes; mientras que en el Mercado Central, todos los d\u00edas.<\/p>\n<p>Por el momento se desconoce c\u00f3mo se aplicar\u00e1 el beneficio en La Pampa.<\/p>\n<p><strong>Los cortes y sus precios<\/strong><\/p>\n<p>El anuncio abarca 8 cortes, que se suman a los 2 que ya est\u00e1n presentes en el programa Precios Cuidados.<\/p>\n<p>Los cortes y sus respectivos precios son:<\/p>\n<p>Tira de asado: $399 (29% m\u00e1s bajo que en diciembre)<br \/>\nVacio: $499 (20% m\u00e1s bajo que en diciembre)<br \/>\nMatambre: $549 (13% m\u00e1s bajo que en diciembre)<br \/>\nTapa de asado: $429 (15% m\u00e1s bajo que en diciembre)<br \/>\nCuadrada\/bola de lomo: $489 (13% m\u00e1s bajo que en diciembre)<br \/>\nCarnaza: $359 (13% m\u00e1s bajo que en diciembre)<br \/>\nFalda: $229 (30% m\u00e1s bajo que en diciembre)<br \/>\nRoastbeef: $399 (12% m\u00e1s bajo que en diciembre)<\/p>\n<p>A este acuerdo, se le agregan la Carne picada y el Espinazo, vigentes en Precios Cuidados totalizando 10 cortes.<\/p>\n<p><strong>Puntos de venta<\/strong><\/p>\n<p>Inicialmente ser\u00e1n comercializados en supermercados y en el Mercado Central de Buenos Aires. Ser\u00e1n m\u00e1s de 1000 bocas de expendio en todo el pa\u00eds.<\/p>\n<p>Es un acuerdo con el consorcio de exportadores ABC (principal proveedor del canal supermercados), con las c\u00e1maras CADIF, FIFRA, UNICA y los supermercados agrupados en ASU.<\/p>\n<p><strong>D\u00edas de vigencia<\/strong><\/p>\n<p>Los fines de semana y los mi\u00e9rcoles de las primeras 3 semanas de cada mes.<\/p>\n<p>Se estima un volumen inicial de entre 5.500 y 6.000 toneladas por mes.<\/p>\n<div class=\"oasis-despues-del-contenido\" id=\"oasis-2786369551\"><img loading=\"lazy\" decoding=\"async\" src=\"https:\/\/oasisfm935.com.ar\/site\/wp-content\/uploads\/2020\/08\/47806202-8741-49f2-a5c9-d2f930e5baa1.jpg\" alt=\"\"  srcset=\"https:\/\/oasisfm935.com.ar\/site\/wp-content\/uploads\/2020\/08\/47806202-8741-49f2-a5c9-d2f930e5baa1.jpg 1080w, https:\/\/oasisfm935.com.ar\/site\/wp-content\/uploads\/2020\/08\/47806202-8741-49f2-a5c9-d2f930e5baa1-300x300.jpg 300w, https:\/\/oasisfm935.com.ar\/site\/wp-content\/uploads\/2020\/08\/47806202-8741-49f2-a5c9-d2f930e5baa1-1024x1024.jpg 1024w, https:\/\/oasisfm935.com.ar\/site\/wp-content\/uploads\/2020\/08\/47806202-8741-49f2-a5c9-d2f930e5baa1-150x150.jpg 150w, https:\/\/oasisfm935.com.ar\/site\/wp-content\/uploads\/2020\/08\/47806202-8741-49f2-a5c9-d2f930e5baa1-768x768.jpg 768w\" sizes=\"(max-width: 1080px) 100vw, 1080px\" class=\"no-lazyload\" width=\"1080\" height=\"1080\"  style=\"display: inline-block;\" \/><\/div>","protected":false},"excerpt":{"rendered":"<p>El beneficio tambi\u00e9n alcanza a la cuadrada y la carnaza, entre otros. En los supermercados, las ofertas estar\u00e1n disponible los fines de<\/p>\n","protected":false},"author":4,"featured_media":8710,"comment_status":"closed","ping_status":"open","sticky":false,"template":"","format":"standard","meta":{"colormag_page_layout":"default_layout","footnotes":""},"categories":[2],"tags":[],"class_list":["post-8709","post","type-post","status-publish","format-standard","has-post-thumbnail","hentry","category-noticias"],"_links":{"self":[{"href":"https:\/\/oasisfm935.com.ar\/site\/wp-json\/wp\/v2\/posts\/8709","targetHints":{"allow":["GET"]}}],"collection":[{"href":"https:\/\/oasisfm935.com.ar\/site\/wp-json\/wp\/v2\/posts"}],"about":[{"href":"https:\/\/oasisfm935.com.ar\/site\/wp-json\/wp\/v2\/types\/post"}],"author":[{"embeddable":true,"href":"https:\/\/oasisfm935.com.ar\/site\/wp-json\/wp\/v2\/users\/4"}],"replies":[{"embeddable":true,"href":"https:\/\/oasisfm935.com.ar\/site\/wp-json\/wp\/v2\/comments?post=8709"}],"version-history":[{"count":1,"href":"https:\/\/oasisfm935.com.ar\/site\/wp-json\/wp\/v2\/posts\/8709\/revisions"}],"predecessor-version":[{"id":8711,"href":"https:\/\/oasisfm935.com.ar\/site\/wp-json\/wp\/v2\/posts\/8709\/revisions\/8711"}],"wp:featuredmedia":[{"embeddable":true,"href":"https:\/\/oasisfm935.com.ar\/site\/wp-json\/wp\/v2\/media\/8710"}],"wp:attachment":[{"href":"https:\/\/oasisfm935.com.ar\/site\/wp-json\/wp\/v2\/media?parent=8709"}],"wp:term":[{"taxonomy":"category","embeddable":true,"href":"https:\/\/oasisfm935.com.ar\/site\/wp-json\/wp\/v2\/categories?post=8709"},{"taxonomy":"post_tag","embeddable":true,"href":"https:\/\/oasisfm935.com.ar\/site\/wp-json\/wp\/v2\/tags?post=8709"}],"curies":[{"name":"wp","href":"https:\/\/api.w.org\/{rel}","templated":true}]}}