{"id":8713,"date":"2021-01-28T11:09:50","date_gmt":"2021-01-28T14:09:50","guid":{"rendered":"http:\/\/oasisfm935.com\/site\/?p=8713"},"modified":"2021-01-28T11:09:50","modified_gmt":"2021-01-28T14:09:50","slug":"la-pampa-vuelven-los-encuentros-sociales-y-familiares-en-casas-particulares","status":"publish","type":"post","link":"https:\/\/oasisfm935.com.ar\/site\/la-pampa-vuelven-los-encuentros-sociales-y-familiares-en-casas-particulares\/","title":{"rendered":"La Pampa: Vuelven los encuentros sociales y familiares en casas particulares."},"content":{"rendered":"<p>Podr\u00e1n juntarse en domicilios particulares de la provincia\u00a0<strong>un m\u00e1ximo de 10 personas, entre las 7 y las 24 horas, desde este viernes<\/strong>.<\/p>\n<p>El gobierno provincial anunci\u00f3 el regreso de los encuentros sociales y familiares en domicilios particulares. La decisi\u00f3n prev\u00e9 que las reuniones tengan un m\u00e1ximo de 10 personas. Podr\u00e1n realizarse todos los d\u00edas entre las 7 y las 24 horas, a partir de este viernes 29 de enero. Se mantienen las restricciones de circulaci\u00f3n actuales.<\/p>\n<p>El gobernador Sergio Ziliotto encabez\u00f3 la reuni\u00f3n del Comit\u00e9 en la que se inform\u00f3 y se analiz\u00f3 la situaci\u00f3n epidemiol\u00f3gica provincial, y las distintas estrategias aplicadas en la provincia para frenar el avance del virus y morigerar sus efectos letales.<\/p>\n<p>En este marco, se inform\u00f3 oficialmente, se evaluaron positivamente las medidas tomadas que provocaron el descenso de los casos registrados en los \u00faltimos d\u00edas, y se ratific\u00f3 la continuidad de la estrategia provincial de seguir saliendo a buscar el virus a trav\u00e9s de los dos test que se realizan en La Pampa.<\/p>\n<p>El detalle de las medidas es el siguiente:<\/p>\n<p>&#8211; Se habilitan los encuentros sociales y familiares en domicilios particulares todos los d\u00edas de 7 a 24 horas, con un m\u00e1ximo de 10 personas.<\/p>\n<p>&#8211; Se proh\u00edbe la circulaci\u00f3n de personas de 01:00 a 6:30 horas con excepci\u00f3n de trabajadores esenciales.<\/p>\n<p>&#8211; Todas las actividades finalizan a las 0:00 horas, con la extensi\u00f3n de 30 minutos para los locales gastron\u00f3micos.<\/p>\n<p>&#8211; Vigencia a partir de las 0 horas del 29 de enero hasta las 0 horas del pr\u00f3ximo 15 de febrero.<\/p>\n<p><strong>Responsabilidad social<\/strong><\/p>\n<p>Desde Salud P\u00fablica se recomend\u00f3 \u00abespecialmente\u00bb que los encuentros sociales y familiares se realicen cumpliendo los protocolos para minimizar el riesgo de contagios. En este sentido sugieren que, en todos los casos en que sea posible, las reuniones se concreten al aire libre, y de no ser posible, ventilar permanentemente los espacios en los que se realicen los encuentros.<\/p>\n<p>Como ha sucedido desde el inicio de la pandemia hasta la fecha, las medidas adoptadas podr\u00e1n mantenerse vigentes mientras la situaci\u00f3n epidemiol\u00f3gica no tenga variaciones negativas.<\/p>\n<p>Una vez m\u00e1s, el Gobierno de La Pampa apel\u00f3 a la \u00abresponsabilidad social de todas y todos los pampeanos\u00bb, de modo que no vuelva a ser necesario imponer restricciones que modifiquen el habitual funcionamiento social.\u00a0El decreto que pone en vigencia las nuevas medidas ser\u00e1 publicado en el Bolet\u00edn Oficial durante este jueves.<\/p>\n<div class=\"oasis-despues-del-contenido\" id=\"oasis-3723238208\"><img loading=\"lazy\" decoding=\"async\" src=\"https:\/\/oasisfm935.com.ar\/site\/wp-content\/uploads\/2020\/08\/47806202-8741-49f2-a5c9-d2f930e5baa1.jpg\" alt=\"\"  srcset=\"https:\/\/oasisfm935.com.ar\/site\/wp-content\/uploads\/2020\/08\/47806202-8741-49f2-a5c9-d2f930e5baa1.jpg 1080w, https:\/\/oasisfm935.com.ar\/site\/wp-content\/uploads\/2020\/08\/47806202-8741-49f2-a5c9-d2f930e5baa1-300x300.jpg 300w, https:\/\/oasisfm935.com.ar\/site\/wp-content\/uploads\/2020\/08\/47806202-8741-49f2-a5c9-d2f930e5baa1-1024x1024.jpg 1024w, https:\/\/oasisfm935.com.ar\/site\/wp-content\/uploads\/2020\/08\/47806202-8741-49f2-a5c9-d2f930e5baa1-150x150.jpg 150w, https:\/\/oasisfm935.com.ar\/site\/wp-content\/uploads\/2020\/08\/47806202-8741-49f2-a5c9-d2f930e5baa1-768x768.jpg 768w\" sizes=\"(max-width: 1080px) 100vw, 1080px\" class=\"no-lazyload\" width=\"1080\" height=\"1080\"  style=\"display: inline-block;\" \/><\/div>","protected":false},"excerpt":{"rendered":"<p>Podr\u00e1n juntarse en domicilios particulares de la provincia\u00a0un m\u00e1ximo de 10 personas, entre las 7 y las 24 horas, desde este viernes.<\/p>\n","protected":false},"author":4,"featured_media":8714,"comment_status":"closed","ping_status":"open","sticky":false,"template":"","format":"standard","meta":{"colormag_page_layout":"default_layout","footnotes":""},"categories":[2],"tags":[],"class_list":["post-8713","post","type-post","status-publish","format-standard","has-post-thumbnail","hentry","category-noticias"],"_links":{"self":[{"href":"https:\/\/oasisfm935.com.ar\/site\/wp-json\/wp\/v2\/posts\/8713","targetHints":{"allow":["GET"]}}],"collection":[{"href":"https:\/\/oasisfm935.com.ar\/site\/wp-json\/wp\/v2\/posts"}],"about":[{"href":"https:\/\/oasisfm935.com.ar\/site\/wp-json\/wp\/v2\/types\/post"}],"author":[{"embeddable":true,"href":"https:\/\/oasisfm935.com.ar\/site\/wp-json\/wp\/v2\/users\/4"}],"replies":[{"embeddable":true,"href":"https:\/\/oasisfm935.com.ar\/site\/wp-json\/wp\/v2\/comments?post=8713"}],"version-history":[{"count":1,"href":"https:\/\/oasisfm935.com.ar\/site\/wp-json\/wp\/v2\/posts\/8713\/revisions"}],"predecessor-version":[{"id":8715,"href":"https:\/\/oasisfm935.com.ar\/site\/wp-json\/wp\/v2\/posts\/8713\/revisions\/8715"}],"wp:featuredmedia":[{"embeddable":true,"href":"https:\/\/oasisfm935.com.ar\/site\/wp-json\/wp\/v2\/media\/8714"}],"wp:attachment":[{"href":"https:\/\/oasisfm935.com.ar\/site\/wp-json\/wp\/v2\/media?parent=8713"}],"wp:term":[{"taxonomy":"category","embeddable":true,"href":"https:\/\/oasisfm935.com.ar\/site\/wp-json\/wp\/v2\/categories?post=8713"},{"taxonomy":"post_tag","embeddable":true,"href":"https:\/\/oasisfm935.com.ar\/site\/wp-json\/wp\/v2\/tags?post=8713"}],"curies":[{"name":"wp","href":"https:\/\/api.w.org\/{rel}","templated":true}]}}