{"id":8719,"date":"2021-01-30T19:05:30","date_gmt":"2021-01-30T22:05:30","guid":{"rendered":"http:\/\/oasisfm935.com\/site\/?p=8719"},"modified":"2021-01-30T19:05:30","modified_gmt":"2021-01-30T22:05:30","slug":"la-pampa-recomienda-aislamiento-de-7-dias-luego-de-las-vacaciones","status":"publish","type":"post","link":"https:\/\/oasisfm935.com.ar\/site\/la-pampa-recomienda-aislamiento-de-7-dias-luego-de-las-vacaciones\/","title":{"rendered":"La Pampa  recomienda aislamiento de 7 d\u00edas luego de las vacaciones"},"content":{"rendered":"<p>&nbsp;<\/p>\n<div>\n<p>Adem\u00e1s, aconseja\u00a0 no realizar\u00a0<strong>\u00abactividades recreativas y sociales\u00bb<\/strong>\u00a0y evitar contacto con\u00a0<strong>\u00abpersonas que no han compartido el viaje, sobre todo aquellas con alg\u00fan factor de riesgo, durante los 14 d\u00edas siguientes al regreso\u00bb<\/strong>.<\/p>\n<\/div>\n<p class=\"lead nota-detalle-bajada\">Referentes de la Direcci\u00f3n de Epidemiolog\u00eda del Ministerio de Salud y de la Secretar\u00eda de Turismo se reunieron ayer para reforzar las recomendaciones sobre las medidas preventivas a tener en cuenta en tiempo de vacaciones.<\/p>\n<div class=\"nota-detalle-cuerpo\">La Directora de Epidemiologia, Ana Bertone, junto a la doctora Patricia Estrella, se reuni\u00f3 con la secretaria de Turismo, Adriana Romero y el subsecretario del \u00e1rea, Lautaro C\u00f3rdoba, para evaluar estrategias en esta fase de mitigaci\u00f3n de la pandemia donde se busca disminuir las fuentes de contagio.<br \/>\nJuntos elaboraron una serie de recomendaciones para el actual periodo vacacional<br \/>\nEn esta \u00e9poca del a\u00f1o una parte importante de la poblaci\u00f3n en el pa\u00eds planifica viajar durante los pr\u00f3ximos meses, para visitar familiares o con fines de ocio.<br \/>\nPero en la situaci\u00f3n epidemiol\u00f3gica mundial actual, cualquier viaje plantea riesgos de contraer o transmitir COVID-19, aunque existen numerosas medidas y precauciones que se pueden tomar para minimizar este riesgo<br \/>\n<strong>Si se elige viajar:<\/strong><br \/>\n\u2022\u00a0\u00a0\u00a0\u00a0\u00a0\u00a0\u00a0\u00a0\u00a0\u00a0\u00a0\u00a0 Planificar el mismo restringiendo en lo posible al grupo familiar. Si alguno de los integrantes presenta alg\u00fan s\u00edntoma, se debe postergar el viaje hasta definir la situaci\u00f3n.<br \/>\n\u2022\u00a0\u00a0\u00a0\u00a0\u00a0\u00a0\u00a0\u00a0\u00a0\u00a0\u00a0\u00a0 Elegir destinos poco concurridos.<br \/>\n\u2022\u00a0\u00a0\u00a0\u00a0\u00a0\u00a0\u00a0\u00a0\u00a0\u00a0\u00a0\u00a0 De ser posible evitar el uso de transportes a\u00e9reos o terrestres de larga distancia.<br \/>\n\u2022\u00a0\u00a0\u00a0\u00a0\u00a0\u00a0\u00a0\u00a0\u00a0\u00a0\u00a0\u00a0 Preferir alojamientos solo para el grupo familiar, o con pocas zonas compartidas (\u00e1reas de refrigerios)<br \/>\n\u2022\u00a0\u00a0\u00a0\u00a0\u00a0\u00a0\u00a0\u00a0\u00a0\u00a0\u00a0\u00a0 Elegir realizar todas las actividades al aire libre.<br \/>\n\u2022\u00a0\u00a0\u00a0\u00a0\u00a0\u00a0\u00a0\u00a0\u00a0\u00a0\u00a0\u00a0 En cuanto al uso de piscinas, se deben respetar las recomendaciones de distanciamiento de al menos 2 metros dentro y fuera del agua, higiene de manos luego de tocar superficies comunes, y uso de tapabocas fuera del agua, por ejemplo, en zonas comunes de reposeras o bares; si el clima lo permite, utilizar las instalaciones en horarios poco concurridos y compartiendo los espacios solo con el grupo familiar.<br \/>\n\u2022\u00a0\u00a0\u00a0\u00a0\u00a0\u00a0\u00a0\u00a0\u00a0\u00a0\u00a0\u00a0 Lavarse frecuentemente las manos, o usar sanitizantes o alcohol en gel.<br \/>\n\u2022\u00a0\u00a0\u00a0\u00a0\u00a0\u00a0\u00a0\u00a0\u00a0\u00a0\u00a0\u00a0 Ante la aparici\u00f3n de alg\u00fan s\u00edntoma, permanecer aislado y solicitar asistencia m\u00e9dica inmediata.<\/p>\n<p><strong>Al regreso:<\/strong><br \/>\n\u2022\u00a0\u00a0\u00a0\u00a0\u00a0\u00a0\u00a0\u00a0\u00a0\u00a0\u00a0\u00a0 Se recomienda realizar aislamiento preventivo por un m\u00ednimo de 7 d\u00edas, quedando excluidas las actividades recreativas y sociales.<br \/>\n\u2022\u00a0\u00a0\u00a0\u00a0\u00a0\u00a0\u00a0\u00a0\u00a0\u00a0\u00a0\u00a0 Evitar estar en contacto con personas que no han compartido el viaje, sobre todo aquellas con alg\u00fan factor de riesgo, durante los 14 d\u00edas siguientes al regreso.<br \/>\n\u2022\u00a0\u00a0\u00a0\u00a0\u00a0\u00a0\u00a0\u00a0\u00a0\u00a0\u00a0\u00a0 Permanecer alertas ante la aparici\u00f3n de s\u00edntomas tales como fiebre, tos o dolor de garganta, y realizar la consulta m\u00e9dica inmediata aclarando lugar de destino, fecha de regreso y contactos cercanos.<br \/>\nSi bien es necesario considerar el descanso en estas \u00e9pocas de vacaciones, luego de un a\u00f1o tan complejo en el contexto de la pandemia por la COVID-19, de manera extraordinaria, los viajes conllevan al aumento de la circulaci\u00f3n de las personas y esto trae consigo el incremento del riesgo de enfermarse, m\u00e1xime si no se respetan los protocolos o las medidas preventivas. Es por ello que se realizan estas recomendaciones sanitarias con el objetivo de mitigar el riesgo y prevenir la enfermedad.<\/div>\n<div class=\"oasis-despues-del-contenido\" id=\"oasis-322091422\"><img loading=\"lazy\" decoding=\"async\" src=\"https:\/\/oasisfm935.com.ar\/site\/wp-content\/uploads\/2020\/08\/47806202-8741-49f2-a5c9-d2f930e5baa1.jpg\" alt=\"\"  srcset=\"https:\/\/oasisfm935.com.ar\/site\/wp-content\/uploads\/2020\/08\/47806202-8741-49f2-a5c9-d2f930e5baa1.jpg 1080w, https:\/\/oasisfm935.com.ar\/site\/wp-content\/uploads\/2020\/08\/47806202-8741-49f2-a5c9-d2f930e5baa1-300x300.jpg 300w, https:\/\/oasisfm935.com.ar\/site\/wp-content\/uploads\/2020\/08\/47806202-8741-49f2-a5c9-d2f930e5baa1-1024x1024.jpg 1024w, https:\/\/oasisfm935.com.ar\/site\/wp-content\/uploads\/2020\/08\/47806202-8741-49f2-a5c9-d2f930e5baa1-150x150.jpg 150w, https:\/\/oasisfm935.com.ar\/site\/wp-content\/uploads\/2020\/08\/47806202-8741-49f2-a5c9-d2f930e5baa1-768x768.jpg 768w\" sizes=\"(max-width: 1080px) 100vw, 1080px\" class=\"no-lazyload\" width=\"1080\" height=\"1080\"  style=\"display: inline-block;\" \/><\/div>","protected":false},"excerpt":{"rendered":"<p>&nbsp; Adem\u00e1s, aconseja\u00a0 no realizar\u00a0\u00abactividades recreativas y sociales\u00bb\u00a0y evitar contacto con\u00a0\u00abpersonas que no han compartido el viaje, sobre todo aquellas con alg\u00fan<\/p>\n","protected":false},"author":4,"featured_media":8720,"comment_status":"closed","ping_status":"open","sticky":false,"template":"","format":"standard","meta":{"colormag_page_layout":"default_layout","footnotes":""},"categories":[2],"tags":[],"class_list":["post-8719","post","type-post","status-publish","format-standard","has-post-thumbnail","hentry","category-noticias"],"_links":{"self":[{"href":"https:\/\/oasisfm935.com.ar\/site\/wp-json\/wp\/v2\/posts\/8719","targetHints":{"allow":["GET"]}}],"collection":[{"href":"https:\/\/oasisfm935.com.ar\/site\/wp-json\/wp\/v2\/posts"}],"about":[{"href":"https:\/\/oasisfm935.com.ar\/site\/wp-json\/wp\/v2\/types\/post"}],"author":[{"embeddable":true,"href":"https:\/\/oasisfm935.com.ar\/site\/wp-json\/wp\/v2\/users\/4"}],"replies":[{"embeddable":true,"href":"https:\/\/oasisfm935.com.ar\/site\/wp-json\/wp\/v2\/comments?post=8719"}],"version-history":[{"count":1,"href":"https:\/\/oasisfm935.com.ar\/site\/wp-json\/wp\/v2\/posts\/8719\/revisions"}],"predecessor-version":[{"id":8721,"href":"https:\/\/oasisfm935.com.ar\/site\/wp-json\/wp\/v2\/posts\/8719\/revisions\/8721"}],"wp:featuredmedia":[{"embeddable":true,"href":"https:\/\/oasisfm935.com.ar\/site\/wp-json\/wp\/v2\/media\/8720"}],"wp:attachment":[{"href":"https:\/\/oasisfm935.com.ar\/site\/wp-json\/wp\/v2\/media?parent=8719"}],"wp:term":[{"taxonomy":"category","embeddable":true,"href":"https:\/\/oasisfm935.com.ar\/site\/wp-json\/wp\/v2\/categories?post=8719"},{"taxonomy":"post_tag","embeddable":true,"href":"https:\/\/oasisfm935.com.ar\/site\/wp-json\/wp\/v2\/tags?post=8719"}],"curies":[{"name":"wp","href":"https:\/\/api.w.org\/{rel}","templated":true}]}}