{"id":8734,"date":"2021-02-03T12:10:38","date_gmt":"2021-02-03T15:10:38","guid":{"rendered":"http:\/\/oasisfm935.com\/site\/?p=8734"},"modified":"2021-02-03T12:10:38","modified_gmt":"2021-02-03T15:10:38","slug":"gastronomia-y-eventos-extendieron-el-horario-hasta-la-130-y-no-pagaran-ingresos-brutos-de-diciembre","status":"publish","type":"post","link":"https:\/\/oasisfm935.com.ar\/site\/gastronomia-y-eventos-extendieron-el-horario-hasta-la-130-y-no-pagaran-ingresos-brutos-de-diciembre\/","title":{"rendered":"Gastronom\u00eda y eventos: extendieron el horario hasta la 1:30 y no pagar\u00e1n Ingresos Brutos de diciembre."},"content":{"rendered":"<p class=\"lead nota-detalle-bajada\">El Gobierno Provincial dispuso que el sector gastron\u00f3mico y la organizaci\u00f3n de eventos no paguen el impuesto sobre los \u00a0Ingresos Brutos de diciembre, \u00a0y consensu\u00f3 \u00a0con representantes del mismo que los establecimientos puedan permanecer abiertos hasta la una y media de la ma\u00f1ana.<\/p>\n<div class=\"nota-detalle-cuerpo\">Entre las 2 y las 6:30 estar\u00e1 prohibida la circulaci\u00f3n, salvo para actividades esenciales. Las medidas entrar\u00e1n en vigencia a las 0 del pr\u00f3ximo viernes 5.<br \/>\nEl secretario de Trabajo y Promoci\u00f3n del Empleo, Marcelo Pedehonta\u00e1 se reuni\u00f3 esta ma\u00f1ana con representantes del sector para dialogar sobre algunas necesidades puntales que el mismo requer\u00eda.<\/div>\n<div class=\"nota-detalle-cuerpo\">\nLas inquietudes de los empresarios se vinculan a los afectos negativos que la pandemia provoc\u00f3 en un sector que, a pesar de las limitaciones impuestas por la COVID-19, est\u00e1 activo desde el 5 de junio de 2020.<\/div>\n<div class=\"nota-detalle-cuerpo\">\nEn este marco, el titular de la cartera de Trabajo les inform\u00f3 que el Gobierno provincial, haciendo un significativo esfuerzo con las arcas provinciales, dispuso eximir al sector del pago de la al\u00edcuota correspondientes al mes de diciembre de 2020.<\/div>\n<div class=\"nota-detalle-cuerpo\">\nLa prerrogativa resulta significativa para los empresarios, teniendo en cuenta que diciembre es un mes en el que la gastronom\u00eda incrementa fuertemente la actividad y, consecuentemente, aumenta la carga del gravamen por Ingresos Brutos.<\/div>\n<div class=\"nota-detalle-cuerpo\">\nSi bien no se conocen a\u00fan las presentaciones por dicho Impuesto (a\u00fan no ha vencido dicho plazo) las estimaciones del Gobierno provincial realizadas en base a proyecciones estad\u00edsticas indican que la medida implica un esfuerzo fiscal aproximado de $ 12 millones.<\/div>\n<div class=\"nota-detalle-cuerpo\">\n<strong>Horarios<\/strong><br \/>\nEn relaci\u00f3n a los horarios para los comercios de gastronom\u00eda, bares, confiter\u00edas y organizaci\u00f3n de eventos, se consensu\u00f3 que podr\u00e1n mantener abiertos los locales hasta la\u00a0 una y media de la ma\u00f1ana.<\/div>\n<div class=\"nota-detalle-cuerpo\">\nTal como ha sucedido desde el inicio de la pandemia, la ampliaci\u00f3n horaria acordada es un escal\u00f3n m\u00e1s en la incrementaci\u00f3n gradual que se han ido habilitando desde el inicio de la pandemia a la fecha.<\/div>\n<div class=\"nota-detalle-cuerpo\">\nDel mismo modo se modificaron los horarios de circulaci\u00f3n nocturna, estableci\u00e9ndose que no se podr\u00e1 circular entre las dos y las seis y media de la ma\u00f1ana, con excepci\u00f3n de las personas que desarrollen actividades esenciales, como los trabajadores de salud o de seguridad.<\/div>\n<div class=\"oasis-despues-del-contenido\" id=\"oasis-3005039906\"><img loading=\"lazy\" decoding=\"async\" src=\"https:\/\/oasisfm935.com.ar\/site\/wp-content\/uploads\/2020\/08\/47806202-8741-49f2-a5c9-d2f930e5baa1.jpg\" alt=\"\"  srcset=\"https:\/\/oasisfm935.com.ar\/site\/wp-content\/uploads\/2020\/08\/47806202-8741-49f2-a5c9-d2f930e5baa1.jpg 1080w, https:\/\/oasisfm935.com.ar\/site\/wp-content\/uploads\/2020\/08\/47806202-8741-49f2-a5c9-d2f930e5baa1-300x300.jpg 300w, https:\/\/oasisfm935.com.ar\/site\/wp-content\/uploads\/2020\/08\/47806202-8741-49f2-a5c9-d2f930e5baa1-1024x1024.jpg 1024w, https:\/\/oasisfm935.com.ar\/site\/wp-content\/uploads\/2020\/08\/47806202-8741-49f2-a5c9-d2f930e5baa1-150x150.jpg 150w, https:\/\/oasisfm935.com.ar\/site\/wp-content\/uploads\/2020\/08\/47806202-8741-49f2-a5c9-d2f930e5baa1-768x768.jpg 768w\" sizes=\"(max-width: 1080px) 100vw, 1080px\" class=\"no-lazyload\" width=\"1080\" height=\"1080\"  style=\"display: inline-block;\" \/><\/div>","protected":false},"excerpt":{"rendered":"<p>El Gobierno Provincial dispuso que el sector gastron\u00f3mico y la organizaci\u00f3n de eventos no paguen el impuesto sobre los \u00a0Ingresos Brutos de<\/p>\n","protected":false},"author":4,"featured_media":8735,"comment_status":"closed","ping_status":"open","sticky":false,"template":"","format":"standard","meta":{"colormag_page_layout":"default_layout","footnotes":""},"categories":[2],"tags":[],"class_list":["post-8734","post","type-post","status-publish","format-standard","has-post-thumbnail","hentry","category-noticias"],"_links":{"self":[{"href":"https:\/\/oasisfm935.com.ar\/site\/wp-json\/wp\/v2\/posts\/8734","targetHints":{"allow":["GET"]}}],"collection":[{"href":"https:\/\/oasisfm935.com.ar\/site\/wp-json\/wp\/v2\/posts"}],"about":[{"href":"https:\/\/oasisfm935.com.ar\/site\/wp-json\/wp\/v2\/types\/post"}],"author":[{"embeddable":true,"href":"https:\/\/oasisfm935.com.ar\/site\/wp-json\/wp\/v2\/users\/4"}],"replies":[{"embeddable":true,"href":"https:\/\/oasisfm935.com.ar\/site\/wp-json\/wp\/v2\/comments?post=8734"}],"version-history":[{"count":1,"href":"https:\/\/oasisfm935.com.ar\/site\/wp-json\/wp\/v2\/posts\/8734\/revisions"}],"predecessor-version":[{"id":8736,"href":"https:\/\/oasisfm935.com.ar\/site\/wp-json\/wp\/v2\/posts\/8734\/revisions\/8736"}],"wp:featuredmedia":[{"embeddable":true,"href":"https:\/\/oasisfm935.com.ar\/site\/wp-json\/wp\/v2\/media\/8735"}],"wp:attachment":[{"href":"https:\/\/oasisfm935.com.ar\/site\/wp-json\/wp\/v2\/media?parent=8734"}],"wp:term":[{"taxonomy":"category","embeddable":true,"href":"https:\/\/oasisfm935.com.ar\/site\/wp-json\/wp\/v2\/categories?post=8734"},{"taxonomy":"post_tag","embeddable":true,"href":"https:\/\/oasisfm935.com.ar\/site\/wp-json\/wp\/v2\/tags?post=8734"}],"curies":[{"name":"wp","href":"https:\/\/api.w.org\/{rel}","templated":true}]}}