{"id":8738,"date":"2021-02-03T14:17:00","date_gmt":"2021-02-03T17:17:00","guid":{"rendered":"http:\/\/oasisfm935.com\/site\/?p=8738"},"modified":"2021-02-03T14:17:00","modified_gmt":"2021-02-03T17:17:00","slug":"el-monto-de-la-tarjeta-alimentar-aumenta-un-50","status":"publish","type":"post","link":"https:\/\/oasisfm935.com.ar\/site\/el-monto-de-la-tarjeta-alimentar-aumenta-un-50\/","title":{"rendered":"El monto de la tarjeta Alimentar aumenta un 50%"},"content":{"rendered":"<p>El monto de la tarjeta Alimentar aumenta un 50%. Mir\u00e1 desde cu\u00e1ndo.<\/p>\n<p>A partir del mes de febrero se incrementar\u00e1n en un 50 por ciento los montos acreditados a las y los titulares de la tarjeta Alimentar. De esta forma, las madres con un hijo menor de 6 a\u00f1os que cobraban 4000 pesos ahora percibir\u00e1n 6000 pesos por mes; y el monto para quienes tienen dos o m\u00e1s hijos pasar\u00e1 de 6000 pesos a 9000 pesos mensuales, seg\u00fan informaron desde el ministerio de Desarrollo Social.<\/p>\n<p>El titular del ministerio, Daniel Arroyo, explic\u00f3 que el objetivo de esta medida es \u201csostener el poder de compra de las familias y avanzar con un esquema de buena nutrici\u00f3n\u201d. Arroyo tambi\u00e9n se\u00f1al\u00f3 que en el mes de julio del a\u00f1o pasado, el consumo de leche, carne, frutas y verduras baj\u00f3 cerca del 40 por ciento, pero que \u201ccon los refuerzos percibidos en diciembre logramos subir el consumo de alimentos frescos al 55 por ciento\u201d.<\/p>\n<p>Para Arroyo: \u201cel costo de los alimentos tiene varios componentes, pero uno de ellos es la intermediaci\u00f3n, por lo que tenemos que lograr que los peque\u00f1os productores coloquen sus productos en las ferias directamente\u201d. Y agreg\u00f3: \u201cpara potenciar mucho la econom\u00eda popular y a los peque\u00f1os productores, para que puedan colocar sus productos y venderlos de manera directa\u201d.<\/p>\n<p>Vale recordar que la tarjeta Alimentar surgi\u00f3 en el marco del Plan Argentina contra el hambre. para promover \u00abel acceso a alimentos sanos, seguros y saludables, aumentando los ingresos de las familias y generando m\u00e1s fuentes de trabajo\u00bb, agregan desde la cartera de Desarrollo Social y afirman que \u00abest\u00e1 dirigida a madres o padres con hijos e hijas de hasta 6 a\u00f1os de edad que reciben la AUH. Tambi\u00e9n a embarazadas a partir de los 3 meses que cobran la asignaci\u00f3n por embarazo y personas con discapacidad que reciben la AUH\u00bb.<\/p>\n<div class=\"oasis-despues-del-contenido\" id=\"oasis-3051725552\"><img loading=\"lazy\" decoding=\"async\" src=\"https:\/\/oasisfm935.com.ar\/site\/wp-content\/uploads\/2020\/08\/47806202-8741-49f2-a5c9-d2f930e5baa1.jpg\" alt=\"\"  srcset=\"https:\/\/oasisfm935.com.ar\/site\/wp-content\/uploads\/2020\/08\/47806202-8741-49f2-a5c9-d2f930e5baa1.jpg 1080w, https:\/\/oasisfm935.com.ar\/site\/wp-content\/uploads\/2020\/08\/47806202-8741-49f2-a5c9-d2f930e5baa1-300x300.jpg 300w, https:\/\/oasisfm935.com.ar\/site\/wp-content\/uploads\/2020\/08\/47806202-8741-49f2-a5c9-d2f930e5baa1-1024x1024.jpg 1024w, https:\/\/oasisfm935.com.ar\/site\/wp-content\/uploads\/2020\/08\/47806202-8741-49f2-a5c9-d2f930e5baa1-150x150.jpg 150w, https:\/\/oasisfm935.com.ar\/site\/wp-content\/uploads\/2020\/08\/47806202-8741-49f2-a5c9-d2f930e5baa1-768x768.jpg 768w\" sizes=\"(max-width: 1080px) 100vw, 1080px\" class=\"no-lazyload\" width=\"1080\" height=\"1080\"  style=\"display: inline-block;\" \/><\/div>","protected":false},"excerpt":{"rendered":"<p>El monto de la tarjeta Alimentar aumenta un 50%. Mir\u00e1 desde cu\u00e1ndo. A partir del mes de febrero se incrementar\u00e1n en un<\/p>\n","protected":false},"author":4,"featured_media":8739,"comment_status":"closed","ping_status":"open","sticky":false,"template":"","format":"standard","meta":{"colormag_page_layout":"default_layout","footnotes":""},"categories":[2],"tags":[],"class_list":["post-8738","post","type-post","status-publish","format-standard","has-post-thumbnail","hentry","category-noticias"],"_links":{"self":[{"href":"https:\/\/oasisfm935.com.ar\/site\/wp-json\/wp\/v2\/posts\/8738","targetHints":{"allow":["GET"]}}],"collection":[{"href":"https:\/\/oasisfm935.com.ar\/site\/wp-json\/wp\/v2\/posts"}],"about":[{"href":"https:\/\/oasisfm935.com.ar\/site\/wp-json\/wp\/v2\/types\/post"}],"author":[{"embeddable":true,"href":"https:\/\/oasisfm935.com.ar\/site\/wp-json\/wp\/v2\/users\/4"}],"replies":[{"embeddable":true,"href":"https:\/\/oasisfm935.com.ar\/site\/wp-json\/wp\/v2\/comments?post=8738"}],"version-history":[{"count":1,"href":"https:\/\/oasisfm935.com.ar\/site\/wp-json\/wp\/v2\/posts\/8738\/revisions"}],"predecessor-version":[{"id":8740,"href":"https:\/\/oasisfm935.com.ar\/site\/wp-json\/wp\/v2\/posts\/8738\/revisions\/8740"}],"wp:featuredmedia":[{"embeddable":true,"href":"https:\/\/oasisfm935.com.ar\/site\/wp-json\/wp\/v2\/media\/8739"}],"wp:attachment":[{"href":"https:\/\/oasisfm935.com.ar\/site\/wp-json\/wp\/v2\/media?parent=8738"}],"wp:term":[{"taxonomy":"category","embeddable":true,"href":"https:\/\/oasisfm935.com.ar\/site\/wp-json\/wp\/v2\/categories?post=8738"},{"taxonomy":"post_tag","embeddable":true,"href":"https:\/\/oasisfm935.com.ar\/site\/wp-json\/wp\/v2\/tags?post=8738"}],"curies":[{"name":"wp","href":"https:\/\/api.w.org\/{rel}","templated":true}]}}