{"id":875,"date":"2019-03-02T09:41:47","date_gmt":"2019-03-02T12:41:47","guid":{"rendered":"http:\/\/oasisfm935.com\/site\/?p=875"},"modified":"2019-03-02T09:41:47","modified_gmt":"2019-03-02T12:41:47","slug":"la-industria-pampeana-apuesta-a-las-estrategias-de-venta","status":"publish","type":"post","link":"https:\/\/oasisfm935.com.ar\/site\/la-industria-pampeana-apuesta-a-las-estrategias-de-venta\/","title":{"rendered":"La industria pampeana apuesta a las estrategias de venta"},"content":{"rendered":"<p>Rub\u00e9n Gorordo, presidente de la Unilpa, destac\u00f3 que La Pampa no est\u00e1 exenta de las situaciones que se viven a nivel nacional pero agreg\u00f3: \u201cNo tenemos los porcentajes que se hablan en otras provincias de cierres, quiz\u00e1s porque somos empresas m\u00e1s peque\u00f1as o PyMes pero buscamos c\u00f3mo ir saliendo de las contingencias juntos. Y parte de la soluci\u00f3n fue salir a vender\u201d, destac\u00f3.<\/p>\n<p>&nbsp;<\/p>\n<p>Justamente, la entidad organiz\u00f3 una jornada sobre\u00a0<strong>exportaci\u00f3n<\/strong>\u00a0hace pocos d\u00edas y adem\u00e1s aprovech\u00f3 el apoyo del gobierno provincial y el Banco de La Pampa para estar presente en la muestra nacional\u00a0<strong>Expoagro<\/strong>\u00a0que se realizar\u00e1 en breve con 25 empresas. All\u00ed llevar\u00e1n la opci\u00f3n del Compre Pampeano que el industrial destac\u00f3 tiene tasa subsidiada en 21 puntos.<\/p>\n<p>Gorordo record\u00f3 que la provincia tiene adem\u00e1s un\u00a0<strong>centro de comercio en Neuqu\u00e9n<\/strong>\u00a0y salir fuera del territorio pampeano para vender es una posibilidad v\u00e1lida.<\/p>\n<blockquote><p>Esta salida de las ventas locales ha sido positiva incluso para evitar la competencia entre pampeanos, y Gorordo agreg\u00f3: \u201cHay log\u00edsticas que las podemos hacer entre varias empresas, para achicar costos, y tener m\u00e1s posibilidades en el mercado. Incluso cuando somos del mismo rubro, que hab\u00eda miedo de sacarnos los clientes, vemos que al abrir las puertas a provincias con m\u00e1s poblaci\u00f3n y a la exportaci\u00f3n s\u00ed o s\u00ed tenemos que unirnos para cubrir la demanda del producto que nos piden\u201d.<\/p><\/blockquote>\n<p>El presidente de Unilpa indic\u00f3 que un tema pendiente es mejorar las estrategias de marketing y en las opciones de digitalizaci\u00f3n. Para ello la entidad viene fomentando las capacitaciones buscando ayudar a los socios en los nuevos desaf\u00edos que emprendan.<\/p>\n<p><strong>IMPACTO ENERG\u00c9TICO<\/strong><\/p>\n<p>Acerca del impacto de gasto el\u00e9ctrico, se\u00f1al\u00f3 que est\u00e1n realizando un relevamiento del impacto energ\u00e9tico seg\u00fan el rubro, porque no todas las empresas consumen lo mismo. Este es un an\u00e1lisis a lograr y despu\u00e9s de hablar con APE est\u00e1 la posibilidad de alg\u00fan tipo de tasa bonificada para los m\u00e1s afectados. Por otra parte, un planteo es el uso eficiente de la energ\u00eda que es una evaluaci\u00f3n particular de cada emprendimiento en el que se va a contar con el conocimiento del INTI.<\/p>\n<div class=\"oasis-despues-del-contenido\" id=\"oasis-3742595686\"><img loading=\"lazy\" decoding=\"async\" src=\"https:\/\/oasisfm935.com.ar\/site\/wp-content\/uploads\/2020\/08\/47806202-8741-49f2-a5c9-d2f930e5baa1.jpg\" alt=\"\"  srcset=\"https:\/\/oasisfm935.com.ar\/site\/wp-content\/uploads\/2020\/08\/47806202-8741-49f2-a5c9-d2f930e5baa1.jpg 1080w, https:\/\/oasisfm935.com.ar\/site\/wp-content\/uploads\/2020\/08\/47806202-8741-49f2-a5c9-d2f930e5baa1-300x300.jpg 300w, https:\/\/oasisfm935.com.ar\/site\/wp-content\/uploads\/2020\/08\/47806202-8741-49f2-a5c9-d2f930e5baa1-1024x1024.jpg 1024w, https:\/\/oasisfm935.com.ar\/site\/wp-content\/uploads\/2020\/08\/47806202-8741-49f2-a5c9-d2f930e5baa1-150x150.jpg 150w, https:\/\/oasisfm935.com.ar\/site\/wp-content\/uploads\/2020\/08\/47806202-8741-49f2-a5c9-d2f930e5baa1-768x768.jpg 768w\" sizes=\"(max-width: 1080px) 100vw, 1080px\" class=\"no-lazyload\" width=\"1080\" height=\"1080\"  style=\"display: inline-block;\" \/><\/div>","protected":false},"excerpt":{"rendered":"<p>Rub\u00e9n Gorordo, presidente de la Unilpa, destac\u00f3 que La Pampa no est\u00e1 exenta de las situaciones que se viven a nivel nacional<\/p>\n","protected":false},"author":4,"featured_media":876,"comment_status":"closed","ping_status":"open","sticky":false,"template":"","format":"standard","meta":{"colormag_page_layout":"default_layout","footnotes":""},"categories":[2],"tags":[],"class_list":["post-875","post","type-post","status-publish","format-standard","has-post-thumbnail","hentry","category-noticias"],"_links":{"self":[{"href":"https:\/\/oasisfm935.com.ar\/site\/wp-json\/wp\/v2\/posts\/875","targetHints":{"allow":["GET"]}}],"collection":[{"href":"https:\/\/oasisfm935.com.ar\/site\/wp-json\/wp\/v2\/posts"}],"about":[{"href":"https:\/\/oasisfm935.com.ar\/site\/wp-json\/wp\/v2\/types\/post"}],"author":[{"embeddable":true,"href":"https:\/\/oasisfm935.com.ar\/site\/wp-json\/wp\/v2\/users\/4"}],"replies":[{"embeddable":true,"href":"https:\/\/oasisfm935.com.ar\/site\/wp-json\/wp\/v2\/comments?post=875"}],"version-history":[{"count":1,"href":"https:\/\/oasisfm935.com.ar\/site\/wp-json\/wp\/v2\/posts\/875\/revisions"}],"predecessor-version":[{"id":877,"href":"https:\/\/oasisfm935.com.ar\/site\/wp-json\/wp\/v2\/posts\/875\/revisions\/877"}],"wp:featuredmedia":[{"embeddable":true,"href":"https:\/\/oasisfm935.com.ar\/site\/wp-json\/wp\/v2\/media\/876"}],"wp:attachment":[{"href":"https:\/\/oasisfm935.com.ar\/site\/wp-json\/wp\/v2\/media?parent=875"}],"wp:term":[{"taxonomy":"category","embeddable":true,"href":"https:\/\/oasisfm935.com.ar\/site\/wp-json\/wp\/v2\/categories?post=875"},{"taxonomy":"post_tag","embeddable":true,"href":"https:\/\/oasisfm935.com.ar\/site\/wp-json\/wp\/v2\/tags?post=875"}],"curies":[{"name":"wp","href":"https:\/\/api.w.org\/{rel}","templated":true}]}}