{"id":8757,"date":"2021-02-10T22:33:10","date_gmt":"2021-02-11T01:33:10","guid":{"rendered":"http:\/\/oasisfm935.com\/site\/?p=8757"},"modified":"2021-02-10T22:33:10","modified_gmt":"2021-02-11T01:33:10","slug":"ingeniero-luggi-accidente-de-transito-en-interseccion-rutas-provinciales-2-y-9","status":"publish","type":"post","link":"https:\/\/oasisfm935.com.ar\/site\/ingeniero-luggi-accidente-de-transito-en-interseccion-rutas-provinciales-2-y-9\/","title":{"rendered":"Ingeniero Luggi: Accidente de transito en intersecci\u00f3n Rutas Provinciales 2 y 9."},"content":{"rendered":"<p>Hs. 20:12 se toma conocimiento virtud llamado recepcionado al 101 de esta Dependencia, sobre accidente de transito en intersecci\u00f3n Rutas Provinciales 2 y 9.<\/p>\n<p><a href=\"http:\/\/oasisfm935.com\/site\/wp-content\/uploads\/2021\/02\/IMG-20210210-WA0055.jpg\"><img loading=\"lazy\" decoding=\"async\" class=\"alignnone size-full wp-image-8760\" src=\"http:\/\/oasisfm935.com\/site\/wp-content\/uploads\/2021\/02\/IMG-20210210-WA0055.jpg\" alt=\"\" width=\"1200\" height=\"609\" srcset=\"https:\/\/oasisfm935.com.ar\/site\/wp-content\/uploads\/2021\/02\/IMG-20210210-WA0055.jpg 1200w, https:\/\/oasisfm935.com.ar\/site\/wp-content\/uploads\/2021\/02\/IMG-20210210-WA0055-300x152.jpg 300w, https:\/\/oasisfm935.com.ar\/site\/wp-content\/uploads\/2021\/02\/IMG-20210210-WA0055-1024x520.jpg 1024w, https:\/\/oasisfm935.com.ar\/site\/wp-content\/uploads\/2021\/02\/IMG-20210210-WA0055-768x390.jpg 768w\" sizes=\"auto, (max-width: 1200px) 100vw, 1200px\" \/><\/a><\/p>\n<div style=\"width: 720px;\" class=\"wp-video\"><video class=\"wp-video-shortcode\" id=\"video-8757-1\" width=\"720\" height=\"1280\" preload=\"metadata\" controls=\"controls\"><source type=\"video\/mp4\" src=\"http:\/\/oasisfm935.com\/site\/wp-content\/uploads\/2021\/02\/VID-20210210-WA0054.mp4?_=1\" \/><a href=\"http:\/\/oasisfm935.com\/site\/wp-content\/uploads\/2021\/02\/VID-20210210-WA0054.mp4\">http:\/\/oasisfm935.com\/site\/wp-content\/uploads\/2021\/02\/VID-20210210-WA0054.mp4<\/a><\/video><\/div>\n<p>Constituido personal \u00e9sta en el lugar se trato de una colisi\u00f3n entre un cami\u00f3n marca SCANIA, blanco, patente MGQ-439, A\u00f1o 2013 con acoplado patente AE449TC, conducido por Alberto AGUILANTI, de 43 a\u00f1os, con domicilio en R\u00edo Segundo (Cba), el que circulaba por Ruta Provincial 9 en direcci\u00f3n de NORTE a SUR, el cual pese a intentar maniobra evasiva y accionar su sistema de frenos no puede evitar colisionar contra un automotor marca FIAT SIENA patente JII-032, el cual circulaba por Ruta Provincial Nro. 2 en sentido de ESTE a OESTE e intentaba cruzar la Ruta 9.<\/p>\n<p><a href=\"http:\/\/oasisfm935.com\/site\/wp-content\/uploads\/2021\/02\/IMG-20210210-WA0052.jpg\"><img loading=\"lazy\" decoding=\"async\" class=\"alignnone size-full wp-image-8758\" src=\"http:\/\/oasisfm935.com\/site\/wp-content\/uploads\/2021\/02\/IMG-20210210-WA0052.jpg\" alt=\"\" width=\"1280\" height=\"576\" srcset=\"https:\/\/oasisfm935.com.ar\/site\/wp-content\/uploads\/2021\/02\/IMG-20210210-WA0052.jpg 1280w, https:\/\/oasisfm935.com.ar\/site\/wp-content\/uploads\/2021\/02\/IMG-20210210-WA0052-300x135.jpg 300w, https:\/\/oasisfm935.com.ar\/site\/wp-content\/uploads\/2021\/02\/IMG-20210210-WA0052-1024x461.jpg 1024w, https:\/\/oasisfm935.com.ar\/site\/wp-content\/uploads\/2021\/02\/IMG-20210210-WA0052-768x346.jpg 768w\" sizes=\"auto, (max-width: 1280px) 100vw, 1280px\" \/><\/a><\/p>\n<p>El rodado menor era conducido por Cristian ULLUA RAMIREZ, de 25 a\u00f1os, de Ingeniero Luiggi, acompa\u00f1ado por su pareja.-<\/p>\n<p>En el lugar a parte de personal policial de Ingeniero Luiggi, trabajo personal de Salud a cargo del Dr. ARISI, quien examin\u00f3 a los involucrados, constatando lesiones y golpes menores.<\/p>\n<p><a href=\"http:\/\/oasisfm935.com\/site\/wp-content\/uploads\/2021\/02\/IMG-20210210-WA0053.jpg\"><img loading=\"lazy\" decoding=\"async\" class=\"alignnone size-full wp-image-8759\" src=\"http:\/\/oasisfm935.com\/site\/wp-content\/uploads\/2021\/02\/IMG-20210210-WA0053.jpg\" alt=\"\" width=\"576\" height=\"1280\" srcset=\"https:\/\/oasisfm935.com.ar\/site\/wp-content\/uploads\/2021\/02\/IMG-20210210-WA0053.jpg 576w, https:\/\/oasisfm935.com.ar\/site\/wp-content\/uploads\/2021\/02\/IMG-20210210-WA0053-135x300.jpg 135w, https:\/\/oasisfm935.com.ar\/site\/wp-content\/uploads\/2021\/02\/IMG-20210210-WA0053-461x1024.jpg 461w\" sizes=\"auto, (max-width: 576px) 100vw, 576px\" \/><\/a><\/p>\n<p>Tambien colaboro personal de Bomberos Voluntarios. A ra\u00edz de este siniestro se labraron actuacionds de caracter simples y solo hibo q lamentar por suerte da\u00f1os materiales en los rodados.-<\/p>\n<div class=\"oasis-despues-del-contenido\" id=\"oasis-3122087686\"><img loading=\"lazy\" decoding=\"async\" src=\"https:\/\/oasisfm935.com.ar\/site\/wp-content\/uploads\/2020\/08\/47806202-8741-49f2-a5c9-d2f930e5baa1.jpg\" alt=\"\"  srcset=\"https:\/\/oasisfm935.com.ar\/site\/wp-content\/uploads\/2020\/08\/47806202-8741-49f2-a5c9-d2f930e5baa1.jpg 1080w, https:\/\/oasisfm935.com.ar\/site\/wp-content\/uploads\/2020\/08\/47806202-8741-49f2-a5c9-d2f930e5baa1-300x300.jpg 300w, https:\/\/oasisfm935.com.ar\/site\/wp-content\/uploads\/2020\/08\/47806202-8741-49f2-a5c9-d2f930e5baa1-1024x1024.jpg 1024w, https:\/\/oasisfm935.com.ar\/site\/wp-content\/uploads\/2020\/08\/47806202-8741-49f2-a5c9-d2f930e5baa1-150x150.jpg 150w, https:\/\/oasisfm935.com.ar\/site\/wp-content\/uploads\/2020\/08\/47806202-8741-49f2-a5c9-d2f930e5baa1-768x768.jpg 768w\" sizes=\"(max-width: 1080px) 100vw, 1080px\" class=\"no-lazyload\" width=\"1080\" height=\"1080\"  style=\"display: inline-block;\" \/><\/div>","protected":false},"excerpt":{"rendered":"<p>Hs. 20:12 se toma conocimiento virtud llamado recepcionado al 101 de esta Dependencia, sobre accidente de transito en intersecci\u00f3n Rutas Provinciales 2<\/p>\n","protected":false},"author":4,"featured_media":8760,"comment_status":"closed","ping_status":"open","sticky":false,"template":"","format":"standard","meta":{"colormag_page_layout":"default_layout","footnotes":""},"categories":[2],"tags":[],"class_list":["post-8757","post","type-post","status-publish","format-standard","has-post-thumbnail","hentry","category-noticias"],"_links":{"self":[{"href":"https:\/\/oasisfm935.com.ar\/site\/wp-json\/wp\/v2\/posts\/8757","targetHints":{"allow":["GET"]}}],"collection":[{"href":"https:\/\/oasisfm935.com.ar\/site\/wp-json\/wp\/v2\/posts"}],"about":[{"href":"https:\/\/oasisfm935.com.ar\/site\/wp-json\/wp\/v2\/types\/post"}],"author":[{"embeddable":true,"href":"https:\/\/oasisfm935.com.ar\/site\/wp-json\/wp\/v2\/users\/4"}],"replies":[{"embeddable":true,"href":"https:\/\/oasisfm935.com.ar\/site\/wp-json\/wp\/v2\/comments?post=8757"}],"version-history":[{"count":1,"href":"https:\/\/oasisfm935.com.ar\/site\/wp-json\/wp\/v2\/posts\/8757\/revisions"}],"predecessor-version":[{"id":8762,"href":"https:\/\/oasisfm935.com.ar\/site\/wp-json\/wp\/v2\/posts\/8757\/revisions\/8762"}],"wp:featuredmedia":[{"embeddable":true,"href":"https:\/\/oasisfm935.com.ar\/site\/wp-json\/wp\/v2\/media\/8760"}],"wp:attachment":[{"href":"https:\/\/oasisfm935.com.ar\/site\/wp-json\/wp\/v2\/media?parent=8757"}],"wp:term":[{"taxonomy":"category","embeddable":true,"href":"https:\/\/oasisfm935.com.ar\/site\/wp-json\/wp\/v2\/categories?post=8757"},{"taxonomy":"post_tag","embeddable":true,"href":"https:\/\/oasisfm935.com.ar\/site\/wp-json\/wp\/v2\/tags?post=8757"}],"curies":[{"name":"wp","href":"https:\/\/api.w.org\/{rel}","templated":true}]}}