{"id":8764,"date":"2021-02-19T10:42:25","date_gmt":"2021-02-19T13:42:25","guid":{"rendered":"http:\/\/oasisfm935.com\/site\/?p=8764"},"modified":"2021-02-19T11:02:52","modified_gmt":"2021-02-19T14:02:52","slug":"ingeniero-luggi-vacunacion-de-adultos-mayorescuidadores-y-enfermeros-de-los-cuatro-geriatricos-locales","status":"publish","type":"post","link":"https:\/\/oasisfm935.com.ar\/site\/ingeniero-luggi-vacunacion-de-adultos-mayorescuidadores-y-enfermeros-de-los-cuatro-geriatricos-locales\/","title":{"rendered":"Ingeniero Luggi: Vacunacion de adultos mayores, cuidadores y enfermeros de los cuatro geri\u00e1tricos locales."},"content":{"rendered":"<p>Desde el servicio de vacunacion del hospital local se llev\u00f3 a cabo en 48 horas la vacunacion de adultos mayores, cuidadores y enfermeros de los cuatro geri\u00e1tricos de la localidad con la vacuna sputnik v pra el covid 19.<\/p>\n<p><a href=\"http:\/\/oasisfm935.com\/site\/wp-content\/uploads\/2021\/02\/IMG-20210219-WA0027.jpg\"><img loading=\"lazy\" decoding=\"async\" class=\"alignnone size-full wp-image-8765\" src=\"http:\/\/oasisfm935.com\/site\/wp-content\/uploads\/2021\/02\/IMG-20210219-WA0027.jpg\" alt=\"\" width=\"521\" height=\"1156\" srcset=\"https:\/\/oasisfm935.com.ar\/site\/wp-content\/uploads\/2021\/02\/IMG-20210219-WA0027.jpg 521w, https:\/\/oasisfm935.com.ar\/site\/wp-content\/uploads\/2021\/02\/IMG-20210219-WA0027-135x300.jpg 135w, https:\/\/oasisfm935.com.ar\/site\/wp-content\/uploads\/2021\/02\/IMG-20210219-WA0027-462x1024.jpg 462w\" sizes=\"auto, (max-width: 521px) 100vw, 521px\" \/><\/a><\/p>\n<p>Fm Oasis di\u00e1logo con la Dra Kedes donde destac\u00f3 el alto porcentaje de aceptaci\u00f3n por parte de la familia de los adultos mayores.<\/p>\n<p><a href=\"http:\/\/oasisfm935.com\/site\/wp-content\/uploads\/2021\/02\/IMG-20210219-WA0033.jpg\"><img loading=\"lazy\" decoding=\"async\" class=\"alignnone size-full wp-image-8766\" src=\"http:\/\/oasisfm935.com\/site\/wp-content\/uploads\/2021\/02\/IMG-20210219-WA0033.jpg\" alt=\"\" width=\"521\" height=\"1156\" srcset=\"https:\/\/oasisfm935.com.ar\/site\/wp-content\/uploads\/2021\/02\/IMG-20210219-WA0033.jpg 521w, https:\/\/oasisfm935.com.ar\/site\/wp-content\/uploads\/2021\/02\/IMG-20210219-WA0033-135x300.jpg 135w, https:\/\/oasisfm935.com.ar\/site\/wp-content\/uploads\/2021\/02\/IMG-20210219-WA0033-462x1024.jpg 462w\" sizes=\"auto, (max-width: 521px) 100vw, 521px\" \/><\/a> <a href=\"http:\/\/oasisfm935.com\/site\/wp-content\/uploads\/2021\/02\/IMG-20210219-WA0031.jpg\"><img loading=\"lazy\" decoding=\"async\" class=\"alignnone size-full wp-image-8767\" src=\"http:\/\/oasisfm935.com\/site\/wp-content\/uploads\/2021\/02\/IMG-20210219-WA0031.jpg\" alt=\"\" width=\"521\" height=\"1156\" srcset=\"https:\/\/oasisfm935.com.ar\/site\/wp-content\/uploads\/2021\/02\/IMG-20210219-WA0031.jpg 521w, https:\/\/oasisfm935.com.ar\/site\/wp-content\/uploads\/2021\/02\/IMG-20210219-WA0031-135x300.jpg 135w, https:\/\/oasisfm935.com.ar\/site\/wp-content\/uploads\/2021\/02\/IMG-20210219-WA0031-462x1024.jpg 462w\" sizes=\"auto, (max-width: 521px) 100vw, 521px\" \/><\/a><br \/>\nMuy pocos casos las familias no autorizaron la vacunaci\u00f3n.<\/p>\n<p>Recordemos que en la primera etapa se vacuno personal de salud publico y algunos privados que ya recibieron las dos dosis.<\/p>\n<p><a href=\"http:\/\/oasisfm935.com\/site\/wp-content\/uploads\/2021\/02\/IMG-20210219-WA0026.jpg\"><img loading=\"lazy\" decoding=\"async\" class=\"alignnone size-full wp-image-8768\" src=\"http:\/\/oasisfm935.com\/site\/wp-content\/uploads\/2021\/02\/IMG-20210219-WA0026.jpg\" alt=\"\" width=\"521\" height=\"1156\" srcset=\"https:\/\/oasisfm935.com.ar\/site\/wp-content\/uploads\/2021\/02\/IMG-20210219-WA0026.jpg 521w, https:\/\/oasisfm935.com.ar\/site\/wp-content\/uploads\/2021\/02\/IMG-20210219-WA0026-135x300.jpg 135w, https:\/\/oasisfm935.com.ar\/site\/wp-content\/uploads\/2021\/02\/IMG-20210219-WA0026-462x1024.jpg 462w\" sizes=\"auto, (max-width: 521px) 100vw, 521px\" \/><\/a> <a href=\"http:\/\/oasisfm935.com\/site\/wp-content\/uploads\/2021\/02\/IMG-20210219-WA0024.jpg\"><img loading=\"lazy\" decoding=\"async\" class=\"alignnone size-full wp-image-8769\" src=\"http:\/\/oasisfm935.com\/site\/wp-content\/uploads\/2021\/02\/IMG-20210219-WA0024.jpg\" alt=\"\" width=\"521\" height=\"1156\" srcset=\"https:\/\/oasisfm935.com.ar\/site\/wp-content\/uploads\/2021\/02\/IMG-20210219-WA0024.jpg 521w, https:\/\/oasisfm935.com.ar\/site\/wp-content\/uploads\/2021\/02\/IMG-20210219-WA0024-135x300.jpg 135w, https:\/\/oasisfm935.com.ar\/site\/wp-content\/uploads\/2021\/02\/IMG-20210219-WA0024-462x1024.jpg 462w\" sizes=\"auto, (max-width: 521px) 100vw, 521px\" \/><\/a> <a href=\"http:\/\/oasisfm935.com\/site\/wp-content\/uploads\/2021\/02\/IMG-20210219-WA0016.jpg\"><img loading=\"lazy\" decoding=\"async\" class=\"alignnone size-full wp-image-8770\" src=\"http:\/\/oasisfm935.com\/site\/wp-content\/uploads\/2021\/02\/IMG-20210219-WA0016.jpg\" alt=\"\" width=\"960\" height=\"1280\" srcset=\"https:\/\/oasisfm935.com.ar\/site\/wp-content\/uploads\/2021\/02\/IMG-20210219-WA0016.jpg 960w, https:\/\/oasisfm935.com.ar\/site\/wp-content\/uploads\/2021\/02\/IMG-20210219-WA0016-225x300.jpg 225w, https:\/\/oasisfm935.com.ar\/site\/wp-content\/uploads\/2021\/02\/IMG-20210219-WA0016-768x1024.jpg 768w\" sizes=\"auto, (max-width: 960px) 100vw, 960px\" \/><\/a> <a href=\"http:\/\/oasisfm935.com\/site\/wp-content\/uploads\/2021\/02\/IMG-20210219-WA0017.jpg\"><img loading=\"lazy\" decoding=\"async\" class=\"alignnone size-full wp-image-8771\" src=\"http:\/\/oasisfm935.com\/site\/wp-content\/uploads\/2021\/02\/IMG-20210219-WA0017.jpg\" alt=\"\" width=\"521\" height=\"1156\" srcset=\"https:\/\/oasisfm935.com.ar\/site\/wp-content\/uploads\/2021\/02\/IMG-20210219-WA0017.jpg 521w, https:\/\/oasisfm935.com.ar\/site\/wp-content\/uploads\/2021\/02\/IMG-20210219-WA0017-135x300.jpg 135w, https:\/\/oasisfm935.com.ar\/site\/wp-content\/uploads\/2021\/02\/IMG-20210219-WA0017-462x1024.jpg 462w\" sizes=\"auto, (max-width: 521px) 100vw, 521px\" \/><\/a><\/p>\n<p>Desde ya agradecemos la predisposici\u00f3n y responsabilidad de las personas que se vacunaron, colaborando de este modo para combatir esta pandemia destac\u00f3 la Dra.<\/p>\n<p><a href=\"http:\/\/oasisfm935.com\/site\/wp-content\/uploads\/2021\/02\/IMG-20210219-WA0006.jpg\"><img loading=\"lazy\" decoding=\"async\" class=\"alignnone size-full wp-image-8772\" src=\"http:\/\/oasisfm935.com\/site\/wp-content\/uploads\/2021\/02\/IMG-20210219-WA0006.jpg\" alt=\"\" width=\"1156\" height=\"521\" srcset=\"https:\/\/oasisfm935.com.ar\/site\/wp-content\/uploads\/2021\/02\/IMG-20210219-WA0006.jpg 1156w, https:\/\/oasisfm935.com.ar\/site\/wp-content\/uploads\/2021\/02\/IMG-20210219-WA0006-300x135.jpg 300w, https:\/\/oasisfm935.com.ar\/site\/wp-content\/uploads\/2021\/02\/IMG-20210219-WA0006-1024x462.jpg 1024w, https:\/\/oasisfm935.com.ar\/site\/wp-content\/uploads\/2021\/02\/IMG-20210219-WA0006-768x346.jpg 768w\" sizes=\"auto, (max-width: 1156px) 100vw, 1156px\" \/><\/a><\/p>\n<p>Estaremos informando como sigue la estrategia de la vacunacion desde salud p\u00fablica y el hospital local, queremos saludar a toda la comunidad de ingeniero luiggi\u00a0por escucharnos y confiar en el equipo de salud.<\/p>\n<div class=\"oasis-despues-del-contenido\" id=\"oasis-2103449785\"><img loading=\"lazy\" decoding=\"async\" src=\"https:\/\/oasisfm935.com.ar\/site\/wp-content\/uploads\/2020\/08\/47806202-8741-49f2-a5c9-d2f930e5baa1.jpg\" alt=\"\"  srcset=\"https:\/\/oasisfm935.com.ar\/site\/wp-content\/uploads\/2020\/08\/47806202-8741-49f2-a5c9-d2f930e5baa1.jpg 1080w, https:\/\/oasisfm935.com.ar\/site\/wp-content\/uploads\/2020\/08\/47806202-8741-49f2-a5c9-d2f930e5baa1-300x300.jpg 300w, https:\/\/oasisfm935.com.ar\/site\/wp-content\/uploads\/2020\/08\/47806202-8741-49f2-a5c9-d2f930e5baa1-1024x1024.jpg 1024w, https:\/\/oasisfm935.com.ar\/site\/wp-content\/uploads\/2020\/08\/47806202-8741-49f2-a5c9-d2f930e5baa1-150x150.jpg 150w, https:\/\/oasisfm935.com.ar\/site\/wp-content\/uploads\/2020\/08\/47806202-8741-49f2-a5c9-d2f930e5baa1-768x768.jpg 768w\" sizes=\"(max-width: 1080px) 100vw, 1080px\" class=\"no-lazyload\" width=\"1080\" height=\"1080\"  style=\"display: inline-block;\" \/><\/div>","protected":false},"excerpt":{"rendered":"<p>Desde el servicio de vacunacion del hospital local se llev\u00f3 a cabo en 48 horas la vacunacion de adultos mayores, cuidadores y<\/p>\n","protected":false},"author":4,"featured_media":8782,"comment_status":"closed","ping_status":"open","sticky":false,"template":"","format":"standard","meta":{"colormag_page_layout":"default_layout","footnotes":""},"categories":[2],"tags":[],"class_list":["post-8764","post","type-post","status-publish","format-standard","has-post-thumbnail","hentry","category-noticias"],"_links":{"self":[{"href":"https:\/\/oasisfm935.com.ar\/site\/wp-json\/wp\/v2\/posts\/8764","targetHints":{"allow":["GET"]}}],"collection":[{"href":"https:\/\/oasisfm935.com.ar\/site\/wp-json\/wp\/v2\/posts"}],"about":[{"href":"https:\/\/oasisfm935.com.ar\/site\/wp-json\/wp\/v2\/types\/post"}],"author":[{"embeddable":true,"href":"https:\/\/oasisfm935.com.ar\/site\/wp-json\/wp\/v2\/users\/4"}],"replies":[{"embeddable":true,"href":"https:\/\/oasisfm935.com.ar\/site\/wp-json\/wp\/v2\/comments?post=8764"}],"version-history":[{"count":4,"href":"https:\/\/oasisfm935.com.ar\/site\/wp-json\/wp\/v2\/posts\/8764\/revisions"}],"predecessor-version":[{"id":8785,"href":"https:\/\/oasisfm935.com.ar\/site\/wp-json\/wp\/v2\/posts\/8764\/revisions\/8785"}],"wp:featuredmedia":[{"embeddable":true,"href":"https:\/\/oasisfm935.com.ar\/site\/wp-json\/wp\/v2\/media\/8782"}],"wp:attachment":[{"href":"https:\/\/oasisfm935.com.ar\/site\/wp-json\/wp\/v2\/media?parent=8764"}],"wp:term":[{"taxonomy":"category","embeddable":true,"href":"https:\/\/oasisfm935.com.ar\/site\/wp-json\/wp\/v2\/categories?post=8764"},{"taxonomy":"post_tag","embeddable":true,"href":"https:\/\/oasisfm935.com.ar\/site\/wp-json\/wp\/v2\/tags?post=8764"}],"curies":[{"name":"wp","href":"https:\/\/api.w.org\/{rel}","templated":true}]}}