{"id":8787,"date":"2021-02-25T21:39:12","date_gmt":"2021-02-26T00:39:12","guid":{"rendered":"http:\/\/oasisfm935.com\/site\/?p=8787"},"modified":"2021-02-25T21:39:12","modified_gmt":"2021-02-26T00:39:12","slug":"la-pampa-habilitaron-presencia-de-publico-en-los-escenarios-deportivos","status":"publish","type":"post","link":"https:\/\/oasisfm935.com.ar\/site\/la-pampa-habilitaron-presencia-de-publico-en-los-escenarios-deportivos\/","title":{"rendered":"La Pampa: Habilitaron presencia de p\u00fablico en los escenarios deportivos"},"content":{"rendered":"<p>El Gobierno dio luz verde a la presencia de espectacores en aforos. Regir\u00e1 desde marzo y habr\u00e1 l\u00edmites de 400 personas al aire libre y 200 en espacios cerrados.<\/p>\n<p>El Gobierno de la provincia de La Pampa habilit\u00f3 finalmente la presencia del p\u00fablico en los estadios deportivos. Aunque fij\u00f3 las especificaciones que deber\u00e1n respetarse en las instituciones para que haya espectadores en las competencias a partir del mes pr\u00f3ximo.<\/p>\n<p>Respondiendo a las demandas de los clubes, que tienen en el ingreso de espectadores una forma de recaudaci\u00f3n econ\u00f3mica, y atendiendo a las obligaciones que la pandemia de COVID 19 impone, se fijaron los l\u00edmites de hasta 400 personas cuando las competencias sean en espacios abiertos y en hasta 200 cuando se realicen bajo techo.<\/p>\n<p>Otra disposici\u00f3n es que en las gradas (tribunas) deber\u00e1 haber una distancia de 2 metros para adelante, 2 para atr\u00e1s y 2 para los costados entre un espectador y otro. Cuando la ubicaci\u00f3n sea en otro sector \u2013paradas alrededor de un alambrado ol\u00edmpico, por ejemplo- cada persona deber\u00e1 ubicarse a dos metros de la otra hacia los costados<\/p>\n<p>En el marco de un trabajo conjunto entre el Estado y las entidades, ser\u00e1n \u00e9stas las que deber\u00e1n informar a la Subsecretar\u00eda de Deportes el espacio disponible en cada escenario, a fin de coordinar fehacientemente el n\u00famero de p\u00fablico que tendr\u00e1n habilitado cada una. Se reitera, al respecto, que los l\u00edmites fijados \u2013hasta 400 y hasta 200- son generales.<\/p>\n<p>Las instituciones tendr\u00e1n tambi\u00e9n bajo su responsabilidad la continuidad de las medidas preventivas ya conocidas, como por ejemplo la desinfecci\u00f3n de los espacios o el uso de tapabocas. Y se mantiene la prohibici\u00f3n de vender entradas el d\u00eda de juego, para evitar aglomeraciones.<\/p>\n<p>El equipo de Control de Protocolo de la Subsecretar\u00eda tendr\u00e1 a su cargo velar por el cumplimiento de las medidas, que significan un nuevo avance en direcci\u00f3n a la normalidad de las actividades deportivas que se experimenta desde este mes, con el regreso de los entrenamientos convencionales y que continuar\u00e1 en marzo con retorno de las competencias federadas.<\/p>\n<div class=\"oasis-despues-del-contenido\" id=\"oasis-2281584996\"><img loading=\"lazy\" decoding=\"async\" src=\"https:\/\/oasisfm935.com.ar\/site\/wp-content\/uploads\/2020\/08\/47806202-8741-49f2-a5c9-d2f930e5baa1.jpg\" alt=\"\"  srcset=\"https:\/\/oasisfm935.com.ar\/site\/wp-content\/uploads\/2020\/08\/47806202-8741-49f2-a5c9-d2f930e5baa1.jpg 1080w, https:\/\/oasisfm935.com.ar\/site\/wp-content\/uploads\/2020\/08\/47806202-8741-49f2-a5c9-d2f930e5baa1-300x300.jpg 300w, https:\/\/oasisfm935.com.ar\/site\/wp-content\/uploads\/2020\/08\/47806202-8741-49f2-a5c9-d2f930e5baa1-1024x1024.jpg 1024w, https:\/\/oasisfm935.com.ar\/site\/wp-content\/uploads\/2020\/08\/47806202-8741-49f2-a5c9-d2f930e5baa1-150x150.jpg 150w, https:\/\/oasisfm935.com.ar\/site\/wp-content\/uploads\/2020\/08\/47806202-8741-49f2-a5c9-d2f930e5baa1-768x768.jpg 768w\" sizes=\"(max-width: 1080px) 100vw, 1080px\" class=\"no-lazyload\" width=\"1080\" height=\"1080\"  style=\"display: inline-block;\" \/><\/div>","protected":false},"excerpt":{"rendered":"<p>El Gobierno dio luz verde a la presencia de espectacores en aforos. Regir\u00e1 desde marzo y habr\u00e1 l\u00edmites de 400 personas al<\/p>\n","protected":false},"author":4,"featured_media":8788,"comment_status":"closed","ping_status":"open","sticky":false,"template":"","format":"standard","meta":{"colormag_page_layout":"default_layout","footnotes":""},"categories":[2],"tags":[],"class_list":["post-8787","post","type-post","status-publish","format-standard","has-post-thumbnail","hentry","category-noticias"],"_links":{"self":[{"href":"https:\/\/oasisfm935.com.ar\/site\/wp-json\/wp\/v2\/posts\/8787","targetHints":{"allow":["GET"]}}],"collection":[{"href":"https:\/\/oasisfm935.com.ar\/site\/wp-json\/wp\/v2\/posts"}],"about":[{"href":"https:\/\/oasisfm935.com.ar\/site\/wp-json\/wp\/v2\/types\/post"}],"author":[{"embeddable":true,"href":"https:\/\/oasisfm935.com.ar\/site\/wp-json\/wp\/v2\/users\/4"}],"replies":[{"embeddable":true,"href":"https:\/\/oasisfm935.com.ar\/site\/wp-json\/wp\/v2\/comments?post=8787"}],"version-history":[{"count":1,"href":"https:\/\/oasisfm935.com.ar\/site\/wp-json\/wp\/v2\/posts\/8787\/revisions"}],"predecessor-version":[{"id":8789,"href":"https:\/\/oasisfm935.com.ar\/site\/wp-json\/wp\/v2\/posts\/8787\/revisions\/8789"}],"wp:featuredmedia":[{"embeddable":true,"href":"https:\/\/oasisfm935.com.ar\/site\/wp-json\/wp\/v2\/media\/8788"}],"wp:attachment":[{"href":"https:\/\/oasisfm935.com.ar\/site\/wp-json\/wp\/v2\/media?parent=8787"}],"wp:term":[{"taxonomy":"category","embeddable":true,"href":"https:\/\/oasisfm935.com.ar\/site\/wp-json\/wp\/v2\/categories?post=8787"},{"taxonomy":"post_tag","embeddable":true,"href":"https:\/\/oasisfm935.com.ar\/site\/wp-json\/wp\/v2\/tags?post=8787"}],"curies":[{"name":"wp","href":"https:\/\/api.w.org\/{rel}","templated":true}]}}