{"id":8796,"date":"2021-03-01T20:09:26","date_gmt":"2021-03-01T23:09:26","guid":{"rendered":"http:\/\/oasisfm935.com\/site\/?p=8796"},"modified":"2021-03-01T20:09:57","modified_gmt":"2021-03-01T23:09:57","slug":"la-pampa-ziliotto-anuncio-la-construccion-de-nuevo-hospital-de-nivel-4","status":"publish","type":"post","link":"https:\/\/oasisfm935.com.ar\/site\/la-pampa-ziliotto-anuncio-la-construccion-de-nuevo-hospital-de-nivel-4\/","title":{"rendered":"La Pampa: Ziliotto anunci\u00f3 la construcci\u00f3n de nuevo hospital de nivel 4"},"content":{"rendered":"<p class=\"lead nota-detalle-bajada\">El mandatario pampeano\u00a0 dej\u00f3 inaugurado el a\u00f1o parlamentario, durante una sesi\u00f3n Legislativa \u00a0encabezada por el Presidente del cuerpo, Mariano Fern\u00e1ndez.<\/p>\n<div class=\"nota-detalle-cuerpo\">En el recinto se encontraban presentes diputados y diputadas provinciales de los distintos bloques legislativos y \u00a0un n\u00famero reducido de funcionarios del Poder Ejecutivo, del Poder Judicial,\u00a0 e invitados especiales.<br \/>\nEn su discurso, el gobernador, ratific\u00f3 el rol del Estado como medio para corregir inequidades, destac\u00f3 la necesidad de seguir dialogando y generando consensos, al tiempo que reivindic\u00f3 a la pol\u00edtica como la herramienta para resolver los problemas y necesidades de pampeanas y pampeanos.<br \/>\nAsimismo, \u00a0detall\u00f3 las acciones desarrolladas durante 2020 para contener la pandemia y mantener las actividades econ\u00f3micas y el desarrollo productivo, al tiempo que deline\u00f3 cu\u00e1les ser\u00e1n los principales ejes de gesti\u00f3n para 2021.<strong>A continuaci\u00f3n el discurso completo del gobernador Sergio Ziliotto:<\/strong><\/p>\n<p>Se\u00f1or Vicegobernador, se\u00f1or presidente del Superior Tribunal de Justicia, se\u00f1ora presidenta del Tribunal de Cuentas, Se\u00f1or Fiscal de Investigaciones Administrativas, legisladores nacionales, autoridades provinciales y nacionales, se\u00f1oras y se\u00f1ores diputados, pueblo de mi provincia.<\/p>\n<p>Por mandato constitucional vengo a informar el estado de la administraci\u00f3n provincial ante este \u00e1mbito representativo de la voluntad popular.<\/p>\n<p>El mundo identificar\u00e1 el 2020 como el a\u00f1o en que se rompi\u00f3 la normalidad y en el que se trastocaron las prioridades.<\/p>\n<p>Todas las agendas p\u00fablicas debieron modificarse para enfrentar lo desconocido.<\/p>\n<p>La irrupci\u00f3n del COVID-19 puso a prueba la capacidad de respuesta del Estado para afrontar las consecuencias sanitarias y econ\u00f3micas de este virus letal.<\/p>\n<p>En La Pampa, la vigencia de un Estado Presente nos permiti\u00f3 ejecutar acciones eficaces y eficientes para cuidar a las y los pampeanos.<\/p>\n<p>Invertimos fuertemente en el sistema p\u00fablico de salud.<\/p>\n<p>Ampliamos y optimizamos infraestructura, incorporamos equipamiento de \u00faltima tecnolog\u00eda, reforzamos la compra de insumos y sumamos recurso humano.<\/p>\n<p>Un pormenorizado informe del Tribunal de Cuentas indica que, durante el a\u00f1o 2020, la atenci\u00f3n de la pandemia origin\u00f3 una inversi\u00f3n en el \u00e1rea salud de 1.277.544.961 pesos.<\/p>\n<p>La adaptaci\u00f3n del Centro de Medicina Nuclear en un \u00e1mbito para asistir a pacientes con diagn\u00f3stico de Covid-19 con diferentes complejidades,\u00a0<strong>el<\/strong>\u00a0aumento de las camas de terapia intensiva de los hospitales Lucio Molas y Gobernador Centeno, la ejecuci\u00f3n de dispositivos hospitalarios modulares en Santa Rosa y General Pico para incrementar la capacidad de internaci\u00f3n, la adquisici\u00f3n de equipamiento para destinar a estos nuevos dispositivos, la contrataci\u00f3n de hoteles y alojamientos para aislamiento de personas y seguimiento y control de pacientes, y la compra de insumos para llevar adelante m\u00e1s de 50 mil testeos, son algunos ejemplos de dicha inversi\u00f3n.<\/p>\n<p>Este esfuerzo tuvo el invalorable acompa\u00f1amiento del personal sanitario, un recurso estrat\u00e9gico que debimos incrementar.<\/p>\n<p>Estudiantes de enfermer\u00eda, enfermeros, kinesi\u00f3logos y m\u00e9dicos fueron incorporados con el objeto de cubrir los distintos dispositivos creados para la pandemia, pero tambi\u00e9n para cuidar a quienes, por tener factores de riesgo, tuvieron que permanecer en sus casas.<br \/>\nEllo llev\u00f3 a destinar 430 millones de pesos para la contrataci\u00f3n temporaria de 950 personas.<\/p>\n<p>Desde el Gobierno Provincial, y seguramente de toda la comunidad, vamos a tener eterna gratitud con quienes desde la trinchera cuidaron la salud de todas y de todos los pampeanos.<\/p>\n<p>Que accedieran prioritariamente a la vacuna fue darles una gran herramienta esperanzadora que les dar\u00e1 seguridad y respaldo para lo que a\u00fan falta.<br \/>\nPorque la pandemia no termin\u00f3. Es nuestra obligaci\u00f3n acompa\u00f1arlos en esta batalla y brindarles nuestra mayor responsabilidad individual.<\/p>\n<p>Independientemente de la pandemia, una vez m\u00e1s sobresali\u00f3 el objetivo de mantener inalterable la capacidad de respuesta y jerarqu\u00eda del sistema p\u00fablico de salud pampeano.<\/p>\n<p>Se profundiz\u00f3 la atenci\u00f3n primaria.<br \/>\nCada pueblo con m\u00e1s de 500 habitantes cuenta con su m\u00e9dico.<br \/>\nTodas y todos tienen garantizado el acceso gratuito a los medicamentos.<\/p>\n<p>En el \u00e1rea de Salud Mental se concluy\u00f3 y se puso en marca el Centro Educativo Terap\u00e9utico San Roque, Hospital de D\u00eda Comunitario con Opci\u00f3n Residencial, que se encuentra ubicado en la localidad de Arata y permite disminuir las derivaciones fuera de la Provincia.<\/p>\n<p>Est\u00e1 en pleno desarrollo el cronograma de puesta en marcha del Hospital de Complejidad Creciente en la ciudad de Santa Rosa, para lo cual hemos presentado ante autoridades nacionales los requerimientos para su equipamiento.<\/p>\n<p>Durante el corriente a\u00f1o licitaremos la construcci\u00f3n de un nuevo hospital de nivel 4. Ello nos permitir\u00e1, \u00a0en La Adela, realizar partos y cirug\u00edas, como muestra de una pol\u00edtica de incorporaci\u00f3n de mayor complejidad en todo el territorio pampeano.<\/p>\n<p>En 2021 y con financiamiento nacional, el hospital de Victorica contar\u00e1 con tom\u00f3grafo de \u00faltima generaci\u00f3n.<br \/>\nDe esta manera, las cinco zonas sanitarias estar\u00e1n integradas a la red de tomograf\u00eda provincial por telemedicina, al sumarse Victorica a los servicios de diagn\u00f3sticos por im\u00e1genes que ya disponemos en 25 de Mayo, General Acha, Realic\u00f3 y General Pico<\/p>\n<p>As\u00ed como asumimos prioritario cuidar la salud, nos ocupamos de llegar r\u00e1pidamente a los sectores sociales m\u00e1s vulnerables y delineamos un esquema de auxilio a las peque\u00f1as y medianas empresas, a las cooperativas y a los clubes.<\/p>\n<p>Implementamos medidas de asistencia econ\u00f3mica, pr\u00f3rroga de vencimientos de impuestos provinciales y de cr\u00e9ditos Ley 2870.<\/p>\n<p>El acompa\u00f1amiento del Gobierno de la Provincia a nuestras cooperativas, permiti\u00f3 que el precio de la energ\u00eda en La Pampa se mantuviera inalterable durante 16 meses.<\/p>\n<p>En tal sentido realizamos un aporte provincial de 350 millones de pesos para amortiguar los efectos de la combinaci\u00f3n del incremento de sus costos y el congelamiento de las tarifas.<br \/>\nEllo se complement\u00f3 con el diferimiento de vencimientos a usuarios residenciales, comerciales e industriales, haci\u00e9ndonos cargo de su costo financiero.<\/p>\n<p>Las medidas de ayuda directa a personas, principalmente alimentarias, fueron llevadas adelante en coordinaci\u00f3n con las administraciones municipales, en el marco de una descentralizaci\u00f3n de responsabilidades con transferencia de recursos, por un monto de 206 millones de pesos.<\/p>\n<p>En la certeza que las Municipalidades y Comisiones de Fomento no fueron ajenas a la crisis, transferimos 486 millones de pesos como anticipo de coparticipaci\u00f3n, a reintegrar en 24 meses desde enero pasado y sin inter\u00e9s.<\/p>\n<p>El Banco de La Pampa tuvo un rol trascendental en el sostenimiento y desarrollo de la econom\u00eda provincial.<\/p>\n<p>Fue as\u00ed que financi\u00f3 6.600 millones de pesos para pagar salarios o en promociones para sostener el consumo en tiempos de pandemia.<\/p>\n<p>Achicar el costo de dicho financiamiento, en su mayor\u00eda a tasa 0, determin\u00f3 que el Banco de La Pampa aportase de sus recursos la suma de 1.865 millones de pesos.<\/p>\n<p>La contundencia de estos n\u00fameros muestra, una vez m\u00e1s, el rol que cumple el Banco, un Banco al servicio de sus due\u00f1os, las y los pampeanos.<\/p>\n<p>Como lo pueden ver, dimos respuesta a las urgencias sanitarias y a las necesidades econ\u00f3micas buscando el equilibrio entre ambas demandas.<\/p>\n<p>Pero no lo hemos hecho solos. Cometer\u00eda un grave error si no reconociera el acompa\u00f1amiento que hemos tenido de la enorme mayor\u00eda de la ciudadan\u00eda pampeana, de las y los Intendentes, de este Poder Legislativo, del Poder Judicial y del Tribunal de Cuentas.<\/p>\n<p>Hemos convocado un Comit\u00e9 de Emergencia Sanitario, integrado por los Poderes del Estado. Entre todas y todos entendimos la complejidad del escenario a partir del di\u00e1logo honesto y de actitudes responsables.<\/p>\n<p>Aunque en varias ocasiones hemos discrepado en las formas o en las herramientas, coincidimos en identificar el objetivo final.<\/p>\n<p>Es necesario destacar tambi\u00e9n el apoyo incondicional del Gobierno Nacional que dio al federalismo categor\u00eda de pol\u00edtica de Estado.<\/p>\n<p>Encontramos en nuestro presidente Alberto Fern\u00e1ndez, y en todo su gabinete, respuestas concretas e inmediatas para cuidar la salud de pampeanas y pampeanos, como as\u00ed tambi\u00e9n para sostener sus actividades econ\u00f3micas y sus fuentes de trabajo.<\/p>\n<p>Esa es una acabada muestra que La Pampa volvi\u00f3 a ser considerada en el contexto nacional.<\/p>\n<p>Es por ello que estamos identificados y comprometidos con la tarea de poner a la Argentina de pie.<\/p>\n<p>Sabemos que es posible<strong>.\u00a0<\/strong>A\u00fan a pesar de esa tormenta perfecta que uni\u00f3 un comienzo de gesti\u00f3n con un pa\u00eds en default y una pandemia extremadamente agresiva e imprevisible que deton\u00f3 la econom\u00eda mundial.<\/p>\n<p>En La Pampa no fuimos ajenos a las consecuencias de esa tormenta perfecta.<\/p>\n<p>La ca\u00edda de la econom\u00eda y su correlato en la recaudaci\u00f3n, comenz\u00f3 a hacer mella en las arcas provinciales. Los efectos de la pandemia, impactaron negativamente en los recursos y generaron nuevos gastos e inversiones.<\/p>\n<p>A mitad del a\u00f1o pasado, la baja de los ingresos tuvo su mayor expresi\u00f3n, y mientras otras provincias deb\u00edan recurrir al endeudamiento, en La Pampa para seguir dando respuestas a\u00fan en la crisis, apelamos a las reservas.<\/p>\n<p>As\u00ed, el Gobierno Provincial pudo sostener el nivel y la calidad de los servicios que brinda, gracias a una administraci\u00f3n ordenada y a la decisi\u00f3n pol\u00edtica de generar fondos antic\u00edclicos que se generan por los ahorros.<br \/>\nEllo muestra la fortaleza financiera que, hered\u00e9 de la gesti\u00f3n de Carlos Verna.<\/p>\n<p>Sin dudas que uno de los objetivos a mediano plazo ser\u00e1 recuperar el super\u00e1vit y las reservas, aun habiendo proyectado un importante d\u00e9ficit para el ejercicio en curso.<\/p>\n<p>Las se\u00f1ales de reactivaci\u00f3n en el contexto nacional como lo muestra, en los \u00faltimos meses, el crecimiento de la coparticipaci\u00f3n federal de impuestos por encima del \u00edndice inflacionario, nos hacen a\u00fan m\u00e1s optimistas.<\/p>\n<p>Sabemos que un complemento estrat\u00e9gico ser\u00e1 la expansi\u00f3n econ\u00f3mica.<\/p>\n<p>Por eso seguiremos financiando medidas destinadas a acelerar el proceso de recuperaci\u00f3n econ\u00f3mica y del desarrollo provincial.<\/p>\n<p>Hemos activado el Plan de Promoci\u00f3n de la Inversi\u00f3n Productiva que contiene herramientas que generan certidumbre y reglas de juego claras y duraderas para quienes asumen el riesgo de invertir.<\/p>\n<p>As\u00ed, todos los sectores econ\u00f3micos tendr\u00e1n acceso a financiamiento a largo plazo, subsidio de tasas, garant\u00edas del Estado, reducci\u00f3n de impuestos y subsidios para generar empleo.<\/p>\n<p>Sabemos que los empresarios pampeanos valoran el apoyo oficial y apuestan a la producci\u00f3n a\u00fan en escenarios dif\u00edciles.<\/p>\n<p>Una peque\u00f1a muestra es que, en apenas dos meses, son 69 las pymes que accedieron al subsidio por empleo y reciben 15 mil pesos por mes, durante un a\u00f1o con actualizaci\u00f3n trimestral, por cada nuevo empleo.<\/p>\n<p>Con esta herramienta ya son 130 pampeanas y pampeanos los que se han incorporaron al trabajo registrado.<\/p>\n<p>Durante el presente mes pondremos en marcha la Agencia de Inversiones y Comercio Exterior, un \u00e1mbito que coordinar\u00e1 y potenciar\u00e1 las respuestas del Estado para atraer inversiones y sumar mercados para nuestra producci\u00f3n, como primer objetivo.<\/p>\n<p>Su desaf\u00edo mayor ser\u00e1 lograr una sinergia capaz de optimizar pol\u00edticas p\u00fablicas vinculadas al desarrollo sostenido, a partir de la participaci\u00f3n, el di\u00e1logo y la b\u00fasqueda de consensos entre lo p\u00fablico y lo privado.<br \/>\nEn tal sentido, pido a esta legislatura la designaci\u00f3n de quienes la representar\u00e1n en esta agencia.<\/p>\n<p>As\u00ed como identific\u00e1bamos la expansi\u00f3n econ\u00f3mica como determinante para la reactivaci\u00f3n, asumimos que la recuperaci\u00f3n del empleo y de los ingresos de los asalariados incrementa el consumo y potencia la reactivaci\u00f3n.<\/p>\n<p>En el transcurso de la pandemia, fuimos la \u00fanica Provincia que mantuvo sus paritarias abiertas.\u00a0 En ese contexto, la situaci\u00f3n de las finanzas provinciales hizo que s\u00f3lo se acordaran los incrementos salariales que se pod\u00edan pagar.<\/p>\n<p>El incremento del 31 % de los haberes m\u00e1s bajos de la Administraci\u00f3n P\u00fablica, aunque no colm\u00f3 las expectativas y necesidades de los trabajadores, represent\u00f3 un enorme esfuerzo financiero en un escenario de incertidumbre y d\u00e9ficit fiscal.<\/p>\n<p>Aun as\u00ed y c\u00f3mo ya lo explicaramos, no podemos soslayar la existencia de un escenario de incipiente reactivaci\u00f3n econ\u00f3mica, que seguramente redundar\u00e1 en un incremento de los recursos.<\/p>\n<p>Ante ello, para el corriente a\u00f1o proyectamos un crecimiento real en los salarios p\u00fablicos, por encima de los efectos de la inflaci\u00f3n<strong>,\u00a0<\/strong>al margen de los efectos que pudieran implicar los acuerdos individuales.<\/p>\n<p>Otra herramienta clave para la dinamizaci\u00f3n de la econom\u00eda y la generaci\u00f3n inmediata de empleo, es la obra p\u00fablica.<\/p>\n<p>Por ello la ejecuci\u00f3n prevista en el presupuesto provincial para 2021 supera los 10 mil 500 millones de pesos, a partir de un fuerte acompa\u00f1amiento del Gobierno Nacional.<\/p>\n<p>Comprende la continuidad de las obras que est\u00e1n actualmente en ejecuci\u00f3n, el inicio de las que est\u00e1n en este momento en proceso de adjudicaci\u00f3n y aquellas pr\u00f3ximas a licitarse.<\/p>\n<p>Todas ellas, con un criterio federal. En cada localidad pampeana hay una obra en ejecuci\u00f3n, licitada, en proceso de licitaci\u00f3n o proyectada.<\/p>\n<p>El detalle de todas estas contrataciones, de obras nuevas o de conservaci\u00f3n, mantenimiento, remodelaci\u00f3n o ampliaci\u00f3n de infraestructura o de edificios p\u00fablicos, ya son conocidos.<\/p>\n<p>Por ello, s\u00f3lo voy a hacer hincapi\u00e9 en la m\u00e1s importante, la m\u00e1s estrat\u00e9gica: la conclusi\u00f3n del Nuevo Edificio Hospital de Complejidad Creciente en la ciudad de Santa Rosa, que se convertir\u00e1 en un centro de referencia regional en materia sanitaria.<\/p>\n<p>M\u00e1s all\u00e1 del costo de su construcci\u00f3n, invertiremos m\u00e1s de 2 mil millones de pesos en equipamiento m\u00e9dico e inform\u00e1tico, con un considerable aporte del Gobierno Nacional.<\/p>\n<p>Otro aspecto que merece destacarse son los m\u00e1s de 3 mil 500 millones de pesos destinados a mejorar las rutas provinciales. Ello incrementar\u00e1 la seguridad vial y tambi\u00e9n optimizar\u00e1 nuestra infraestructura al servicio de la actividad econ\u00f3mica.<\/p>\n<p>A ello deben sumarse la reactivaci\u00f3n, con recursos federales, de obras en las rutas nacionales 35, 188, 151, y pr\u00f3ximamente 152, luego de un prologando tiempo de inacci\u00f3n, producto de decisiones del gobierno nacional anterior.<\/p>\n<p>La construcci\u00f3n de viviendas es la obra p\u00fablica por excelencia, no s\u00f3lo por su impacto en la econom\u00eda y el empleo, sino principalmente porque su concreci\u00f3n genera dignidad ante el acceso al techo propio.<\/p>\n<p>Durante 2020 pusimos en marcha la ejecuci\u00f3n de 1.000 viviendas, exclusivamente con recursos provinciales por 3 mil 200 millones de pesos. Todas las localidades tendr\u00e1n acceso a esta operatoria.<\/p>\n<p>Hace un a\u00f1o, en este mismo recinto, confi\u00e1bamos en que el Gobierno Nacional reactive la pol\u00edtica federal de construcci\u00f3n de viviendas. Un a\u00f1o despu\u00e9s, tenemos la certeza que se ejecutar\u00e1n 894 unidades habitacionales con recursos nacionales por un monto superior a los 3 mil millones de pesos.<\/p>\n<p>Durante el 2020 realizamos la inscripci\u00f3n y reinscripci\u00f3n v\u00eda on line de las familias postulantes a recibir viviendas.<\/p>\n<p>Este relevamiento nos permite conocer que son casi 20 mil las familias pampeanas que demandan una vivienda.\u00a0 Por eso, \u00a0el Plan Mi Casa ser\u00e1 de ejecuci\u00f3n permanente y con recursos provinciales, mientras que demandaremos de los recursos nacionales el mismo comportamiento.<\/p>\n<p>Tampoco hemos archivado nuestro objetivo de utilizar herramientas financieras para ofrecer pr\u00e9stamos hipotecarios para la compra de terrenos y la Construcci\u00f3n, Ampliaci\u00f3n, Refacci\u00f3n y Terminaci\u00f3n de Viviendas.<\/p>\n<p>Esta Legislatura transformo en ley, la promesa de crear el Fideicomiso de Administraci\u00f3n.\u00a0 Con esta herramienta, junto al Banco de La Pampa podremos dar respuestas a m\u00e1s pampeanas y pampeanos.<\/p>\n<p>Como lo expresara la titular de la ANSES en su visita del mes pasado, ratificando un compromiso del Presidente Alberto Fern\u00e1ndez, estamos pr\u00f3ximos a acordar el pago de la hist\u00f3rica deuda con nuestra provincia, recursos que mayoritariamente se destinar\u00e1n a que las familias pampeanas pueden cumplir el sue\u00f1o de la casa propia.<\/p>\n<p>Independientemente de ello, resulta imperioso un mayor esfuerzo, solidaridad y responsabilidad social de quienes ya accedieron a una vivienda construida con recursos p\u00fablicos.<\/p>\n<p>Como ha quedado expresado, concebimos ideol\u00f3gicamente al Estado como eje ordenador de la econom\u00eda provincial, part\u00edcipe en la distribuci\u00f3n de la renta y factor determinante de inclusi\u00f3n social.<\/p>\n<p>Seguiremos interviniendo en la econom\u00eda provincial y ejecutando acciones cuando el mercado no regule o no de respuestas y cuando sea el Estado quien debe asumir riesgos en etapas experimentales para potenciar una nueva actividad productiva.<\/p>\n<p>As\u00ed como valoramos la presencia estrat\u00e9gica del Banco de La Pampa, hemos puesto a PAMPETROL como nave insignia de la soberan\u00eda energ\u00e9tica y enfrentaremos con EMPATEL el desaf\u00edo de achicar la brecha digital y lograr la inclusi\u00f3n tecnol\u00f3gica de todas y de todos los pampeanos, vivan donde vivan.<\/p>\n<p>Durante el presente a\u00f1o, comenzaremos la construcci\u00f3n de una bodega elaboradora de vinos en Casa de Piedra. La actualidad del sector vitivin\u00edcola nos indica que en esta vendimia se producir\u00e1 uva para obtener 380 mil botellas, y que s\u00f3lo el 12 % de esa producci\u00f3n se elabora en La Pampa.<\/p>\n<p>Los altos costos de traslado a su lugar de elaboraci\u00f3n en otras provincias, achican la rentabilidad y la competitividad de quienes han invertido<\/p>\n<p>Como provincia tendremos mayores posibilidades de nuevas inversiones, lograremos mayor fortaleza como productores de vinos, generaremos m\u00e1s puestos de trabajo y potenciaremos las actividades tur\u00edsticas, log\u00edsticas, comerciales y de servicios vinculados a la vitivinicultura.<\/p>\n<p>A partir de esta decisi\u00f3n, en una primera etapa, dispondremos una inversi\u00f3n p\u00fablica aproximada de 1 mill\u00f3n 215 mil d\u00f3lares para contar con una Bodega con capacidad para elaborar 600 mil litros de vino.<\/p>\n<p>Este espacio permitir\u00e1 elaborar los vinos de los inversores de la zona, pero tambi\u00e9n las 20 variedades de uvas que est\u00e1 ensayando el Ente Provincial del R\u00edo Colorado.<\/p>\n<p>Con su concreci\u00f3n consolidaremos el polo productivo a orillas de nuestro R\u00edo Colorado.<\/p>\n<p>Prometimos trabajar para transformar nuestra provincia en productora de energ\u00eda.\u00a0 Hoy contamos con una herramienta estrat\u00e9gica al servicio inversiones productivas y de la generaci\u00f3n de energ\u00eda.<\/p>\n<p>Esta legislatura, otorg\u00f3 a nuestro Plan Estrat\u00e9gico de Energ\u00eda car\u00e1cter de pol\u00edtica de estado para los pr\u00f3ximos 20 a\u00f1os.<\/p>\n<p>Luego de la sanci\u00f3n de la Ley comenzamos a elaborar lineamientos y pautas para su reglamentaci\u00f3n, integrando las mesas de trabajo con las Cooperativas Concesionarias del Servicio P\u00fablico El\u00e9ctrico y con representantes del Gremio Luz y Fuerza que nuclea a las y los trabajadores del sector.<\/p>\n<p>Paralelamente, en el marco de la conversi\u00f3n de Pampetrol en una empresa de energ\u00eda, se produjo su modificaci\u00f3n estatutaria.<\/p>\n<p>Hemos propuesto a la Federaci\u00f3n Pampeana de Cooperativas sumarse a este desaf\u00edo, como socia de la empresa, consolidando la alianza estrat\u00e9gica que siempre hemos tenido con el sector; encontr\u00e1ndose pendiente de aceptaci\u00f3n la propuesta realizada.<\/p>\n<p>Por otra parte, en miras a cumplir el objetivo de generar energ\u00eda el\u00e9ctrica en la provincia Pampetrol SAPEM ya ha iniciado su actividad en el estudio de los recursos energ\u00e9ticos pampeanos y en el desarrollo de proyectos de generaci\u00f3n.<\/p>\n<p>As\u00ed, en el marco de la articulaci\u00f3n con el movimiento cooperativo, se avanza en proyectos con las Cooperativas de 25 de Mayo, General Acha y Macach\u00edn para generar energ\u00eda a partir de fuentes renovables.<\/p>\n<p>Adicionalmente, y con la participaci\u00f3n de los municipios, se est\u00e1 poniendo en marcha el proyecto de generaci\u00f3n de energ\u00eda a partir de residuos s\u00f3lidos urbanos y biomasa.<\/p>\n<p>Este proyecto enlaza los objetivos planteados en el Plan Estrat\u00e9gico de Energ\u00eda y en el Plan de Gesti\u00f3n Integral de Residuos S\u00f3lidos Urbanos que financia el Banco Interamericano de Desarrollo.<\/p>\n<p>Esta planta generadora cuenta con el financiamiento de 360 millones de pesos aportados por el Gobierno Nacional y aportar\u00e1 1,2 megavatios al Sistema El\u00e9ctrico Provincial.<br \/>\nAbarca 45 localidades de nuestra provincia, agrupadas en las microrregiones 1, 2, 6 y 7, que comprenden 260.000 habitantes, lo que representa un \u00a078% de la poblaci\u00f3n pampeana actual.<\/p>\n<p>Esta innovadora iniciativa se enmarca en un sistema de econom\u00eda circular en el que se revaloriza la fracci\u00f3n de rechazo del residuo a trav\u00e9s de la generaci\u00f3n de energ\u00eda el\u00e9ctrica transformando un problema en una oportunidad: \u201cun residuo, un recurso\u201d.<\/p>\n<p>Asimismo, durante los \u00faltimos meses del a\u00f1o 2020 se ha avanzado en el estudio para la instalaci\u00f3n de una planta de generaci\u00f3n t\u00e9rmica en lo que ser\u00e1 la ampliaci\u00f3n del Parque Industrial de la ciudad de General Pico.<\/p>\n<p>A todo ello se suman los estudios de consultor\u00eda financiados por el Consejo Federal de Inversiones que ha dispuesto 55 millones de pesos para concretar proyectos.<br \/>\nEntre ellos se buscan generar energ\u00eda fotovoltaica en Caleuf\u00fa, Algarrobo del \u00c1guila, Victorica, Realic\u00f3, y General Pico, energ\u00eda hidr\u00e1ulica y t\u00e9rmica en La Adela, generaci\u00f3n e\u00f3lica en General Pico, generaci\u00f3n hidr\u00e1ulica en 25 de Mayo, generaci\u00f3n por biomasa en Victorica, Tel\u00e9n y Carro Quemado, y una f\u00e1brica de dispositivos de agua caliente sanitaria para proveer a viviendas.<\/p>\n<p>La pandemia puso al sistema educativo frente a desaf\u00edos impensados, en tiempos donde la planificaci\u00f3n solo pod\u00eda considerarse en el muy corto plazo.<\/p>\n<p>Tomamos la decisi\u00f3n de trabajar acorde a la realidad de cada comunidad educativa, acompa\u00f1ando con\u00a0\u00a0 normativas espec\u00edficas y materiales did\u00e1cticos, videos tutoriales en el espacio virtual \u201cEstudiar Cuid\u00e1ndonos\u201d y a trav\u00e9s de programas radiales y televisivos, con el objetivo central de acompa\u00f1ar, guiar y encabezar el proceso de trabajo con las y los estudiantes desde sus casas.<\/p>\n<p>La plataforma \u201cVoz por Vos\u201d fue el andamiaje de los procesos de gesti\u00f3n del ministerio y de los establecimientos educativos, incluyendo el desarrollo de aulas virtuales para estudiantes.<\/p>\n<p>Mientras tanto, no detuvimos la inversi\u00f3n en infraestructura educativa. A lo largo del a\u00f1o se realizaron 201 concursos de precios para llevar adelante reparaci\u00f3n por m\u00e1s de 43.000.000 millones de pesos en edificios escolares de toda la provincia.<\/p>\n<p>A partir del 14 de septiembre de 2020 iniciamos el regreso gradual y progresivo a las aulas, donde m\u00e1s de 22.000 ni\u00f1os, ni\u00f1as y j\u00f3venes asistieron presencialmente a las escuelas pampeanas, lo que representa el 23% de las y los estudiantes del sistema educativo provincial.<\/p>\n<p>Ello fue posible porque la situaci\u00f3n sanitaria lo permiti\u00f3, pero principalmente por el fuerte compromiso de toda la comunidad educativa.<\/p>\n<p>Se construy\u00f3 un di\u00e1logo permanente con los gremios que integran la paritaria docente de la Provincia adquiriendo un lugar destacado la Comisi\u00f3n Mixta de Salud y Seguridad en el Trabajo que consensu\u00f3 los protocolos de cuidado para el regreso gradual y progresivo a las aulas.<\/p>\n<p>As\u00ed como valoramos al personal de salud; todas y todos debemos agradecer y reconocer el compromiso y dedicaci\u00f3n de coordinadores\/as, equipos directivos, docentes y equipos de apoyo a la inclusi\u00f3n, quienes sostuvieron los v\u00ednculos con estudiantes y familias, promoviendo un trabajo colaborativo.<\/p>\n<p>Repitiendo esa rica experiencia, a partir de la pr\u00f3xima semana todos vuelven a clases presenciales, pero no todos juntos.<br \/>\nLo haremos cumpliendo con los protocolos que garantizan una presencialidad cuidada.<\/p>\n<p>En ese marco, cada escuela o colegio est\u00e1 comunicando a las familias el modo y la frecuencia en que sus estudiantes regresaran a al presencialidad, teniendo en cuenta que en algunas instituciones ser\u00e1 necesaria la alternancia para garantizar el distanciamiento social necesario.<\/p>\n<p>Ante este escenario profundizaremos el trabajo en territorio, con educadores comunitarios y equipos de apoyo a la inclusi\u00f3n para que todas y todos accedan a la escuela.<\/p>\n<p>As\u00ed, daremos forma a nuestro compromiso de seguir profundizando pol\u00edticas educativas que garanticen calidad, equidad e inclusi\u00f3n.<\/p>\n<p>Por otra parte, durante 2021 retomaremos el camino trazado desde el comienzo de la gesti\u00f3n.<\/p>\n<p>Mantenemos la firme convicci\u00f3n de que el desarrollo integral y planificado de la formaci\u00f3n docente, inicial y continua, tiene un sentido pol\u00edtico estrat\u00e9gico para la mejora general de la educaci\u00f3n pampeana.<\/p>\n<p>Profundizar el dictado de post\u00edtulos y especializaciones de los Institutos Superiores de Formaci\u00f3n Docente e Institutos superiores t\u00e9cnicos pertenecientes al Ministerio de Educaci\u00f3n, fortalecer la Red pampeana de formaci\u00f3n docente continua y sumar convenios con otras instituciones como la Universidad Nacional de La Pampa, Universidad Pedag\u00f3gica Nacional y la Universidad Nacional de las Artes, son objetivos vigentes.<\/p>\n<p>Como pol\u00edtica de estado ratificamos el objetivo y la necesidad \u00a0de repensar la Educaci\u00f3n Secundaria y poner en marcha su Plan de Desarrollo Integral.<\/p>\n<p>Tan estrat\u00e9gico ser\u00e1 continuar nuestra apuesta a la educaci\u00f3n t\u00e9cnica, con la clara concepci\u00f3n de generar \u201ccomplejos integrales de educaci\u00f3n y formaci\u00f3n t\u00e9cnico profesional\u201d intensificando la planificaci\u00f3n conjunta entre los Centros de Formaci\u00f3n Profesional, las Escuelas Secundarias T\u00e9cnicas y los Terciarios T\u00e9cnicos.<\/p>\n<p>Sumaremos articulaci\u00f3n con la Universidad Nacional de La Pampa.<\/p>\n<p>Seguiremos aportando recursos para acompa\u00f1ar la formaci\u00f3n en hidrocarburos y en lengua y literatura como tambi\u00e9n repetiremos la experiencia de acompa\u00f1ar a nuestra universidad en su crecimiento territorial a trav\u00e9s del programa la \u201cUNLPam en territorio\u201d.<\/p>\n<p>En la certeza que el Estado debe ser el veh\u00edculo para que m\u00e1s j\u00f3venes accedan a la universidad, en un marco de inclusi\u00f3n e igualdad de oportunidades, proyectamos junto con nuestra universidad, mayor oferta educativa.<\/p>\n<p>As\u00ed avanzamos en generar alternativas para la formaci\u00f3n de t\u00e9cnicos y profesionales en alimentos, en energ\u00eda, en seguridad ciudadana y en salud.<\/p>\n<p>Con relaci\u00f3n a esto \u00faltimo, quiero anunciarles que el Gobierno Nacional, ante una gesti\u00f3n que hemos realizado junto al Se\u00f1or Rector, ha decidido financiar en forma permanente la carrera de enfermer\u00eda.<br \/>\nAnte ello y en el menos tiempo posible, comenzar\u00e1 nuevamente su dictado.<\/p>\n<p>Esta magn\u00edfica noticia nos lleva a profundizar acciones y avanzar en otras carreras vinculadas a la medicina, tal como lo hemos prometido.<\/p>\n<p>Nos propusimos lograr la inclusi\u00f3n tecnol\u00f3gica de todas y todos.<\/p>\n<p>Un \u00faltimo informe del ENACOM ubica a La Pampa con una penetraci\u00f3n de internet fijo del 79,26% cada 100 hogares, s\u00f3lo superada por la Ciudad Aut\u00f3noma de Buenos Aires y por la provincia de San Luis, aunque en este \u00faltimo caso por un peque\u00f1o margen.<\/p>\n<p>Ser la tercera provincia con mayor cobertura de internet, no puede conformarnos. Nos desaf\u00eda a seguir mejorando el servicio.<\/p>\n<p>En un marco de gesti\u00f3n y financiamiento conjunto con el Gobierno Nacional, a trav\u00e9s de ENACOM, en este ejercicio invertiremos 500 millones de pesos en obras de expansi\u00f3n de redes troncales y urbanas de fibra \u00f3ptica, para dar mayores y mejores respuestas en 23 localidades pampeanas.<\/p>\n<p>Todas ellas son localidades peque\u00f1as que acceder\u00e1n al servicio en condiciones de calidad superiores a las actuales, y las velocidades de conexi\u00f3n ser\u00e1n las mismas que se ofrecen en las grandes ciudades de La Pampa y el pa\u00eds.<\/p>\n<p>Esta red no implicar\u00e1 que desde las empresas del Estado se preste el servicio de \u00faltima milla. Dicha tarea es y seguir\u00e1 siendo realizada por Cooperativas y Pymes pampeanas.<\/p>\n<p>Asimismo, esta fuerte inversi\u00f3n nos permitir\u00e1 multiplicar por 5 la capacidad de transporte de toda nuestra red de Fibra \u00d3ptica, pasando de un promedio actual de 40 gigas a 200 gigas. Estaremos garantizando respuestas a la demanda de los pr\u00f3ximos 7 u 8 a\u00f1os.<\/p>\n<p>Estamos muy pr\u00f3ximos a culminar el objetivo comprometido de interconectar la localidad de Puelches a la red provincial mediante una obra de infraestructura de torres y equipos de radiofrecuencia que demand\u00f3 una inversi\u00f3n provincial cercana a los 30 millones de pesos.<\/p>\n<p>La obra parte desde el Carancho, con una intervenci\u00f3n muy importante en el Parque Nacional Lihuel Calel, que permitir\u00e1 proveer los servicios de comunicaci\u00f3n e Internet a su administraci\u00f3n y a su actividad tur\u00edstica.<\/p>\n<p>Ya se encuentra operativa la interconexi\u00f3n de nuestra red provincial de fibra \u00f3ptica con San Luis en el marco del Tratado del Cald\u00e9n y avanzamos en una estrategia com\u00fan de servicios de telecomunicaciones.<\/p>\n<p>Proyectamos un programa de Redes de fibras \u00f3pticas para Instituciones P\u00fablicas en 30 localidades para lo cual hemos avanzado en la gesti\u00f3n de una inversi\u00f3n necesaria de 240 millones de pesos ante el ENACOM.<\/p>\n<p>Para fortalecer el acceso a internet, los dispositivos y el conocimiento necesario para usarlos, pondremos en marcha el programa de Inclusi\u00f3n Digital Integral y avanzaremos en la creaci\u00f3n de Puntos Wifi de acceso gratuito en plazas y espacios p\u00fablicos, principalmente en localidades del interior.<\/p>\n<p>Sabemos la demanda de conectividad por parte del campo para acceder a las nuevas tecnolog\u00edas.<\/p>\n<p>Ampliaremos las zonas rurales con acceso a internet. Ya hemos desplegado la infraestructura de telecomunicaciones en las zonas de El Durazno, Jag\u00fcel del Monte, San Roque y Carro Quemado ampliando as\u00ed el \u00e1rea de cobertura que utilizan las cooperativas y pymes prestadoras del servicio de \u00faltima milla.<\/p>\n<p>Para el 2021 es nuestro prop\u00f3sito seguir invirtiendo para llegar con internet rural a 20 nuevos sitios, cada uno de ellos con cobertura de 25 kil\u00f3metros a la redonda.<\/p>\n<p>La incorporaci\u00f3n de la ciencia, la tecnolog\u00eda y la innovaci\u00f3n significa un enorme aporte a la productividad, la competitividad y la sustentabilidad de los procesos productivos de toda la econom\u00eda.<\/p>\n<p>Prosiguiendo con los objetivos de la gesti\u00f3n anterior estamos a punto de finalizar la primera etapa del Polo Cient\u00edfico Tecnol\u00f3gico, habiendo logrado el financiamiento del gobierno nacional para sus etapas finales.<\/p>\n<p>Seguros del espacio estrat\u00e9gico que debe ocupar es que crearemos la Agencia de Ciencia, Tecnolog\u00eda e Innovaci\u00f3n con sede en la ciudad de General Pico.<br \/>\nSer\u00e1 un espacio \u00fanico de articulaci\u00f3n socio productiva entre actores p\u00fablicos y privados.<\/p>\n<p>Su estructura no significar\u00e1 mayor burocracia ya que absorber\u00e1 las dependencias de la administraci\u00f3n p\u00fablica vinculadas con la materia.<\/p>\n<p>Nos comprometimos a realizar un cambio de paradigma en la forma de administrar y gestionar, mediante la utilizaci\u00f3n de las herramientas de la Tecnolog\u00edas de la Informaci\u00f3n y el Conocimiento, y bajo los principios de la transparencia y la innovaci\u00f3n.<\/p>\n<p>Por ello esta Legislatura, a instancias del Poder Ejecutivo, sancion\u00f3 la Ley de Simplificaci\u00f3n e Innovaci\u00f3n de la Administraci\u00f3n P\u00fablica Provincial.<\/p>\n<p>Complementariamente pusimos en marcha el Plan Estrat\u00e9gico de Modernizaci\u00f3n e Innovaci\u00f3n de la Administraci\u00f3n P\u00fablica Provincial que permitir\u00e1 instrumentar el expediente electr\u00f3nico y la firma digital, garantizando la agilidad y digitalizaci\u00f3n de los procedimientos y logrando una progresiva despapelizaci\u00f3n.<\/p>\n<p>Estamos en pleno proceso para estandarizar y unificar los portales de internet de la Administraci\u00f3n P\u00fablica, permitiendo de esta forma la accesibilidad al ciudadano de la informaci\u00f3n sistematizada disponible y facilitando su b\u00fasqueda en entornos amigables.<\/p>\n<p>A ello se suma la creaci\u00f3n del Programa de Atenci\u00f3n Ciudadana Digital, a trav\u00e9s de herramientas r\u00e1pidas y eficaces, como correo electr\u00f3nico, redes sociales, consultas desde sitios web, entre otras.<\/p>\n<p>Comenzaremos con el desarrollo del Portal \u00danico de Tr\u00e1mite en L\u00ednea, que ser\u00e1 un sitio que centralice todos los tr\u00e1mites on-line con su correspondiente trazabilidad para su seguimiento.<\/p>\n<p>Aun as\u00ed, esta suma de acciones a desarrollar no puede obviar lo ya realizado.<\/p>\n<p>La Pampa se encuentra entre las primeras provincias de la Argentina donde el Certificado Digital de Nacimiento se aplica en la totalidad del territorio.<\/p>\n<p>Esta herramienta permitir\u00e1 que los reci\u00e9n nacidos sean inscriptos en las localidades donde tienen registrado el domicilio sus padres. Adicionalmente, cada Municipio y Comisi\u00f3n de Fomento ver\u00e1n actualizadas en forma inmediata la cantidad de habitantes que tienen, una herramienta de sumo valor para optimizar sus pol\u00edticas p\u00fablicas.<\/p>\n<p>Los Puestos Digitales de Toma de Tr\u00e1mites son sistemas de \u00faltima tecnolog\u00eda que permiten confeccionar DNI y pasaportes digitales.<\/p>\n<p>Ya 62 localidades cuentan con puestos de este tipo. Las 17 restantes tambi\u00e9n acceder\u00e1n a ellos. Es un compromiso que haremos realidad durante el presente mandato.<\/p>\n<p>Ello permitir\u00e1 que se puedan realizar los tr\u00e1mites en cada localidad, en un marco de permanente descentralizaci\u00f3n del Estado y de accesibilidad a unos de los derechos m\u00e1s importantes: el de la identidad.<\/p>\n<p>Tal como mencione en este recinto en el 2020, se suscribi\u00f3 un convenio de colaboraci\u00f3n con el Centro de Implementaci\u00f3n de Pol\u00edticas P\u00fablicas para la Equidad y el Crecimiento<strong>,<\/strong>\u00a0el CIPPEC, que nos permitir\u00e1 dise\u00f1ar instrumentos de gesti\u00f3n que garanticen la transparencia y el acceso a la informaci\u00f3n p\u00fablica por parte de la sociedad pampeana.<\/p>\n<p>En l\u00ednea con esa b\u00fasqueda permanente, enviaremos a esta legislatura un proyecto de ley para modificar la normativa que rige la presentaci\u00f3n de las Declaraciones Juradas del patrimonio de los funcionarios p\u00fablicos.<\/p>\n<p>En tal sentido, hemos emprendido junto a la Fiscal\u00eda de Investigaciones Administrativa la elaboraci\u00f3n de un texto que, como principal objetivo, establezca criterios de valuaci\u00f3n similares para activos y pasivos, que permitan un seguimiento m\u00e1s preciso de la evoluci\u00f3n de cada patrimonio.<\/p>\n<p>La defensa de la Democracia requiri\u00f3 y requiere, del compromiso de todas y todos, pero esencialmente, de un ejercicio v\u00edvido de la MEMORIA y de la b\u00fasqueda constante de la VERDAD y la JUSTICIA para aventar cualquier reminiscencia del pasado.<\/p>\n<p>Con \u00e9ste claro prop\u00f3sito pondremos nuevamente todos los recursos humanos y econ\u00f3micos del Estado a disposici\u00f3n de la Justicia para el \u00f3ptimo desarrollo del Tercer Juicio por la comisi\u00f3n de delitos de Lesa Humanidad perpetrados en la llamada Sub-Zona 14.<\/p>\n<p>Ello dar\u00e1 efectivo cumplimiento a un postergado anhelo de las v\u00edctimas y familiares del Terrorismo de Estado y de los organismos, movimientos y militantes por los Derechos Humanos en general.<\/p>\n<p>Pondremos en marcha el Parque de la Memoria mediante la construcci\u00f3n del monumento \u201cLos Pilares\u201d, obra que se erigir\u00e1 en el terreno lindante al edificio de la Comisar\u00eda Seccional Primera de Santa Rosa.<\/p>\n<p>Sin dudas que su visualizaci\u00f3n identificar\u00e1 el Ex Centro Clandestino de Detenci\u00f3n y Tortura m\u00e1s emblem\u00e1tico de la Provincia de La Pampa, constituyendo un espacio para la confluencia, la recordaci\u00f3n y la educaci\u00f3n hist\u00f3rica de la sociedad pampeana.<\/p>\n<p>En cuanto a las pol\u00edticas en materia de seguridad hemos avanzado hacia un proceso de capacitaci\u00f3n constante y permanente en todos los estamentos de la fuerza.<\/p>\n<p>Quiero sumar al reconocimiento que hicimos al personal de salud y a docentes en cuanto a su participaci\u00f3n en las \u00a0tareas desarrolladas durante la pandemia, a todas y todos los que integran la polic\u00eda de La Pampa.<\/p>\n<p>Planificamos y desarrollamos pr\u00e1cticas de profesionalizaci\u00f3n, habilitando espacios de intercambio entre las Unidades Regionales y el Instituto policial para mejorar su articulaci\u00f3n; implementando aulas virtuales para acompa\u00f1ar a tutores y cursantes en articulaci\u00f3n con la Fundaci\u00f3n Banco de La Pampa y elaborando documentos de trabajo sobre esta etapa de la formaci\u00f3n.<\/p>\n<p>Nuestra polic\u00eda ha dado respuestas efectivas y eficientes ante problem\u00e1ticas emergentes como delitos econ\u00f3micos, lavado de activos o ciber crimen.<\/p>\n<p>Sumamos recursos tecnol\u00f3gicos para la seguridad ciudadana, ampliando los sistemas de video vigilancia.<\/p>\n<p>Entendemos a la seguridad como una cuesti\u00f3n central, signada por el respeto a los derechos humanos y que garantice \u00f3ptimas condiciones de trabajo que permitan al personal policial sentirse respaldados en la dif\u00edcil tarea de asegurar la vida de los y las pampeanas.<\/p>\n<p>De manera amplia, democr\u00e1tica y participativa estamos arribando a la redacci\u00f3n final de lo que ser\u00e1 el Proyecto de una Ley de Seguridad Ciudadana, el cu\u00e1l ingresar\u00e1 pr\u00f3ximamente a esta C\u00e1mara para que ustedes la puedan estudiar, debatir y aportar, para que sea la Ley de la polic\u00eda en democracia.<\/p>\n<p>Convocamos a distintos sectores de la sociedad<strong>,<\/strong>\u00a0entre ellos Organismos de Derechos Humanos para que aporten propuestas de modificaci\u00f3n de leyes policiales y de la seguridad p\u00fablica.<\/p>\n<p>Se llevaron a cabo jornadas virtuales de trabajo y se convocaron a 5 conversatorios; estas reuniones aportaron a la futura ley perspectiva de g\u00e9nero, seguridad pensada por los trabajadores, seguridad y municipios, y formaci\u00f3n para la seguridad ciudadana. De los mismos fueron parte instituciones estatales, acad\u00e9micas, gremiales, policiales, organismos nacionales, provinciales y municipales, y especialistas en materia de seguridad.<\/p>\n<p>M\u00e1s de 100 j\u00f3venes en tres foros discutieron, aportaron y fueron escuchados.<\/p>\n<p>Tambi\u00e9n fue convocada la Federaci\u00f3n Pampeana representante de la diversidad, el Poder Judicial y la Fiscal\u00eda de Investigaciones Administrativas.<\/p>\n<p>En todo el proceso de construcci\u00f3n de la Ley el equipo del Ministerio de Seguridad desarroll\u00f3 un minucioso estudio de legislaci\u00f3n comparada, jurisprudencia, entrevistas con especialistas, marco del que surgen los lineamientos generales que trazan el documento final.<\/p>\n<p>Nuestro Objetivo es presentar un Proyecto de Ley que sea el resultado de una construcci\u00f3n colectiva.<\/p>\n<p>Hace unos d\u00edas, en un encuentro de Gobernadoras y Gobernadores ratificamos nuestra pertenencia a la Patagonia argentina, en el marco de los objetivos de su Tratado Fundacional, sellado en 1996 aqu\u00ed en nuestra provincia.<\/p>\n<p>M\u00e1s all\u00e1 del esfuerzo individual que hagamos como provincia para consolidar el desarrollo econ\u00f3mico y social, resulta imperioso concretar alianzas estrat\u00e9gicas regionales que lo faciliten.<\/p>\n<p>Sin dudas que Patagonia Argentina es una marca registrada en el mundo. Debemos aprovechar ese valor estrat\u00e9gico para posicionar nuestra provincia en el contexto nacional e internacional.<\/p>\n<p>Y como regi\u00f3n integrarnos al desarrollo nacional.<\/p>\n<p>Hemos afrontado el desaf\u00edo de sostener y promover el turismo en un escenario claramente adverso.<\/p>\n<p>Escuchamos atentamente a todos los actores, y pudimos tender puentes para sostener el trabajo y la estructura del sector con diversas medidas econ\u00f3micas, fiscales y crediticias.<\/p>\n<p>Transformamos en oportunidades las dificultades planteadas por la pandemia. As\u00ed redise\u00f1amos nuestro plan de gesti\u00f3n en base a microestrategias que fuimos reformulando junto a la red de referentes municipales y privados de turismo en toda la provincia.<\/p>\n<p>La comunicaci\u00f3n virtual y el trabajo en red nos posibilitaron trabajar en nuevos productos tur\u00edsticos y avanzar en la paquetizaci\u00f3n de la oferta para ingresar en los mercados tur\u00edsticos nacional e internacional en condiciones de competitividad.<\/p>\n<p>El gobierno nacional atendi\u00f3 nuestras necesidades.\u00a0 Este a\u00f1o, a trav\u00e9s del Plan 50 Destinos se invertir\u00e1n 55 millones de pesos en ampliar la capacidad de alojamientos en la Reserva Parque Luro y remodelar su sal\u00f3n de usos m\u00faltiples.<\/p>\n<p>As\u00ed vamos a poner en valor un espacio donde se desarrolla este ic\u00f3nico producto tur\u00edstico que La Pampa ofrece: el avistaje de ciervos en brama.<\/p>\n<p>Mientras tanto seguiremos avanzando en la conformaci\u00f3n de rutas tur\u00edsticas como la del vino, del petr\u00f3leo, de la gastronom\u00eda, de la sal y de las artesan\u00edas.<\/p>\n<p>La Pampa es un destino tur\u00edstico confiable, as\u00ed lo ratific\u00f3 el Consejo Mundial de los Viajes y el Turismo.<\/p>\n<p>Este valor agregado fortalece nuestra convicci\u00f3n que el turismo es una fuente cada vez m\u00e1s incipiente de generaci\u00f3n de recursos y de trabajo para muchos pampeanas y pampeanos<\/p>\n<p>Ocuparnos de la pandemia no impidi\u00f3 que continuemos la lucha para la recuperaci\u00f3n de nuestros r\u00edos y en ese marco se ha mantenido una firme l\u00ednea de acci\u00f3n respecto a los procesos t\u00e9cnicos, administrativos y judiciales que la provincia lleva adelante.<\/p>\n<p>Uno de los hechos salientes fue lograr que el Consejo de Gobierno del Comit\u00e9 Interprovincial del R\u00edo Colorado, por amplia mayor\u00eda y s\u00f3lo con la disidencia de Mendoza, aprobara nuestra moci\u00f3n de realizar un Estudio de Impacto Ambiental Integral de la Obra Multiprop\u00f3sito Portezuelo del Viento.<\/p>\n<p>A partir de ello, el Ministro del Interior convoc\u00f3 a las provincias y al Ministerio de Obras P\u00fablicas a conformar una comisi\u00f3n t\u00e9cnica que fije los t\u00e9rminos de referencia para llevarlo adelante.<\/p>\n<p>Constituye otro hito, la sentencia de la Corte Suprema de Justicia de la Naci\u00f3n que fij\u00f3 como meta interina un caudal m\u00ednimo permanente del r\u00edo Atuel de 3,2 m3\/s en el l\u00edmite interprovincial entre La Pampa y Mendoza, decisi\u00f3n que determina un par\u00e1metro necesario para detener el da\u00f1o ambiental y comenzar en el tiempo su recomposici\u00f3n.<\/p>\n<p>El lamentable e hist\u00f3rico rechazo por parte de Mendoza a nuestros derechos, nos oblig\u00f3 a recurrir nuevamente a la Corte.<\/p>\n<p>Todo ello, sin olvidarnos de la defensa de nuestro r\u00edo Desaguadero-Salado-Chadileuv\u00fa-Curac\u00f3. Un fuerte sustento ser\u00e1 la finalizaci\u00f3n del Estudio del caudal ambiental y de los da\u00f1os provocados por la ausencia de escurrimientos que est\u00e1 siendo elaborado por la Universidad Nacional de La Pampa.<\/p>\n<p>Asimismo, finalizaremos el Plan Director del rio Quinto en el marco de su Comit\u00e9 de Cuenca que permitir\u00e1 coordinar el manejo de los excedentes h\u00eddricos de la regi\u00f3n.<\/p>\n<p>Considerando al agua subterr\u00e1nea como recurso estrat\u00e9gico afianzaremos el trabajo de las Unidades de Gesti\u00f3n de los Acu\u00edferos, a trav\u00e9s de programas de monitoreo y manejo espec\u00edficos del Acu\u00edfero General Pico, Dorila, Speluzzi, V\u00e9rtiz y Metileo; del acu\u00edfero del Valle Argentino y del acu\u00edfero Santa Rosa &#8211; Toay.<\/p>\n<p>Atravesamos un a\u00f1o de pandemia sanitaria con alto impacto en el pensamiento y la reformulaci\u00f3n de las formas para expresarse.<\/p>\n<p>Las instituciones y las pol\u00edticas culturales perdieron espacios de presencialidad y han debido reinventarse tras la llegada del universo virtual.<\/p>\n<p>Quiz\u00e1 entonces el principal desaf\u00edo debe ser, m\u00e1s que nunca, defender la diversidad, los derechos culturales y la creaci\u00f3n innovadora. Y ese desaf\u00edo lo enfrentamos desde y con la cultura.<\/p>\n<p>Con el eje amplio puesto en el binomio Naturaleza y Cultura y en la relaci\u00f3n con los municipios, seguiremos sosteniendo el trabajo realizado en estos a\u00f1os intensificando una acci\u00f3n que contenga a todas las expresiones y actores del sector buscando sostener y acompa\u00f1ar su tarea.<\/p>\n<p>Si hablamos de derechos culturales, no podemos dejar de mirar nuestra propia y rica historia. Nos cabe tambi\u00e9n la responsabilidad de difundir, proteger y facilitar a los pampeanos el\u00a0\u00a0 goce de esos derechos.<\/p>\n<p>Edgar Morisoli fue el poeta, escritor y ensayista emblema de la provincia. Habit\u00f3 por muchos a\u00f1os la casa que hizo famoso al \u00abpasaje Pringles\u00bb en Santa Rosa y junto a otra poeta aguerrida Margarita Monge formaron una familia y recibieron, con mate y poes\u00eda, a \u00a1cientos de pampeanos!<\/p>\n<p>Quiero anunciar que esa casa seguir\u00e1 perteneciendo a las y \u00a0los pampeanos porque ser\u00e1 adquirida y transformada en una Casa Museo, abierta al pueblo.<\/p>\n<p>Para que siga vivo su esp\u00edritu militante y sencillo. Para que su obra, declarada Patrimonio Provincial, est\u00e9 abierta y a disposici\u00f3n de todas y todos.<\/p>\n<p>Un peque\u00f1o fragmento de su obra alcanza para identificar a Don Edgar:<\/p>\n<p>\u00abMi poes\u00eda se nutre de mi vida: los r\u00edos pampeanos, su drama y su hermosura son mucho m\u00e1s que un elemento del paisaje, son una causa profunda, comunitaria, popular\u00bb.<\/p>\n<p>Estas palabras gu\u00edan nuestra decisi\u00f3n y poco queda por decir.<\/p>\n<p>Entendemos que \u201clo ind\u00edgena\u201d debe ser abordado desde una mirada m\u00e1s pol\u00edtica que cultural.<\/p>\n<p>En 2020 el Consejo Provincial Aborigen se aboc\u00f3 a asistir a las comunidades frente a los m\u00faltiples inconvenientes derivados de la pandemia.<\/p>\n<p>Durante 2021 pondremos especial \u00e9nfasis en atender sus reclamos por tierras, sus proyectos productivos y educativos, acompa\u00f1aremos las pol\u00edticas de Educaci\u00f3n Intercultural Biling\u00fce, y destinaremos becas para los j\u00f3venes.<\/p>\n<p>En s\u00edntesis, nos comprometemos a un tratamiento integral de la situaci\u00f3n jur\u00eddica, econ\u00f3mica, social y cultural ind\u00edgena, priorizando adem\u00e1s la atenci\u00f3n de la salud, educaci\u00f3n y vivienda, tal lo estipulado por Ley Provincial 1.228.<\/p>\n<p>La tem\u00e1tica de g\u00e9nero y diversidad ocup\u00f3 un lugar fundamental en nuestra agenda de gobierno: a pesar del impacto que tuvo la pandemia de COVID-19, durante el 2020 la Secretar\u00eda de la Mujer garantiz\u00f3, a\u00fan en etapas de aislamiento obligatorio, la atenci\u00f3n a las distintas problem\u00e1ticas de g\u00e9nero.<\/p>\n<p>A pesar de esas urgencias, avanzamos en cambios estructurales para acortar brechas, potenciar su inclusi\u00f3n y lograr una sociedad m\u00e1s equitativa para todas y todos.<\/p>\n<p>El cambio de la denominaci\u00f3n a \u201cSecretar\u00eda de la Mujer, G\u00e9neros y Diversidad\u201d, la creaci\u00f3n de la Direcci\u00f3n de Diversidad y el env\u00edo a esta Legislatura del proyecto de Ley de Inclusi\u00f3n Laboral para personas Travestis, Transexuales y Transg\u00e9nero, son ejemplos de nuestra convicci\u00f3n.<\/p>\n<p>Los tres poderes del Estado deben asumir un papel crucial en la b\u00fasqueda de la igualdad real entre los g\u00e9neros y en la eliminaci\u00f3n de todo tipo de violencia y discriminaci\u00f3n. Por ello capacitamos a sus autoridades y a su personal en el marco de la Ley Micaela.<\/p>\n<p>El inter\u00e9s demostrado por el sector privado, los clubes y las organizaciones de la sociedad civil, que se sumaron a la propuesta estatal, sin estar obligados por la normativa, demuestran una fuerte convicci\u00f3n para construir una sociedad m\u00e1s justa y libre de violencia.<\/p>\n<p>Siguiendo el camino de compromiso que hemos asumido para lograr la equidad, en 2020 tambi\u00e9n impulsamos la ley de paridad de g\u00e9nero, en un trabajo articulado con todas las mujeres con representaci\u00f3n parlamentaria, asegurando as\u00ed la visibilizaci\u00f3n igualitaria en las listas de los distintos espacios que conforman la vida pol\u00edtica de nuestra provincia.<\/p>\n<p>Garantizamos la mayor dedicaci\u00f3n para que \u201cLa Pampa, provincia libre de violencia\u201d siga siendo nuestro norte para transformarla en una marca registrada en el territorio nacional.<\/p>\n<p>Desde la Subsecretaria de Ambiente, en el marco de la Ley Nacional de gesti\u00f3n de envases vac\u00edos de fitosanitarios se realiz\u00f3 un intenso trabajo de control y puesta en marcha del sistema de gesti\u00f3n de envases vac\u00edos habilitado en el territorio provincial.<\/p>\n<p>En ese contexto durante el a\u00f1o pasado adoptamos la decisi\u00f3n de suspender la comercializaci\u00f3n de agroqu\u00edmicos en toda la provincia, ante el incumplimiento de esa normativa.<\/p>\n<p>Ese trabajo continuo con el envi\u00f3 de un Proyecto, que esta C\u00e1mara sancion\u00f3 el r\u00e9gimen de gesti\u00f3n integral de plaguicidas, siendo uno de los objetivos regular su uso y aplicaci\u00f3n y gesti\u00f3n de los residuos para evitar un riesgo para la salud de las personas y el ambiente, tanto en el plano urbano y rural.<\/p>\n<p>Hoy en d\u00eda contamos con tres Centros de Acopio habilitados, y vamos a seguir exigiendo que se construyan todos los que sean necesarios para una correcta disposici\u00f3n final de la totalidad de los envases que ingresan a la provincia.<\/p>\n<p>En este recinto se ratific\u00f3 el Convenio Marco de Cooperaci\u00f3n entre el Ministerio de Ambiente y Desarrollo Sustentable de la Naci\u00f3n, la Administraci\u00f3n de Parques Nacionales y la Provincia de La Pampa, dirigido a fortalecer la preservaci\u00f3n ambiental del bosque de cald\u00e9n.<\/p>\n<p>El objetivo para el corriente a\u00f1o es lograr el financiamiento internacional para la adquisici\u00f3n de las tierras en donde se ubicar\u00e1 la reserva de nuestro bosque.<\/p>\n<p>Para este a\u00f1o sumamos un desaf\u00edo en nuestras pol\u00edticas de comunicaci\u00f3n. Nos hemos propuesto aportar m\u00e1s ecnolog\u00eda a la Televisi\u00f3n P\u00fablica Pampeana.<\/p>\n<p>Queremos tener una pantalla de calidad, con recursos humanos cada d\u00eda m\u00e1s capacitados y con mucha m\u00e1s programaci\u00f3n realizada por pampeanas y pampeanos.<\/p>\n<p>La televisi\u00f3n es un instrumento v\u00e1lido para la difusi\u00f3n del conocimiento, para reducir la brecha digital fortaleciendo lo local, en intercambio y cooperaci\u00f3n regional, nacional, internacional.<\/p>\n<p>Estamos avanzando hacia el proceso de digitalizaci\u00f3n, sabiendo que el desaf\u00edo se presenta m\u00e1s all\u00e1 de los aparatos: en entender y atender nuevas formas de consumo audiovisual y nuevos tipos de audiencia.<\/p>\n<p>El complejo a\u00f1o que atravesamos amerita reflexiones ante cada pampeana, ante cada pampeano.<\/p>\n<p>Debimos tomar decisiones que incomodaron y deterioraron su actividad laboral y su vida social.<\/p>\n<p>Cuidar la salud no permiti\u00f3 otras alternativas. Cada acci\u00f3n tuvo anclaje en razones sanitarios y, fundamentalmente<strong>,<\/strong>\u00a0en nuestra buena fe. Ning\u00fan an\u00e1lisis racional puede ponerlo en duda.<\/p>\n<p>Cometimos errores, por supuesto que s\u00ed, pero los corregimos. Nadie es infalible, menos a\u00fan al enfrentar lo desconocido.<\/p>\n<p>Hoy, un nuevo horizonte est\u00e1 a la vista. Estamos en pleno proceso de vacunaci\u00f3n que, ante su masividad, significar\u00e1 una progresiva inmunizaci\u00f3n de nuestra sociedad.<\/p>\n<p>As\u00ed ingresaremos en lo que, nos dicen y nos repiten, ser\u00e1 la nueva normalidad.<\/p>\n<p>Yo me voy a permitir disentir con el t\u00e9rmino nueva normalidad.<\/p>\n<p>Tratan de imponernos que, si algo es normal, est\u00e1 bien que as\u00ed sea y que debemos acostumbrarnos a ello.<\/p>\n<p>Por ello, yo prefiero hablar de nueva realidad.<\/p>\n<p>Y el desaf\u00edo es construirla nosotros mismos. Y esa construcci\u00f3n debe ser diaria, cotidiana pero fundamentalmente colectiva.<\/p>\n<p>No duden que en ese proceso de construcci\u00f3n colectiva de una nueva realidad van a encontrar a este gobierno trabajando para garantizar a construir una nueva realidad, una realidad m\u00e1s inclusiva y m\u00e1s integradora.<\/p>\n<p>Se\u00f1oras y se\u00f1ores diputados \u2026<\/p>\n<p>Este es un forzado resumen de nuestro primer a\u00f1o de gesti\u00f3n.<\/p>\n<p>A pesar de la pandemia, hemos cumplido con muchos de los objetivos que expusimos en este mismo recinto, hace exactamente un a\u00f1o.<\/p>\n<p>Fue en este \u00e1mbito legislativo donde se consensuaron y generaron pol\u00edticas p\u00fablicas de largo plazo.<\/p>\n<p>Aqu\u00ed se transformaron iniciativas de gobierno en pol\u00edticas de Estado, con el claro objetivo de proyectar una provincia que tiene en su gente y sus recursos, un potencial incalculable.<\/p>\n<p>El R\u00e9gimen de Desarrollo Energ\u00e9tico, la Gesti\u00f3n Integral de Plaguicidas, el Sistema de Producci\u00f3n Agroecol\u00f3gica, la creaci\u00f3n del Fondo de Garant\u00edas de car\u00e1cter p\u00fablico, el R\u00e9gimen de Incentivos Fiscales, la creaci\u00f3n de la Agencia de Inversiones y Comercio Exterior, la Paridad de G\u00e9nero en candidaturas para cargos p\u00fablicos y la Modernizaci\u00f3n de la Administraci\u00f3n P\u00fablica, son la muestra de normativas estrat\u00e9gicas e innovadoras.<\/p>\n<p>Aun as\u00ed, el desaf\u00edo es seguir dialogando y consensuando. No hay posibilidad de consolidar pol\u00edticas de estado si anteponemos la mezquindad y la intolerancia.<\/p>\n<p>Eso es lo que hoy, m\u00e1s que nunca, nos demanda la sociedad.<\/p>\n<p>Debe ser la pol\u00edtica el marco \u00e9tico y moral para satisfacer esas demandas. Su buena pr\u00e1ctica debe ser la convocante para ampliar el involucramiento social en la cosa p\u00fablica.<\/p>\n<p>El desaf\u00edo es colectivo, la pol\u00edtica es la herramienta y todos debemos aportar para construir el mejor futuro para las generaciones que vienen.<\/p>\n<p>Con humildad, respeto y profunda convicci\u00f3n, las y los convoco a seguir fortaleciendo el desarrollo econ\u00f3mico con inclusi\u00f3n social para todas y todos los pampeanos.<\/p>\n<p>Gran parte del futuro de La Pampa depende de nuestras decisiones. No desaprovechemos la oportunidad.<\/p>\n<p>Muchas gracias.<\/p>\n<\/div>\n<div class=\"oasis-despues-del-contenido\" id=\"oasis-49207433\"><img loading=\"lazy\" decoding=\"async\" src=\"https:\/\/oasisfm935.com.ar\/site\/wp-content\/uploads\/2020\/08\/47806202-8741-49f2-a5c9-d2f930e5baa1.jpg\" alt=\"\"  srcset=\"https:\/\/oasisfm935.com.ar\/site\/wp-content\/uploads\/2020\/08\/47806202-8741-49f2-a5c9-d2f930e5baa1.jpg 1080w, https:\/\/oasisfm935.com.ar\/site\/wp-content\/uploads\/2020\/08\/47806202-8741-49f2-a5c9-d2f930e5baa1-300x300.jpg 300w, https:\/\/oasisfm935.com.ar\/site\/wp-content\/uploads\/2020\/08\/47806202-8741-49f2-a5c9-d2f930e5baa1-1024x1024.jpg 1024w, https:\/\/oasisfm935.com.ar\/site\/wp-content\/uploads\/2020\/08\/47806202-8741-49f2-a5c9-d2f930e5baa1-150x150.jpg 150w, https:\/\/oasisfm935.com.ar\/site\/wp-content\/uploads\/2020\/08\/47806202-8741-49f2-a5c9-d2f930e5baa1-768x768.jpg 768w\" sizes=\"(max-width: 1080px) 100vw, 1080px\" class=\"no-lazyload\" width=\"1080\" height=\"1080\"  style=\"display: inline-block;\" \/><\/div>","protected":false},"excerpt":{"rendered":"<p>El mandatario pampeano\u00a0 dej\u00f3 inaugurado el a\u00f1o parlamentario, durante una sesi\u00f3n Legislativa \u00a0encabezada por el Presidente del cuerpo, Mariano Fern\u00e1ndez. En el<\/p>\n","protected":false},"author":4,"featured_media":8797,"comment_status":"closed","ping_status":"open","sticky":false,"template":"","format":"standard","meta":{"colormag_page_layout":"default_layout","footnotes":""},"categories":[2],"tags":[],"class_list":["post-8796","post","type-post","status-publish","format-standard","has-post-thumbnail","hentry","category-noticias"],"_links":{"self":[{"href":"https:\/\/oasisfm935.com.ar\/site\/wp-json\/wp\/v2\/posts\/8796","targetHints":{"allow":["GET"]}}],"collection":[{"href":"https:\/\/oasisfm935.com.ar\/site\/wp-json\/wp\/v2\/posts"}],"about":[{"href":"https:\/\/oasisfm935.com.ar\/site\/wp-json\/wp\/v2\/types\/post"}],"author":[{"embeddable":true,"href":"https:\/\/oasisfm935.com.ar\/site\/wp-json\/wp\/v2\/users\/4"}],"replies":[{"embeddable":true,"href":"https:\/\/oasisfm935.com.ar\/site\/wp-json\/wp\/v2\/comments?post=8796"}],"version-history":[{"count":2,"href":"https:\/\/oasisfm935.com.ar\/site\/wp-json\/wp\/v2\/posts\/8796\/revisions"}],"predecessor-version":[{"id":8799,"href":"https:\/\/oasisfm935.com.ar\/site\/wp-json\/wp\/v2\/posts\/8796\/revisions\/8799"}],"wp:featuredmedia":[{"embeddable":true,"href":"https:\/\/oasisfm935.com.ar\/site\/wp-json\/wp\/v2\/media\/8797"}],"wp:attachment":[{"href":"https:\/\/oasisfm935.com.ar\/site\/wp-json\/wp\/v2\/media?parent=8796"}],"wp:term":[{"taxonomy":"category","embeddable":true,"href":"https:\/\/oasisfm935.com.ar\/site\/wp-json\/wp\/v2\/categories?post=8796"},{"taxonomy":"post_tag","embeddable":true,"href":"https:\/\/oasisfm935.com.ar\/site\/wp-json\/wp\/v2\/tags?post=8796"}],"curies":[{"name":"wp","href":"https:\/\/api.w.org\/{rel}","templated":true}]}}