{"id":8804,"date":"2021-03-04T12:14:57","date_gmt":"2021-03-04T15:14:57","guid":{"rendered":"http:\/\/oasisfm935.com\/site\/?p=8804"},"modified":"2021-03-04T12:16:03","modified_gmt":"2021-03-04T15:16:03","slug":"ingeniero-luiggi-patricia-sierra-se-incorpora-al-cuerpo-deliberante-por-licencia-de-la-edil-salvadori","status":"publish","type":"post","link":"https:\/\/oasisfm935.com.ar\/site\/ingeniero-luiggi-patricia-sierra-se-incorpora-al-cuerpo-deliberante-por-licencia-de-la-edil-salvadori\/","title":{"rendered":"Ingeniero Luiggi: Patricia Sierra se incorpora al cuerpo deliberante por licencia de la Edil Salvadori"},"content":{"rendered":"<p>El d\u00eda Martes 2 de Marzo se llev\u00f3 a cabo la Sesi\u00f3n Preparatoria, d\u00f3nde se asignaron las autoridades del Concejo y el Presidente del mismo, Juan Jos\u00e9 Gorordo, procedi\u00f3 a tomar juramento a la Concejala Patricia Sierra, quien se incorpora al cuerpo deliberante por licencia de la Edil Salvadori por el plazo de 30 d\u00edas.<\/p>\n<div class=\"oasis-despues-del-contenido\" id=\"oasis-3742903880\"><img loading=\"lazy\" decoding=\"async\" src=\"https:\/\/oasisfm935.com.ar\/site\/wp-content\/uploads\/2020\/08\/47806202-8741-49f2-a5c9-d2f930e5baa1.jpg\" alt=\"\"  srcset=\"https:\/\/oasisfm935.com.ar\/site\/wp-content\/uploads\/2020\/08\/47806202-8741-49f2-a5c9-d2f930e5baa1.jpg 1080w, https:\/\/oasisfm935.com.ar\/site\/wp-content\/uploads\/2020\/08\/47806202-8741-49f2-a5c9-d2f930e5baa1-300x300.jpg 300w, https:\/\/oasisfm935.com.ar\/site\/wp-content\/uploads\/2020\/08\/47806202-8741-49f2-a5c9-d2f930e5baa1-1024x1024.jpg 1024w, https:\/\/oasisfm935.com.ar\/site\/wp-content\/uploads\/2020\/08\/47806202-8741-49f2-a5c9-d2f930e5baa1-150x150.jpg 150w, https:\/\/oasisfm935.com.ar\/site\/wp-content\/uploads\/2020\/08\/47806202-8741-49f2-a5c9-d2f930e5baa1-768x768.jpg 768w\" sizes=\"(max-width: 1080px) 100vw, 1080px\" class=\"no-lazyload\" width=\"1080\" height=\"1080\"  style=\"display: inline-block;\" \/><\/div>","protected":false},"excerpt":{"rendered":"<p>El d\u00eda Martes 2 de Marzo se llev\u00f3 a cabo la Sesi\u00f3n Preparatoria, d\u00f3nde se asignaron las autoridades del Concejo y el<\/p>\n","protected":false},"author":4,"featured_media":8805,"comment_status":"closed","ping_status":"open","sticky":false,"template":"","format":"standard","meta":{"colormag_page_layout":"default_layout","footnotes":""},"categories":[2],"tags":[],"class_list":["post-8804","post","type-post","status-publish","format-standard","has-post-thumbnail","hentry","category-noticias"],"_links":{"self":[{"href":"https:\/\/oasisfm935.com.ar\/site\/wp-json\/wp\/v2\/posts\/8804","targetHints":{"allow":["GET"]}}],"collection":[{"href":"https:\/\/oasisfm935.com.ar\/site\/wp-json\/wp\/v2\/posts"}],"about":[{"href":"https:\/\/oasisfm935.com.ar\/site\/wp-json\/wp\/v2\/types\/post"}],"author":[{"embeddable":true,"href":"https:\/\/oasisfm935.com.ar\/site\/wp-json\/wp\/v2\/users\/4"}],"replies":[{"embeddable":true,"href":"https:\/\/oasisfm935.com.ar\/site\/wp-json\/wp\/v2\/comments?post=8804"}],"version-history":[{"count":2,"href":"https:\/\/oasisfm935.com.ar\/site\/wp-json\/wp\/v2\/posts\/8804\/revisions"}],"predecessor-version":[{"id":8807,"href":"https:\/\/oasisfm935.com.ar\/site\/wp-json\/wp\/v2\/posts\/8804\/revisions\/8807"}],"wp:featuredmedia":[{"embeddable":true,"href":"https:\/\/oasisfm935.com.ar\/site\/wp-json\/wp\/v2\/media\/8805"}],"wp:attachment":[{"href":"https:\/\/oasisfm935.com.ar\/site\/wp-json\/wp\/v2\/media?parent=8804"}],"wp:term":[{"taxonomy":"category","embeddable":true,"href":"https:\/\/oasisfm935.com.ar\/site\/wp-json\/wp\/v2\/categories?post=8804"},{"taxonomy":"post_tag","embeddable":true,"href":"https:\/\/oasisfm935.com.ar\/site\/wp-json\/wp\/v2\/tags?post=8804"}],"curies":[{"name":"wp","href":"https:\/\/api.w.org\/{rel}","templated":true}]}}