{"id":881,"date":"2019-03-02T12:32:14","date_gmt":"2019-03-02T15:32:14","guid":{"rendered":"http:\/\/oasisfm935.com\/site\/?p=881"},"modified":"2019-03-02T12:32:14","modified_gmt":"2019-03-02T15:32:14","slug":"subieron-los-combustibles-estos-son-los-precios-en-ingeniero-luiggi","status":"publish","type":"post","link":"https:\/\/oasisfm935.com.ar\/site\/subieron-los-combustibles-estos-son-los-precios-en-ingeniero-luiggi\/","title":{"rendered":"Subieron los combustibles: estos son los precios en Ingeniero Luiggi"},"content":{"rendered":"<p><strong>YPF y Ra\u00edzen-Shell decidieron una suba del 2,8% en el precio de sus combustibles a partir de las 0 horas de hoy<\/strong>, con el comienzo del mes de marzo.<\/p>\n<p>Los nuevos precios que se registran en las YPF en Ingeniero Luiggi , desde este Viernes , son lo siguientes:\u00a0<strong>S\u00faper: $34,49 ,\u00a0<\/strong><strong>Infinia: $39.37 ($37,74), Diesel 500<\/strong><strong>: $36.47; e\u00a0<\/strong><strong>Infinia Diesel: $44.42<\/strong><\/p>\n<p>\u201cEsta suba se da en un contexto de aumento del Brent del 7,3% y del d\u00f3lar del 2,7 por ciento. Como ya es conocido, el precio internacional del crudo es una variable clave en la conformaci\u00f3n de los precios\u201d, explic\u00f3 la petrolera estatal.<\/p>\n<p>Si bien analistas del sector y las propias empresas preve\u00edan que la suba ser\u00eda entre 5 y 6%, esta sorpresiva suba a la mitad se debe a una decisi\u00f3n de \u00faltimo momento del Gobierno de desdoblar el llamado Impuesto a los Combustibles L\u00edquidos, o ICL.<\/p>\n<div class=\"row pb-content-type-text\">\n<div class=\"col-xs-12 col-print-12\">\n<p class=\"element element-paragraph\">La ley de reforma tributaria sancionada en 2017 realiz\u00f3 cambios en el impuesto a los combustibles. En ese marco, y a partir de 2018,\u00a0<strong>dicho tributo se calcula sobre un monto fijo por litro de combustible vendido<\/strong>\u00a0y se actualiza por trimestre en base a la variaci\u00f3n del IPC.<\/p>\n<\/div>\n<\/div>\n<div class=\"row pb-content-type-text\">\n<div class=\"col-xs-12 col-print-12\">\n<p class=\"element element-paragraph\">A partir de marzo entraba en vigencia el nuevo valor, pero<strong>\u00a0para que impacto del aumento de las petroleras no sea tan grande, se desdobl\u00f3: 50% en marzo y 50% en abril<\/strong>.<\/p>\n<\/div>\n<\/div>\n<p>&nbsp;<\/p>\n<div class=\"oasis-despues-del-contenido\" id=\"oasis-1577357427\"><img loading=\"lazy\" decoding=\"async\" src=\"https:\/\/oasisfm935.com.ar\/site\/wp-content\/uploads\/2020\/08\/47806202-8741-49f2-a5c9-d2f930e5baa1.jpg\" alt=\"\"  srcset=\"https:\/\/oasisfm935.com.ar\/site\/wp-content\/uploads\/2020\/08\/47806202-8741-49f2-a5c9-d2f930e5baa1.jpg 1080w, https:\/\/oasisfm935.com.ar\/site\/wp-content\/uploads\/2020\/08\/47806202-8741-49f2-a5c9-d2f930e5baa1-300x300.jpg 300w, https:\/\/oasisfm935.com.ar\/site\/wp-content\/uploads\/2020\/08\/47806202-8741-49f2-a5c9-d2f930e5baa1-1024x1024.jpg 1024w, https:\/\/oasisfm935.com.ar\/site\/wp-content\/uploads\/2020\/08\/47806202-8741-49f2-a5c9-d2f930e5baa1-150x150.jpg 150w, https:\/\/oasisfm935.com.ar\/site\/wp-content\/uploads\/2020\/08\/47806202-8741-49f2-a5c9-d2f930e5baa1-768x768.jpg 768w\" sizes=\"(max-width: 1080px) 100vw, 1080px\" class=\"no-lazyload\" width=\"1080\" height=\"1080\"  style=\"display: inline-block;\" \/><\/div>","protected":false},"excerpt":{"rendered":"<p>YPF y Ra\u00edzen-Shell decidieron una suba del 2,8% en el precio de sus combustibles a partir de las 0 horas de hoy,<\/p>\n","protected":false},"author":4,"featured_media":883,"comment_status":"closed","ping_status":"open","sticky":false,"template":"","format":"standard","meta":{"colormag_page_layout":"default_layout","footnotes":""},"categories":[2],"tags":[],"class_list":["post-881","post","type-post","status-publish","format-standard","has-post-thumbnail","hentry","category-noticias"],"_links":{"self":[{"href":"https:\/\/oasisfm935.com.ar\/site\/wp-json\/wp\/v2\/posts\/881","targetHints":{"allow":["GET"]}}],"collection":[{"href":"https:\/\/oasisfm935.com.ar\/site\/wp-json\/wp\/v2\/posts"}],"about":[{"href":"https:\/\/oasisfm935.com.ar\/site\/wp-json\/wp\/v2\/types\/post"}],"author":[{"embeddable":true,"href":"https:\/\/oasisfm935.com.ar\/site\/wp-json\/wp\/v2\/users\/4"}],"replies":[{"embeddable":true,"href":"https:\/\/oasisfm935.com.ar\/site\/wp-json\/wp\/v2\/comments?post=881"}],"version-history":[{"count":1,"href":"https:\/\/oasisfm935.com.ar\/site\/wp-json\/wp\/v2\/posts\/881\/revisions"}],"predecessor-version":[{"id":884,"href":"https:\/\/oasisfm935.com.ar\/site\/wp-json\/wp\/v2\/posts\/881\/revisions\/884"}],"wp:featuredmedia":[{"embeddable":true,"href":"https:\/\/oasisfm935.com.ar\/site\/wp-json\/wp\/v2\/media\/883"}],"wp:attachment":[{"href":"https:\/\/oasisfm935.com.ar\/site\/wp-json\/wp\/v2\/media?parent=881"}],"wp:term":[{"taxonomy":"category","embeddable":true,"href":"https:\/\/oasisfm935.com.ar\/site\/wp-json\/wp\/v2\/categories?post=881"},{"taxonomy":"post_tag","embeddable":true,"href":"https:\/\/oasisfm935.com.ar\/site\/wp-json\/wp\/v2\/tags?post=881"}],"curies":[{"name":"wp","href":"https:\/\/api.w.org\/{rel}","templated":true}]}}