{"id":8813,"date":"2021-03-05T09:32:57","date_gmt":"2021-03-05T12:32:57","guid":{"rendered":"http:\/\/oasisfm935.com\/site\/?p=8813"},"modified":"2021-03-05T09:32:57","modified_gmt":"2021-03-05T12:32:57","slug":"ingeniero-luiggi-patricia-lavin-dejo-inaugurado-el-periodo-legislativo-2021-en-ing-luiggi","status":"publish","type":"post","link":"https:\/\/oasisfm935.com.ar\/site\/ingeniero-luiggi-patricia-lavin-dejo-inaugurado-el-periodo-legislativo-2021-en-ing-luiggi\/","title":{"rendered":"Ingeniero Luiggi: Patricia Lavin dej\u00f3 inaugurado el periodo legislativo 2021 en Ing. Luiggi"},"content":{"rendered":"<p>La intendenta Patricia Lavin dej\u00f3 inaugurado el a\u00f1o del Cuerpo Deliberante en el Auditorio Municipal, durante una sesi\u00f3n encabezada por el Presidente, Juan Jos\u00e9 Gorordo; dem\u00e1s concejalos; y donde estuvieron presentes tambi\u00e9n, el Secretario de Asuntos Municipales Sr. Rogelio Schanton, Diputado Provincial Prof. Oscar Zanoli, Integrante del Directorio de Vialidad Provincial Sr. Guillermo Bertone, y un n\u00famero reducido de funcionarios del Poder Ejecutivo local, Juzgado de Paz y Juzgado de Faltas.<\/p>\n<p><img decoding=\"async\" src=\"https:\/\/scontent.frsa4-1.fna.fbcdn.net\/v\/t1.0-9\/157319570_3854065218010282_8628106593916840001_n.jpg?_nc_cat=108&amp;ccb=3&amp;_nc_sid=8bfeb9&amp;_nc_eui2=AeFMoTC-gxSLtiwwjPQlnOAL81lWOm3s7uHzWVY6bezu4fNl-xBlJf4i0JPRur2gR9zClkyOEiYpKePllylFdeP2&amp;_nc_ohc=_4cp2tuUfq4AX_zOhKM&amp;_nc_ht=scontent.frsa4-1.fna&amp;oh=d131493c2d2960546285f40d72b79fcf&amp;oe=606800E0\" alt=\"Puede ser una imagen de 2 personas, personas de pie y texto que dice &quot;INGENIERO LUIGGI Gobierno Local.&quot;\" \/><\/p>\n<p>La mandataria municipal se expres\u00f3 acerca de los proyectos que se alcanzaron en el primer a\u00f1o de gesti\u00f3n, tambi\u00e9n el esfuerzo asumido con la sociedad en el contexto de pandemia que nos toc\u00f3 atravesar, y destac\u00f3 la necesidad de seguir dialogando y generando consensos tanto con el poder legislativo como con el resto de los\/as actores de la comunidad.<\/p>\n<p><img decoding=\"async\" src=\"https:\/\/scontent.frsa4-1.fna.fbcdn.net\/v\/t1.0-9\/157087395_3854065034676967_5206904757587594662_n.jpg?_nc_cat=106&amp;ccb=3&amp;_nc_sid=8bfeb9&amp;_nc_eui2=AeEBYr7Xebig08hn4pIF7lvjF9r32FfvuHcX2vfYV--4d0ZvKE1h_m6nyW8BPlCju-aluFEiHWVVkzGF2xbe-cbY&amp;_nc_ohc=AHDCMamwIwYAX_jxmQw&amp;_nc_ht=scontent.frsa4-1.fna&amp;oh=d243e4a3c4751d02909077f42a673ad4&amp;oe=60683E87\" alt=\"Puede ser una imagen de una o varias personas y personas de pie\" \/><\/p>\n<p>Asimismo, hizo un detalle de los principales ejes de gesti\u00f3n para este 2021. Y brind\u00f3 un agradecimiento especial para el Gobierno Provincial por la presencia permanente dando respuestas a las demandas de nuestro pueblo.<\/p>\n<p>&nbsp;<\/p>\n<p>Se Acompa\u00f1\u00f3 esta Apertura con el discurso del Sr. presidente del Concejo quien expuso la voluntad de continuar trabajando junto al Poder Ejecutivo.<\/p>\n<div class=\"oasis-despues-del-contenido\" id=\"oasis-2995786186\"><img loading=\"lazy\" decoding=\"async\" src=\"https:\/\/oasisfm935.com.ar\/site\/wp-content\/uploads\/2020\/08\/47806202-8741-49f2-a5c9-d2f930e5baa1.jpg\" alt=\"\"  srcset=\"https:\/\/oasisfm935.com.ar\/site\/wp-content\/uploads\/2020\/08\/47806202-8741-49f2-a5c9-d2f930e5baa1.jpg 1080w, https:\/\/oasisfm935.com.ar\/site\/wp-content\/uploads\/2020\/08\/47806202-8741-49f2-a5c9-d2f930e5baa1-300x300.jpg 300w, https:\/\/oasisfm935.com.ar\/site\/wp-content\/uploads\/2020\/08\/47806202-8741-49f2-a5c9-d2f930e5baa1-1024x1024.jpg 1024w, https:\/\/oasisfm935.com.ar\/site\/wp-content\/uploads\/2020\/08\/47806202-8741-49f2-a5c9-d2f930e5baa1-150x150.jpg 150w, https:\/\/oasisfm935.com.ar\/site\/wp-content\/uploads\/2020\/08\/47806202-8741-49f2-a5c9-d2f930e5baa1-768x768.jpg 768w\" sizes=\"(max-width: 1080px) 100vw, 1080px\" class=\"no-lazyload\" width=\"1080\" height=\"1080\"  style=\"display: inline-block;\" \/><\/div>","protected":false},"excerpt":{"rendered":"<p>La intendenta Patricia Lavin dej\u00f3 inaugurado el a\u00f1o del Cuerpo Deliberante en el Auditorio Municipal, durante una sesi\u00f3n encabezada por el Presidente,<\/p>\n","protected":false},"author":4,"featured_media":8814,"comment_status":"closed","ping_status":"open","sticky":false,"template":"","format":"standard","meta":{"colormag_page_layout":"default_layout","footnotes":""},"categories":[2],"tags":[],"class_list":["post-8813","post","type-post","status-publish","format-standard","has-post-thumbnail","hentry","category-noticias"],"_links":{"self":[{"href":"https:\/\/oasisfm935.com.ar\/site\/wp-json\/wp\/v2\/posts\/8813","targetHints":{"allow":["GET"]}}],"collection":[{"href":"https:\/\/oasisfm935.com.ar\/site\/wp-json\/wp\/v2\/posts"}],"about":[{"href":"https:\/\/oasisfm935.com.ar\/site\/wp-json\/wp\/v2\/types\/post"}],"author":[{"embeddable":true,"href":"https:\/\/oasisfm935.com.ar\/site\/wp-json\/wp\/v2\/users\/4"}],"replies":[{"embeddable":true,"href":"https:\/\/oasisfm935.com.ar\/site\/wp-json\/wp\/v2\/comments?post=8813"}],"version-history":[{"count":1,"href":"https:\/\/oasisfm935.com.ar\/site\/wp-json\/wp\/v2\/posts\/8813\/revisions"}],"predecessor-version":[{"id":8815,"href":"https:\/\/oasisfm935.com.ar\/site\/wp-json\/wp\/v2\/posts\/8813\/revisions\/8815"}],"wp:featuredmedia":[{"embeddable":true,"href":"https:\/\/oasisfm935.com.ar\/site\/wp-json\/wp\/v2\/media\/8814"}],"wp:attachment":[{"href":"https:\/\/oasisfm935.com.ar\/site\/wp-json\/wp\/v2\/media?parent=8813"}],"wp:term":[{"taxonomy":"category","embeddable":true,"href":"https:\/\/oasisfm935.com.ar\/site\/wp-json\/wp\/v2\/categories?post=8813"},{"taxonomy":"post_tag","embeddable":true,"href":"https:\/\/oasisfm935.com.ar\/site\/wp-json\/wp\/v2\/tags?post=8813"}],"curies":[{"name":"wp","href":"https:\/\/api.w.org\/{rel}","templated":true}]}}