{"id":8820,"date":"2021-03-06T11:10:11","date_gmt":"2021-03-06T14:10:11","guid":{"rendered":"http:\/\/oasisfm935.com\/site\/?p=8820"},"modified":"2021-03-06T11:10:11","modified_gmt":"2021-03-06T14:10:11","slug":"anses-entregara-becas-de-8-500-pesos-a-jovenes-de-entre-18-y-29-anos","status":"publish","type":"post","link":"https:\/\/oasisfm935.com.ar\/site\/anses-entregara-becas-de-8-500-pesos-a-jovenes-de-entre-18-y-29-anos\/","title":{"rendered":"ANSES entregar\u00e1 becas de $ 8.500 pesos a j\u00f3venes de entre 18 y 29 a\u00f1os"},"content":{"rendered":"<p>Desde la Administraci\u00f3n Nacional de la Seguridad Social anunciaron la entrega de becas de 8.500 pesos a personas de entre 18 y 29 a\u00f1os de edad que participen de un programa destinado a impulsar la producci\u00f3n y el trabajo.<\/p>\n<p>En el Galp\u00f3n Joven de Tecn\u00f3polis, Fernanda Raverta, la titular del organismo previsional y la secretaria de Inclusi\u00f3n Social del Ministerio de Desarrollo Social de la Naci\u00f3n, Laura Alonso, firmaron un convenio para generar acciones de colaboraci\u00f3n para la implementaci\u00f3n del Programa Nacional Potenciar Inclusi\u00f3n Joven. Durante la actividad estuvieron acompa\u00f1adas por m\u00e1s de 60 j\u00f3venes de los partidos bonaerenses de San Isidro y de La Matanza.<\/p>\n<p>El plan consiste en la entrega de un est\u00edmulo econ\u00f3mico para organizaciones que desarrollen proyectos productivos, laborales y comunitarios que promuevan la participaci\u00f3n de j\u00f3venes entre 18 a 29 a\u00f1os en situaci\u00f3n de vulnerabilidad.<\/p>\n<p>Los proyectos deber\u00e1n ser presentados por organismos gubernamentales, organizaciones no gubernamentales e instituciones religiosas que tengan congruencia con los objetivos del programa, asign\u00e1ndoles un incentivo econ\u00f3mico de 8500 pesos mensuales a cada participante del proyecto presentado y financiado, los cuales podr\u00e1n tener hasta 12 meses de duraci\u00f3n. En esta primera etapa, el objetivo del programa es alcanzar a 100 mil j\u00f3venes de todo el pa\u00eds.<\/p>\n<p>En este contexto, Raverta expres\u00f3: \u201cLos j\u00f3venes son el motor para poner a la Argentina de pie. Tenemos que estar juntos para que la comunidad se organice y salga adelante; necesitamos de su compromiso para dar lo mejor ya que nadie se salva solo, sino con un Estado presente que acompa\u00f1a y genera las condiciones de igualdad de oportunidades para que todos los sue\u00f1os puedan ser cumplidos\u201d.<\/p>\n<p>En tanto, Alonso explic\u00f3 que \u201cPotenciar Inclusi\u00f3n Joven es un programa que lanz\u00f3 el Ministerio de Desarrollo Social para promover iniciativas de diversos temas que convoquen a las y los j\u00f3venes de todo el pa\u00eds.<\/p>\n<p>El programa financiar\u00e1 el desarrollo de estos proyectos y otorgar\u00e1 una beca de $8500 para los j\u00f3venes participantes, que se pagar\u00e1 a trav\u00e9s de ANSeS y el Ministerio de Desarrollo Social ser\u00e1 el responsable del otorgamiento, la administraci\u00f3n y gesti\u00f3n de las prestaciones.<\/p>\n<p>Para inscribirse, las y los interesados deber\u00e1n enviar un correo electr\u00f3nico a\u00a0inclusionjoven@desarrollosocial.gob.ar.<\/p>\n<div class=\"oasis-despues-del-contenido\" id=\"oasis-3668870786\"><img loading=\"lazy\" decoding=\"async\" src=\"https:\/\/oasisfm935.com.ar\/site\/wp-content\/uploads\/2020\/08\/47806202-8741-49f2-a5c9-d2f930e5baa1.jpg\" alt=\"\"  srcset=\"https:\/\/oasisfm935.com.ar\/site\/wp-content\/uploads\/2020\/08\/47806202-8741-49f2-a5c9-d2f930e5baa1.jpg 1080w, https:\/\/oasisfm935.com.ar\/site\/wp-content\/uploads\/2020\/08\/47806202-8741-49f2-a5c9-d2f930e5baa1-300x300.jpg 300w, https:\/\/oasisfm935.com.ar\/site\/wp-content\/uploads\/2020\/08\/47806202-8741-49f2-a5c9-d2f930e5baa1-1024x1024.jpg 1024w, https:\/\/oasisfm935.com.ar\/site\/wp-content\/uploads\/2020\/08\/47806202-8741-49f2-a5c9-d2f930e5baa1-150x150.jpg 150w, https:\/\/oasisfm935.com.ar\/site\/wp-content\/uploads\/2020\/08\/47806202-8741-49f2-a5c9-d2f930e5baa1-768x768.jpg 768w\" sizes=\"(max-width: 1080px) 100vw, 1080px\" class=\"no-lazyload\" width=\"1080\" height=\"1080\"  style=\"display: inline-block;\" \/><\/div>","protected":false},"excerpt":{"rendered":"<p>Desde la Administraci\u00f3n Nacional de la Seguridad Social anunciaron la entrega de becas de 8.500 pesos a personas de entre 18 y<\/p>\n","protected":false},"author":4,"featured_media":8821,"comment_status":"closed","ping_status":"open","sticky":false,"template":"","format":"standard","meta":{"colormag_page_layout":"default_layout","footnotes":""},"categories":[2],"tags":[],"class_list":["post-8820","post","type-post","status-publish","format-standard","has-post-thumbnail","hentry","category-noticias"],"_links":{"self":[{"href":"https:\/\/oasisfm935.com.ar\/site\/wp-json\/wp\/v2\/posts\/8820","targetHints":{"allow":["GET"]}}],"collection":[{"href":"https:\/\/oasisfm935.com.ar\/site\/wp-json\/wp\/v2\/posts"}],"about":[{"href":"https:\/\/oasisfm935.com.ar\/site\/wp-json\/wp\/v2\/types\/post"}],"author":[{"embeddable":true,"href":"https:\/\/oasisfm935.com.ar\/site\/wp-json\/wp\/v2\/users\/4"}],"replies":[{"embeddable":true,"href":"https:\/\/oasisfm935.com.ar\/site\/wp-json\/wp\/v2\/comments?post=8820"}],"version-history":[{"count":1,"href":"https:\/\/oasisfm935.com.ar\/site\/wp-json\/wp\/v2\/posts\/8820\/revisions"}],"predecessor-version":[{"id":8822,"href":"https:\/\/oasisfm935.com.ar\/site\/wp-json\/wp\/v2\/posts\/8820\/revisions\/8822"}],"wp:featuredmedia":[{"embeddable":true,"href":"https:\/\/oasisfm935.com.ar\/site\/wp-json\/wp\/v2\/media\/8821"}],"wp:attachment":[{"href":"https:\/\/oasisfm935.com.ar\/site\/wp-json\/wp\/v2\/media?parent=8820"}],"wp:term":[{"taxonomy":"category","embeddable":true,"href":"https:\/\/oasisfm935.com.ar\/site\/wp-json\/wp\/v2\/categories?post=8820"},{"taxonomy":"post_tag","embeddable":true,"href":"https:\/\/oasisfm935.com.ar\/site\/wp-json\/wp\/v2\/tags?post=8820"}],"curies":[{"name":"wp","href":"https:\/\/api.w.org\/{rel}","templated":true}]}}