{"id":8840,"date":"2021-03-08T21:22:02","date_gmt":"2021-03-09T00:22:02","guid":{"rendered":"http:\/\/oasisfm935.com\/site\/?p=8840"},"modified":"2021-03-08T21:22:02","modified_gmt":"2021-03-09T00:22:02","slug":"ingeniero-luiggi-patricia-lavin-hizo-varios-anuncios-y-destaco-la-demanda-aumento-durante-la-pandemia-y-sigue-creciendo","status":"publish","type":"post","link":"https:\/\/oasisfm935.com.ar\/site\/ingeniero-luiggi-patricia-lavin-hizo-varios-anuncios-y-destaco-la-demanda-aumento-durante-la-pandemia-y-sigue-creciendo\/","title":{"rendered":"Ingeniero Luiggi: Patricia Lavin hizo varios anuncios y destac\u00f3: \u00abla demanda aument\u00f3 durante la pandemia y sigue creciendo\u00bb"},"content":{"rendered":"<p>Fueron varios los anuncios que realiz\u00f3 la intendenta de Ingeniero Luiggi Patricia Lavin en el inicio de sesiones ordinarias. Adem\u00e1s hizo un reconocimiento especial a todos los integrantes del COE por la tarea desarrollada durante la pandemia.<\/p>\n<p>La jefa comunal expres\u00f3 que \u00abhace un a\u00f1o est\u00e1bamos en este mismo lugar pensando, proyectando, planificando cosas para nuestra localidad y en un cerrar y abrir de ojos cambi\u00f3, la pandemia interrumpi\u00f3 nuestras vidas y debimos poner todas las estrategias que ten\u00edamos como comunidad, desde el Ejecutivo, el Legislativo, el Gobierno Provincial, desde la C\u00e1mara de Diputados y pensar estrategias inimaginables\u00bb.<\/p>\n<p>Patricia Lavin tuvo un p\u00e1rrafo especial para la tarea que represent\u00f3 el Comit\u00e9 de Emergencia (COE) integrado por el equipo de salud, bomberos, el personal policial, el municipio por el trabajo realizado en pandemia a lo largo de todo el 2020.<\/p>\n<p>\u00abTuvimos que salir a atender a la poblaci\u00f3n que hab\u00eda depositado la confianza en nosotros y as\u00ed lo hicimos, el coronavirus nos atraves\u00f3 como sociedad pero desde el COE pudimos debatir, discutir, tener distintos puntos de vista, pero tomar decisiones que se sosten\u00edan por tener una mirada integral de la localidad\u00bb, expres\u00f3 la intendenta.<\/p>\n<p>&nbsp;<\/p>\n<p><strong>Salud y bienestar<\/strong><\/p>\n<p>\u00abRealmente fue una decisi\u00f3n muy dif\u00edcil pero a\u00fan as\u00ed pudimos generar cosas para nuestra comunidad, estuvimos asistiendo, brindando toda la log\u00edstica para distribuir viandas a las familias m\u00e1s vulnerables en conjunto con la escuela 250, para que tuvieran el derecho b\u00e1sico a la alimentaci\u00f3n\u00bb, relat\u00f3.<\/p>\n<p>\u00abHemos dado cobertura a unas 348 familias, entregando 1880 refuerzos alimentarios, desde octubre hasta hoy hemos brindado asistencia econ\u00f3mica y alimentaria a aquellas personas que padecieron Covid, tambi\u00e9n dimos cobertura de medicamentos a unos 90 vecinos y cobertura de traslados a otras 150 personas a establecimientos asistenciales de mayor complejidad\u00bb, expres\u00f3.<\/p>\n<p>Remarc\u00f3 que \u00abla<strong>\u00a0demanda aument\u00f3 durante la pandemia y sigue creciendo d\u00eda a d\u00eda\u00bb<\/strong>, resalt\u00f3.<\/p>\n<p>\u00abHoy tenemos la preocupaci\u00f3n por el acceso a servicios esenciales como energ\u00eda el\u00e9ctrica y gas, por eso nos estamos reuniendo con entidades que prestan estos servicios en nuestra localidad como Copeospil y Camuzzi para evitar los cortes en familias m\u00e1s vulnerables\u00bb, remarc\u00f3.<\/p>\n<p>A modo de ejemplo mencion\u00f3 que\u00a0<strong>\u00abdesde el mes de diciembre hasta la actualidad se ayud\u00f3 a unas 195 personas a saldar la deuda de sus servicios. A quienes ayudamos les pedimos una contraprestaci\u00f3n laboral\u00bb.<\/strong><\/p>\n<p>Lavin hizo un recorrido por los proyectos concretados. En cuanto a salud y bienestar destac\u00f3 que los primeros meses la atenci\u00f3n se centr\u00f3 en atender la pandemia pero tambi\u00e9n\u00a0<strong>\u00abnos reinventamos y surgi\u00f3 un Pro Vida de invierno virtual y actividades deportivas a trav\u00e9s de las redes\u00bb.<\/strong><\/p>\n<p>Lavin mencion\u00f3 tambi\u00e9n que a trav\u00e9s del Plan Municipio a Casa, se gestion\u00f3 la compra de materiales de construcci\u00f3n para 39 familias y se acordaron cr\u00e9ditos a otras 11 familias para abordar \u00ab<strong>situaciones habitacionales a las que deb\u00edamos dar respuestas\u00bb.<\/strong><\/p>\n<p>\u00abEl deporte y la recreaci\u00f3n fueron fundamentales y a medida que se pudo, se implement\u00f3 el pro Vida de Verano con todos los protocolos con toda la inversi\u00f3n necesaria para cuidar a nuestra ni\u00f1ez y adolescencia\u00bb, explic\u00f3.<\/p>\n<p>Lavin tambi\u00e9n resalt\u00f3 la necesidad de movilizar la econom\u00eda local y destac\u00f3 la importancia de seguir apoyando a los emprendedores y emprendedoras de la localidad.<\/p>\n<p><strong>Demandas<\/strong><\/p>\n<blockquote class=\"wp-block-quote\"><p>La jefa comunal destac\u00f3 que las principales demandas a nivel local son \u00abtrabajo y viviendas, dos derechos fundamentales para cualquier familia\u00bb.<\/p><\/blockquote>\n<p>\u00abLas demandas son las mismas que a\u00f1os atr\u00e1s pero se increment\u00f3 el n\u00famero\u00bb, y en este sentido se\u00f1al\u00f3 que tras el reempadronamiento que se hizo para el Plan Mi Casa I, hay\u00a0<strong>\u00ab186 familias esperando por una vivienda\u00bb.<\/strong><\/p>\n<p><strong>Viviendas<\/strong><\/p>\n<p>La jefa comunal destac\u00f3 el anuncio del gobernador de \u00abintensificar los planes de vivienda\u00bb y se\u00f1al\u00f3 \u00abes sumamente importante porque es la principal necesidad de las localidades pampeanas\u00bb.<\/p>\n<blockquote class=\"wp-block-quote\"><p>Mencion\u00f3 que se est\u00e1n ultimando detalles para la entrega de unas diez viviendas que vienen demoradas por la pandemia pero \u00aben unos d\u00edas m\u00e1s daremos respuesta a diez familias de la localidad\u00bb.<\/p><\/blockquote>\n<p>Adem\u00e1s se\u00f1al\u00f3 que en los pr\u00f3ximos d\u00edas\u00a0<strong>firmar\u00e1 el convenio para las primeras 6 viviendas del Plan Mi Casa I, un n\u00famero bastante bajo para la demanda de 186 inscriptos, reconoci\u00f3 la intendenta.<\/strong><\/p>\n<p>Dado el d\u00e9ficit habitacional, se\u00f1al\u00f3 que los adjudicatarios de estas seis viviendas ser\u00e1 por sorteo, considerando la cantidad de a\u00f1os de residencia en la localidad y el n\u00famero de hijos.<\/p>\n<p><strong>Obras ejecutadas<\/strong><\/p>\n<p>En su discurso se refiri\u00f3 tambi\u00e9n al trabajo que se viene realizando con el retiro de bidones de fitosanitarios de la planta de tratamiento.<\/p>\n<p>Mencion\u00f3 los trabajos de mantenimiento en la red terciaria de caminos, alcantarilladas, alteos y mantenimiento de los desag\u00fces pluviales, la obra de refacci\u00f3n del cementerio, el avance de la obra de refacci\u00f3n en el geri\u00e1trico municipal.<\/p>\n<p>Destac\u00f3 el trabajo del \u00e1rea de Vialidad Urbana con el mantenimiento del asfalto existente, la construcci\u00f3n de badenes y cord\u00f3n cuneta, la construcci\u00f3n de nuevas cuadras para conectar a los barrios m\u00e1s alejados.<\/p>\n<p>Mencion\u00f3 el recambio de las luminarias por el sistema Led y la remodelaci\u00f3n de la plaza central.<\/p>\n<p>Por \u00faltimo se refiri\u00f3 a trabajo que se viene haciendo con un grupo de profesionales para abordar la problem\u00e1tica de la violencia de g\u00e9nero en la localidad.<\/p>\n<p>Redacci\u00f3n; Zonal Noticias<\/p>\n<div class=\"oasis-despues-del-contenido\" id=\"oasis-36771245\"><img loading=\"lazy\" decoding=\"async\" src=\"https:\/\/oasisfm935.com.ar\/site\/wp-content\/uploads\/2020\/08\/47806202-8741-49f2-a5c9-d2f930e5baa1.jpg\" alt=\"\"  srcset=\"https:\/\/oasisfm935.com.ar\/site\/wp-content\/uploads\/2020\/08\/47806202-8741-49f2-a5c9-d2f930e5baa1.jpg 1080w, https:\/\/oasisfm935.com.ar\/site\/wp-content\/uploads\/2020\/08\/47806202-8741-49f2-a5c9-d2f930e5baa1-300x300.jpg 300w, https:\/\/oasisfm935.com.ar\/site\/wp-content\/uploads\/2020\/08\/47806202-8741-49f2-a5c9-d2f930e5baa1-1024x1024.jpg 1024w, https:\/\/oasisfm935.com.ar\/site\/wp-content\/uploads\/2020\/08\/47806202-8741-49f2-a5c9-d2f930e5baa1-150x150.jpg 150w, https:\/\/oasisfm935.com.ar\/site\/wp-content\/uploads\/2020\/08\/47806202-8741-49f2-a5c9-d2f930e5baa1-768x768.jpg 768w\" sizes=\"(max-width: 1080px) 100vw, 1080px\" class=\"no-lazyload\" width=\"1080\" height=\"1080\"  style=\"display: inline-block;\" \/><\/div>","protected":false},"excerpt":{"rendered":"<p>Fueron varios los anuncios que realiz\u00f3 la intendenta de Ingeniero Luiggi Patricia Lavin en el inicio de sesiones ordinarias. Adem\u00e1s hizo un<\/p>\n","protected":false},"author":4,"featured_media":8814,"comment_status":"closed","ping_status":"open","sticky":false,"template":"","format":"standard","meta":{"colormag_page_layout":"default_layout","footnotes":""},"categories":[2],"tags":[],"class_list":["post-8840","post","type-post","status-publish","format-standard","has-post-thumbnail","hentry","category-noticias"],"_links":{"self":[{"href":"https:\/\/oasisfm935.com.ar\/site\/wp-json\/wp\/v2\/posts\/8840","targetHints":{"allow":["GET"]}}],"collection":[{"href":"https:\/\/oasisfm935.com.ar\/site\/wp-json\/wp\/v2\/posts"}],"about":[{"href":"https:\/\/oasisfm935.com.ar\/site\/wp-json\/wp\/v2\/types\/post"}],"author":[{"embeddable":true,"href":"https:\/\/oasisfm935.com.ar\/site\/wp-json\/wp\/v2\/users\/4"}],"replies":[{"embeddable":true,"href":"https:\/\/oasisfm935.com.ar\/site\/wp-json\/wp\/v2\/comments?post=8840"}],"version-history":[{"count":1,"href":"https:\/\/oasisfm935.com.ar\/site\/wp-json\/wp\/v2\/posts\/8840\/revisions"}],"predecessor-version":[{"id":8842,"href":"https:\/\/oasisfm935.com.ar\/site\/wp-json\/wp\/v2\/posts\/8840\/revisions\/8842"}],"wp:featuredmedia":[{"embeddable":true,"href":"https:\/\/oasisfm935.com.ar\/site\/wp-json\/wp\/v2\/media\/8814"}],"wp:attachment":[{"href":"https:\/\/oasisfm935.com.ar\/site\/wp-json\/wp\/v2\/media?parent=8840"}],"wp:term":[{"taxonomy":"category","embeddable":true,"href":"https:\/\/oasisfm935.com.ar\/site\/wp-json\/wp\/v2\/categories?post=8840"},{"taxonomy":"post_tag","embeddable":true,"href":"https:\/\/oasisfm935.com.ar\/site\/wp-json\/wp\/v2\/tags?post=8840"}],"curies":[{"name":"wp","href":"https:\/\/api.w.org\/{rel}","templated":true}]}}