{"id":8853,"date":"2021-03-10T12:04:47","date_gmt":"2021-03-10T15:04:47","guid":{"rendered":"http:\/\/oasisfm935.com\/site\/?p=8853"},"modified":"2021-03-10T13:58:55","modified_gmt":"2021-03-10T16:58:55","slug":"ing-luiggi-los-temas-que-trato-el-concejo-deliberante-en-la-primera-sesion-del-ano","status":"publish","type":"post","link":"https:\/\/oasisfm935.com.ar\/site\/ing-luiggi-los-temas-que-trato-el-concejo-deliberante-en-la-primera-sesion-del-ano\/","title":{"rendered":"Ing. Luiggi: los temas que trat\u00f3 el Concejo Deliberante en la primera sesi\u00f3n del a\u00f1o."},"content":{"rendered":"<p><strong>El d\u00eda Jueves 4 de Marzo, se llev\u00f3 a cabo el Acto de Apertura de Sesiones Periodo 2021 y luego la primera Sesi\u00f3n Ordinaria.<\/strong><\/p>\n<p><strong>\u2022 INGRESO DE NOTAS<\/strong><\/p>\n<p>1) Proyecto bloque FREJUPA sobre colocaci\u00f3n de sem\u00e1foros en la localidad. PASA A COMISI\u00d3N<\/p>\n<p>2) Ejecutivo elevando respuesta a pedido de informe sobre situaci\u00f3n laboral del Arquitecto Zanoli Santiago, Testa Norma y Bustriazo Juan Carlos. SE TOMA CONOCIMIENTO Y SE ARCHIVA.<\/p>\n<p>3) Solicitud de terrenos: V\u00e1zquez, Chaveli Betiana \/ Calder\u00f3n Ana Mar\u00eda. SE TOMA CONOCIMIENTO Y SE ARCHIVAN YA QUE NO HAY TERRENOS DISPONIBLES PARA LA VENTA.<\/p>\n<p>4) Ingreso Balance Julio 2020 y Agosto 2020. SE LE DA INGRESO.<\/p>\n<p>5) Nota solicitando construcci\u00f3n de un lomo de burro, baden o reductor de velocidad calle Col\u00f3n e\/ Rivadavia y Belgrano. PASA A COMISI\u00d3N PARA EVALUAR JUNTO CON OBRAS P\u00daBLICAS LA POSIBILIDAD DE COLOCAR SEM\u00c1FOROS.<\/p>\n<p>6) Ejecutivo elevando proyecto de ordenanza sobre otorgamiento de carnet de conducir clase A. 1 a menores entre 16 y 18 a\u00f1os para ciclomotores de hasta 110cc. APROBADO POR UNANIMIDAD.<\/p>\n<p>7) Nota de renuncia al cargo de jueza de faltas presentado por la Dra. Teller\u00eda Noelia y propuesta profesional para cubrir el cargo de Jueza de Faltas Municipal a la Dra. Rossi, Celeste. APROBADO POR UNANIMIDAD.<\/p>\n<p>8) Ejecutivo elevando resoluciones Ad Refer\u00e9ndum (Bono de Fin de A\u00f1o\/Readecuaci\u00f3n del uso de las Cuentas Bancarias Municipales\/ Moratoria) APROBADAS POR UNANIMIDAD<\/p>\n<p>9) Modificaci\u00f3n Ordenanza 37\/10. APROBADO POR UNANIMIDAD.<\/p>\n<p><a href=\"http:\/\/oasisfm935.com\/site\/wp-content\/uploads\/2021\/03\/158904274_892186898302594_1181753089123565387_n.jpg\"><img loading=\"lazy\" decoding=\"async\" class=\"alignnone size-full wp-image-8857\" src=\"http:\/\/oasisfm935.com\/site\/wp-content\/uploads\/2021\/03\/158904274_892186898302594_1181753089123565387_n.jpg\" alt=\"\" width=\"2048\" height=\"945\" srcset=\"https:\/\/oasisfm935.com.ar\/site\/wp-content\/uploads\/2021\/03\/158904274_892186898302594_1181753089123565387_n.jpg 2048w, https:\/\/oasisfm935.com.ar\/site\/wp-content\/uploads\/2021\/03\/158904274_892186898302594_1181753089123565387_n-300x138.jpg 300w, https:\/\/oasisfm935.com.ar\/site\/wp-content\/uploads\/2021\/03\/158904274_892186898302594_1181753089123565387_n-1024x473.jpg 1024w, https:\/\/oasisfm935.com.ar\/site\/wp-content\/uploads\/2021\/03\/158904274_892186898302594_1181753089123565387_n-768x354.jpg 768w, https:\/\/oasisfm935.com.ar\/site\/wp-content\/uploads\/2021\/03\/158904274_892186898302594_1181753089123565387_n-1536x709.jpg 1536w\" sizes=\"auto, (max-width: 2048px) 100vw, 2048px\" \/><\/a><\/p>\n<div class=\"oasis-despues-del-contenido\" id=\"oasis-2274232790\"><img loading=\"lazy\" decoding=\"async\" src=\"https:\/\/oasisfm935.com.ar\/site\/wp-content\/uploads\/2020\/08\/47806202-8741-49f2-a5c9-d2f930e5baa1.jpg\" alt=\"\"  srcset=\"https:\/\/oasisfm935.com.ar\/site\/wp-content\/uploads\/2020\/08\/47806202-8741-49f2-a5c9-d2f930e5baa1.jpg 1080w, https:\/\/oasisfm935.com.ar\/site\/wp-content\/uploads\/2020\/08\/47806202-8741-49f2-a5c9-d2f930e5baa1-300x300.jpg 300w, https:\/\/oasisfm935.com.ar\/site\/wp-content\/uploads\/2020\/08\/47806202-8741-49f2-a5c9-d2f930e5baa1-1024x1024.jpg 1024w, https:\/\/oasisfm935.com.ar\/site\/wp-content\/uploads\/2020\/08\/47806202-8741-49f2-a5c9-d2f930e5baa1-150x150.jpg 150w, https:\/\/oasisfm935.com.ar\/site\/wp-content\/uploads\/2020\/08\/47806202-8741-49f2-a5c9-d2f930e5baa1-768x768.jpg 768w\" sizes=\"(max-width: 1080px) 100vw, 1080px\" class=\"no-lazyload\" width=\"1080\" height=\"1080\"  style=\"display: inline-block;\" \/><\/div>","protected":false},"excerpt":{"rendered":"<p>El d\u00eda Jueves 4 de Marzo, se llev\u00f3 a cabo el Acto de Apertura de Sesiones Periodo 2021 y luego la primera<\/p>\n","protected":false},"author":4,"featured_media":8854,"comment_status":"closed","ping_status":"open","sticky":false,"template":"","format":"standard","meta":{"colormag_page_layout":"default_layout","footnotes":""},"categories":[2],"tags":[],"class_list":["post-8853","post","type-post","status-publish","format-standard","has-post-thumbnail","hentry","category-noticias"],"_links":{"self":[{"href":"https:\/\/oasisfm935.com.ar\/site\/wp-json\/wp\/v2\/posts\/8853","targetHints":{"allow":["GET"]}}],"collection":[{"href":"https:\/\/oasisfm935.com.ar\/site\/wp-json\/wp\/v2\/posts"}],"about":[{"href":"https:\/\/oasisfm935.com.ar\/site\/wp-json\/wp\/v2\/types\/post"}],"author":[{"embeddable":true,"href":"https:\/\/oasisfm935.com.ar\/site\/wp-json\/wp\/v2\/users\/4"}],"replies":[{"embeddable":true,"href":"https:\/\/oasisfm935.com.ar\/site\/wp-json\/wp\/v2\/comments?post=8853"}],"version-history":[{"count":4,"href":"https:\/\/oasisfm935.com.ar\/site\/wp-json\/wp\/v2\/posts\/8853\/revisions"}],"predecessor-version":[{"id":8859,"href":"https:\/\/oasisfm935.com.ar\/site\/wp-json\/wp\/v2\/posts\/8853\/revisions\/8859"}],"wp:featuredmedia":[{"embeddable":true,"href":"https:\/\/oasisfm935.com.ar\/site\/wp-json\/wp\/v2\/media\/8854"}],"wp:attachment":[{"href":"https:\/\/oasisfm935.com.ar\/site\/wp-json\/wp\/v2\/media?parent=8853"}],"wp:term":[{"taxonomy":"category","embeddable":true,"href":"https:\/\/oasisfm935.com.ar\/site\/wp-json\/wp\/v2\/categories?post=8853"},{"taxonomy":"post_tag","embeddable":true,"href":"https:\/\/oasisfm935.com.ar\/site\/wp-json\/wp\/v2\/tags?post=8853"}],"curies":[{"name":"wp","href":"https:\/\/api.w.org\/{rel}","templated":true}]}}