{"id":8889,"date":"2021-03-16T13:53:07","date_gmt":"2021-03-16T16:53:07","guid":{"rendered":"http:\/\/oasisfm935.com\/site\/?p=8889"},"modified":"2021-03-16T13:53:07","modified_gmt":"2021-03-16T16:53:07","slug":"ingeniero-luiggile-dijeron-que-su-bebe-murio-al-nacer-en-el-molas-pero-asegura-que-no-le-mostraron-el-cuerpo","status":"publish","type":"post","link":"https:\/\/oasisfm935.com.ar\/site\/ingeniero-luiggile-dijeron-que-su-bebe-murio-al-nacer-en-el-molas-pero-asegura-que-no-le-mostraron-el-cuerpo\/","title":{"rendered":"INGENIERO LUIGGI:LE DIJERON QUE SU BEB\u00c9 MURI\u00d3 AL NACER EN EL MOLAS PERO ASEGURA QUE NO LE MOSTRARON EL CUERPO"},"content":{"rendered":"<p>Una mujer present\u00f3 una denuncia judicial y realiz\u00f3 una publicaci\u00f3n en Facebook buscando a su posible hijo.<\/p>\n<p>Marisa Gebruers tiene 57 a\u00f1os y realiz\u00f3 una presentaci\u00f3n judicial para establecer si lo que le dijeron en 1984 se corresponde con lo sucedido. Hizo una presentaci\u00f3n judicial, cuenta con el acompa\u00f1amiento de la Municipalidad de Ingeniero Luiggiy espera el resultado de un ADN<\/p>\n<p>En el escrito publicado en las redes sociales cuenta que \u201csi alguien naci\u00f3 en el hospital Luci\u00f3 Molas 17 de julio de 1984 y tiene dudas de sus or\u00edgenes por favor contactarse con esta p\u00e1gina\u201d, indica la publicaci\u00f3n de \u201cbusco madre biol\u00f3gica La Pampa\u201d<\/p>\n<p>\u201cLes cuento mi b\u00fasqueda, yo ten\u00eda 21 a\u00f1os, tuve mi hijo por parto normal, no me lo mostraron no lo vieron tampoco a los familiares que estaban. Yo no se que me paso, s\u00f3lo recuerdo que una enfermera sali\u00f3 corriendo, al rato vino una doctora que me dijo \u2018tu beb\u00e9 falleci\u00f3, vos sos joven y linda podes tener otro\u2019\u201d<\/p>\n<div class=\"container container-single container-single-magazine penci_sidebar right-sidebar\">\n<div id=\"main\">\n<div class=\"theiaStickySidebar\">\n<article id=\"post-261395\" class=\"post-261395 post type-post status-publish format-standard has-post-thumbnail hentry category-provincia\">\n<div class=\"post-entry blockquote-style-1\">\n<div class=\"inner-post-entry\">\n<p>\u201cNadie de los que estaban ah\u00ed, ni el padre del beb\u00e9, abuelos, t\u00edos lo vio, ni los vi mas a ellos, no recuerdo nada, me despert\u00e9 en una habitaci\u00f3n donde reci\u00e9n al otro d\u00eda una hermana m\u00eda siendo enfermera, ah\u00ed mismo, me fue a ver nuevamente, Me desmay\u00e9, nadie me explic\u00f3 nada. Todos los que estaban ah\u00ed, nadie supo o quiso decirme nada\u201d, a\u00f1ade.<\/p>\n<p>\u201cYa cansada de preguntar y no tener respuesta de parte de ning\u00fan familiar, con ayuda psicol\u00f3gica, logre hablar con el juez de paz de mi pueblo y me encontr\u00e9 con un certificado de defunci\u00f3n sin explicaci\u00f3n alguna. Habl\u00e9 con el municipio, logr\u00e9 hacer un lugar para ese angelito, saqu\u00e9 los respectivos permisos y al pasarlo a su lugar con tant\u00edsimo dolor, no hay nada, ni ropa, ni restos visibles\u201d, relata.<\/p>\n<p>\u201cPido por favor con todo mi dolor si alguien naci\u00f3 o le dijeron que naci\u00f3 17de julio1984 en el hospital Lucio Molas en horas de la noche y tiene dudas de su identidad, por favor cont\u00e1ctese conmigo, ay\u00fadenme a saber la verdad, Como madre hace 34 a\u00f1os que estoy con tantas dudas Ll\u00e1mame por favor, si te sent\u00eds identificado\/a con algo de m\u00ed b\u00fasqueda\u201d, solicita<\/p>\n<p>Acompa\u00f1\u00f3 el posteo con una foto de su hijo y nieto \u201cpor s\u00ed alguien reconoce alg\u00fan parecido. Esa foto de m\u00ed lunar lo tengo en m\u00ed pierna, y m\u00ed nieto tiene exactamente el mismo, quiz\u00e1s m\u00ed hijo lo tenga tambi\u00e9n\u201d, finaliza.<\/p>\n<p>Plan B se contact\u00f3 con la mujer , que cont\u00f3 que tiene el acompa\u00f1amiento de la justicia, derechos humanos y la municipalidad.<\/p>\n<p>\u201cNo quiero que a ninguna mujer les pase lo mismo ni a otros hijos. Yo ya tengo 57 a\u00f1os, nadie tiene la vida comprada. Mi caso est\u00e1 en fiscal\u00eda\u201d, confirm\u00f3.<\/p>\n<p>Plan B<\/p>\n<\/div>\n<\/div>\n<\/article>\n<\/div>\n<\/div>\n<\/div>\n<div class=\"oasis-despues-del-contenido\" id=\"oasis-2215125052\"><img loading=\"lazy\" decoding=\"async\" src=\"https:\/\/oasisfm935.com.ar\/site\/wp-content\/uploads\/2020\/08\/47806202-8741-49f2-a5c9-d2f930e5baa1.jpg\" alt=\"\"  srcset=\"https:\/\/oasisfm935.com.ar\/site\/wp-content\/uploads\/2020\/08\/47806202-8741-49f2-a5c9-d2f930e5baa1.jpg 1080w, https:\/\/oasisfm935.com.ar\/site\/wp-content\/uploads\/2020\/08\/47806202-8741-49f2-a5c9-d2f930e5baa1-300x300.jpg 300w, https:\/\/oasisfm935.com.ar\/site\/wp-content\/uploads\/2020\/08\/47806202-8741-49f2-a5c9-d2f930e5baa1-1024x1024.jpg 1024w, https:\/\/oasisfm935.com.ar\/site\/wp-content\/uploads\/2020\/08\/47806202-8741-49f2-a5c9-d2f930e5baa1-150x150.jpg 150w, https:\/\/oasisfm935.com.ar\/site\/wp-content\/uploads\/2020\/08\/47806202-8741-49f2-a5c9-d2f930e5baa1-768x768.jpg 768w\" sizes=\"(max-width: 1080px) 100vw, 1080px\" class=\"no-lazyload\" width=\"1080\" height=\"1080\"  style=\"display: inline-block;\" \/><\/div>","protected":false},"excerpt":{"rendered":"<p>Una mujer present\u00f3 una denuncia judicial y realiz\u00f3 una publicaci\u00f3n en Facebook buscando a su posible hijo. Marisa Gebruers tiene 57 a\u00f1os<\/p>\n","protected":false},"author":4,"featured_media":8890,"comment_status":"closed","ping_status":"open","sticky":false,"template":"","format":"standard","meta":{"colormag_page_layout":"default_layout","footnotes":""},"categories":[2],"tags":[],"class_list":["post-8889","post","type-post","status-publish","format-standard","has-post-thumbnail","hentry","category-noticias"],"_links":{"self":[{"href":"https:\/\/oasisfm935.com.ar\/site\/wp-json\/wp\/v2\/posts\/8889","targetHints":{"allow":["GET"]}}],"collection":[{"href":"https:\/\/oasisfm935.com.ar\/site\/wp-json\/wp\/v2\/posts"}],"about":[{"href":"https:\/\/oasisfm935.com.ar\/site\/wp-json\/wp\/v2\/types\/post"}],"author":[{"embeddable":true,"href":"https:\/\/oasisfm935.com.ar\/site\/wp-json\/wp\/v2\/users\/4"}],"replies":[{"embeddable":true,"href":"https:\/\/oasisfm935.com.ar\/site\/wp-json\/wp\/v2\/comments?post=8889"}],"version-history":[{"count":1,"href":"https:\/\/oasisfm935.com.ar\/site\/wp-json\/wp\/v2\/posts\/8889\/revisions"}],"predecessor-version":[{"id":8891,"href":"https:\/\/oasisfm935.com.ar\/site\/wp-json\/wp\/v2\/posts\/8889\/revisions\/8891"}],"wp:featuredmedia":[{"embeddable":true,"href":"https:\/\/oasisfm935.com.ar\/site\/wp-json\/wp\/v2\/media\/8890"}],"wp:attachment":[{"href":"https:\/\/oasisfm935.com.ar\/site\/wp-json\/wp\/v2\/media?parent=8889"}],"wp:term":[{"taxonomy":"category","embeddable":true,"href":"https:\/\/oasisfm935.com.ar\/site\/wp-json\/wp\/v2\/categories?post=8889"},{"taxonomy":"post_tag","embeddable":true,"href":"https:\/\/oasisfm935.com.ar\/site\/wp-json\/wp\/v2\/tags?post=8889"}],"curies":[{"name":"wp","href":"https:\/\/api.w.org\/{rel}","templated":true}]}}