{"id":889,"date":"2019-03-02T13:02:23","date_gmt":"2019-03-02T16:02:23","guid":{"rendered":"http:\/\/oasisfm935.com\/site\/?p=889"},"modified":"2019-03-02T13:02:23","modified_gmt":"2019-03-02T16:02:23","slug":"kroneberger-hizo-equilibrio-al-evaluar-el-discurso-de-macri","status":"publish","type":"post","link":"https:\/\/oasisfm935.com.ar\/site\/kroneberger-hizo-equilibrio-al-evaluar-el-discurso-de-macri\/","title":{"rendered":"Kroneberger hizo equilibrio al evaluar el discurso de Macri"},"content":{"rendered":"<p>El candidato a gobernador de Cambiemos, Daniel Kroneberger, dijo que \u00abhay malestar\u00bb en la sociedad pero opin\u00f3 que \u00abno son todas verdes\u00bb en la gesti\u00f3n de Macri.\u00a0<strong>\u00abLo vi con postura de candidato\u00bb, dijo, y repiti\u00f3 que la UCR debe llevar un candidato propio a una interna presidencial.<\/strong><\/p>\n<p>El precandidato a gobernador de Cambiemos, Daniel Kroneberger, hizo equilibrio al evaluar el discurso del presidente Mauricio Macri en la apertura de sesiones del Congreso. \u201cExiste malestar, pero no todas son verdes\u201d, dijo el viernes, durante una recorrida por los estudios de televisi\u00f3n de varios canales porte\u00f1os, invitado como la figura que, con el triunfo en la interna sobre Carlos Mac Allister, revitaliz\u00f3 a la UCR en el escenario nacional.<\/p>\n<p>Kroneberger analiz\u00f3 el discurso presidencial y el escenario pol\u00edtico nacional en un par de intervenciones, en Cr\u00f3nica TV y tambi\u00e9n en la televisi\u00f3n p\u00fablica. \u201cVolvimos a tener protagonismo activo despu\u00e9s de estar desdibujados, pero debemos encontrar una referencia nacional\u201d, subray\u00f3 nuevamente el legislador nacional.<\/p>\n<p>\u201cTenemos un camino a desandar importante. Estamos en un proceso en el que volvimos a tener un protagonismo activo en la pol\u00edtica argentina, que por ah\u00ed se vio desdibujado pero es hora de tener una referencia nacional al carecer de una figura nacional. Puede ser Lousteau o alg\u00fan gobernador, eso lo debatiremos en la Convenci\u00f3n\u201d, complet\u00f3.<\/p>\n<p>Consultado por el discurso presidencial, reconoci\u00f3 que \u201cexiste malestar, hay una situaci\u00f3n compleja\u201d, aunque tambi\u00e9n aclar\u00f3 que a su juicio \u201cno son todas verdes, tambi\u00e9n Macri hizo una enumeraci\u00f3n de obras, como las rutas que no se terminaban, y la cuesti\u00f3n energ\u00e9tica\u201d. \u201cLa coyuntura es dif\u00edcil\u201d, reconoci\u00f3.<\/p>\n<p>Kroneberger sostuvo que en las palabras de Macri hubo \u201cuna autocr\u00edtica importante\u201d porque \u201creconoci\u00f3 que la situaci\u00f3n econ\u00f3mica es dif\u00edcil y esto pega de lleno en los sectores m\u00e1s d\u00e9biles\u201d. \u201cDijo que tuvimos dos a\u00f1os de estabilidad y de crecimiento, pero que despu\u00e9s las variables internacionales cambiaron y nos llevaron, en parte, a lo que estamos viviendo en este momento\u201d, indic\u00f3.<\/p>\n<p>Sin embargo, tuvo que reconocer que \u201csi observamos el presente, muchas de lasa cosas que dijo son lo contrario a lo que est\u00e1 pasando, porque se est\u00e1 cerrando empresas y hay gente que se est\u00e1 quedando sin trabajo\u201d. \u201cCreo que \u00e9l se refiere a un tiempo en el cual va a disminuir el d\u00e9ficit fiscal, la inflaci\u00f3n va a llegar a cifras l\u00f3gicas y a partir de all\u00ed comenzar a crecer\u201d, interpret\u00f3.<\/p>\n<p>Por otro lado, apunt\u00f3 que observ\u00f3 Macri \u201ccon la postura de un candidato, con una actitud que no tuvo otras veces, claramente con la idea de seguir siendo presidente despu\u00e9s de diciembre\u201d.<\/p>\n<p>De todos modos, Kroneberger introdujo en cuanto pudo el discurso que seguir\u00e1 para tratar de provincializar el debate de cara a las elecciones del 19 de mayo en la provincia. \u201cEstamos proponiendo un modelo de provincia diferente. Un proyecto integral y arm\u00f3nico de la provincia, con desarrollo productivo integral, e ideas para generar trabajo genuino, una provincia que tenga como pol\u00edtica de estado generar empleo genuino, que la actividad privada crezca\u201d.<\/p>\n<p>\u201cHay que fomentar pol\u00edticas activas para explotar nuestro turismo, y alentar inversiones. No puede ser que el Estado sea el principal empleador. Una provincia que se ponga al frente a la hora de apoyar la actividad privada para que La Pampa se sustente en este sector y que el rol del Estado Provincial sea brindar seguridad, salud, y educaci\u00f3n de manera eficiente\u201d, insisti\u00f3.<\/p>\n<div class=\"oasis-despues-del-contenido\" id=\"oasis-1647570132\"><img loading=\"lazy\" decoding=\"async\" src=\"https:\/\/oasisfm935.com.ar\/site\/wp-content\/uploads\/2020\/08\/47806202-8741-49f2-a5c9-d2f930e5baa1.jpg\" alt=\"\"  srcset=\"https:\/\/oasisfm935.com.ar\/site\/wp-content\/uploads\/2020\/08\/47806202-8741-49f2-a5c9-d2f930e5baa1.jpg 1080w, https:\/\/oasisfm935.com.ar\/site\/wp-content\/uploads\/2020\/08\/47806202-8741-49f2-a5c9-d2f930e5baa1-300x300.jpg 300w, https:\/\/oasisfm935.com.ar\/site\/wp-content\/uploads\/2020\/08\/47806202-8741-49f2-a5c9-d2f930e5baa1-1024x1024.jpg 1024w, https:\/\/oasisfm935.com.ar\/site\/wp-content\/uploads\/2020\/08\/47806202-8741-49f2-a5c9-d2f930e5baa1-150x150.jpg 150w, https:\/\/oasisfm935.com.ar\/site\/wp-content\/uploads\/2020\/08\/47806202-8741-49f2-a5c9-d2f930e5baa1-768x768.jpg 768w\" sizes=\"(max-width: 1080px) 100vw, 1080px\" class=\"no-lazyload\" width=\"1080\" height=\"1080\"  style=\"display: inline-block;\" \/><\/div>","protected":false},"excerpt":{"rendered":"<p>El candidato a gobernador de Cambiemos, Daniel Kroneberger, dijo que \u00abhay malestar\u00bb en la sociedad pero opin\u00f3 que \u00abno son todas verdes\u00bb<\/p>\n","protected":false},"author":4,"featured_media":890,"comment_status":"closed","ping_status":"open","sticky":false,"template":"","format":"standard","meta":{"colormag_page_layout":"default_layout","footnotes":""},"categories":[2],"tags":[],"class_list":["post-889","post","type-post","status-publish","format-standard","has-post-thumbnail","hentry","category-noticias"],"_links":{"self":[{"href":"https:\/\/oasisfm935.com.ar\/site\/wp-json\/wp\/v2\/posts\/889","targetHints":{"allow":["GET"]}}],"collection":[{"href":"https:\/\/oasisfm935.com.ar\/site\/wp-json\/wp\/v2\/posts"}],"about":[{"href":"https:\/\/oasisfm935.com.ar\/site\/wp-json\/wp\/v2\/types\/post"}],"author":[{"embeddable":true,"href":"https:\/\/oasisfm935.com.ar\/site\/wp-json\/wp\/v2\/users\/4"}],"replies":[{"embeddable":true,"href":"https:\/\/oasisfm935.com.ar\/site\/wp-json\/wp\/v2\/comments?post=889"}],"version-history":[{"count":1,"href":"https:\/\/oasisfm935.com.ar\/site\/wp-json\/wp\/v2\/posts\/889\/revisions"}],"predecessor-version":[{"id":891,"href":"https:\/\/oasisfm935.com.ar\/site\/wp-json\/wp\/v2\/posts\/889\/revisions\/891"}],"wp:featuredmedia":[{"embeddable":true,"href":"https:\/\/oasisfm935.com.ar\/site\/wp-json\/wp\/v2\/media\/890"}],"wp:attachment":[{"href":"https:\/\/oasisfm935.com.ar\/site\/wp-json\/wp\/v2\/media?parent=889"}],"wp:term":[{"taxonomy":"category","embeddable":true,"href":"https:\/\/oasisfm935.com.ar\/site\/wp-json\/wp\/v2\/categories?post=889"},{"taxonomy":"post_tag","embeddable":true,"href":"https:\/\/oasisfm935.com.ar\/site\/wp-json\/wp\/v2\/tags?post=889"}],"curies":[{"name":"wp","href":"https:\/\/api.w.org\/{rel}","templated":true}]}}