{"id":8892,"date":"2021-03-16T14:28:35","date_gmt":"2021-03-16T17:28:35","guid":{"rendered":"http:\/\/oasisfm935.com\/site\/?p=8892"},"modified":"2021-03-16T14:30:39","modified_gmt":"2021-03-16T17:30:39","slug":"ingeniero-luiggi-anunciaron-la-construccion-de-20-viviendas-del-programa-casa-propia","status":"publish","type":"post","link":"https:\/\/oasisfm935.com.ar\/site\/ingeniero-luiggi-anunciaron-la-construccion-de-20-viviendas-del-programa-casa-propia\/","title":{"rendered":"Ingeniero Luiggi: Anunciaron la construcci\u00f3n de 20 viviendas del programa \u00abCasa Propia\u00bb"},"content":{"rendered":"<p>A partir del programa nacional \u00abCasa Propia\u00bb se construir\u00e1n en la localidad 20 viviendas. La intendente municipal, Patricia Lavin , particip\u00f3, durante la ma\u00f1ana de hoy martes, del anuncio de la distribuci\u00f3n de nuevas viviendas para La Pampa que realiz\u00f3 el gobernador, Sergio Ziliotto.<\/p>\n<p><a href=\"http:\/\/oasisfm935.com\/site\/wp-content\/uploads\/2021\/03\/FB_IMG_1615915682187.jpg\"><img loading=\"lazy\" decoding=\"async\" class=\"alignnone size-full wp-image-8895\" src=\"http:\/\/oasisfm935.com\/site\/wp-content\/uploads\/2021\/03\/FB_IMG_1615915682187.jpg\" alt=\"\" width=\"720\" height=\"604\" srcset=\"https:\/\/oasisfm935.com.ar\/site\/wp-content\/uploads\/2021\/03\/FB_IMG_1615915682187.jpg 720w, https:\/\/oasisfm935.com.ar\/site\/wp-content\/uploads\/2021\/03\/FB_IMG_1615915682187-300x252.jpg 300w\" sizes=\"auto, (max-width: 720px) 100vw, 720px\" \/><\/a><\/p>\n<p>Esto se confirm\u00f3 durante el marco de la firma de convenios para el plan provincial \u00abMi Casa\u00bb junto a otros intendentes del territorio pampeano. Acompa\u00f1ados por el Gobierno Nacional y la Provincial avanzamos en soluciones habitacionales para las familias de Ingeniero Luiggi.<\/p>\n<p>&nbsp;<\/p>\n<p>&nbsp;<\/p>\n<div class=\"oasis-despues-del-contenido\" id=\"oasis-1442723969\"><img loading=\"lazy\" decoding=\"async\" src=\"https:\/\/oasisfm935.com.ar\/site\/wp-content\/uploads\/2020\/08\/47806202-8741-49f2-a5c9-d2f930e5baa1.jpg\" alt=\"\"  srcset=\"https:\/\/oasisfm935.com.ar\/site\/wp-content\/uploads\/2020\/08\/47806202-8741-49f2-a5c9-d2f930e5baa1.jpg 1080w, https:\/\/oasisfm935.com.ar\/site\/wp-content\/uploads\/2020\/08\/47806202-8741-49f2-a5c9-d2f930e5baa1-300x300.jpg 300w, https:\/\/oasisfm935.com.ar\/site\/wp-content\/uploads\/2020\/08\/47806202-8741-49f2-a5c9-d2f930e5baa1-1024x1024.jpg 1024w, https:\/\/oasisfm935.com.ar\/site\/wp-content\/uploads\/2020\/08\/47806202-8741-49f2-a5c9-d2f930e5baa1-150x150.jpg 150w, https:\/\/oasisfm935.com.ar\/site\/wp-content\/uploads\/2020\/08\/47806202-8741-49f2-a5c9-d2f930e5baa1-768x768.jpg 768w\" sizes=\"(max-width: 1080px) 100vw, 1080px\" class=\"no-lazyload\" width=\"1080\" height=\"1080\"  style=\"display: inline-block;\" \/><\/div>","protected":false},"excerpt":{"rendered":"<p>A partir del programa nacional \u00abCasa Propia\u00bb se construir\u00e1n en la localidad 20 viviendas. La intendente municipal, Patricia Lavin , particip\u00f3, durante<\/p>\n","protected":false},"author":4,"featured_media":8896,"comment_status":"closed","ping_status":"open","sticky":false,"template":"","format":"standard","meta":{"colormag_page_layout":"default_layout","footnotes":""},"categories":[2],"tags":[],"class_list":["post-8892","post","type-post","status-publish","format-standard","has-post-thumbnail","hentry","category-noticias"],"_links":{"self":[{"href":"https:\/\/oasisfm935.com.ar\/site\/wp-json\/wp\/v2\/posts\/8892","targetHints":{"allow":["GET"]}}],"collection":[{"href":"https:\/\/oasisfm935.com.ar\/site\/wp-json\/wp\/v2\/posts"}],"about":[{"href":"https:\/\/oasisfm935.com.ar\/site\/wp-json\/wp\/v2\/types\/post"}],"author":[{"embeddable":true,"href":"https:\/\/oasisfm935.com.ar\/site\/wp-json\/wp\/v2\/users\/4"}],"replies":[{"embeddable":true,"href":"https:\/\/oasisfm935.com.ar\/site\/wp-json\/wp\/v2\/comments?post=8892"}],"version-history":[{"count":3,"href":"https:\/\/oasisfm935.com.ar\/site\/wp-json\/wp\/v2\/posts\/8892\/revisions"}],"predecessor-version":[{"id":8898,"href":"https:\/\/oasisfm935.com.ar\/site\/wp-json\/wp\/v2\/posts\/8892\/revisions\/8898"}],"wp:featuredmedia":[{"embeddable":true,"href":"https:\/\/oasisfm935.com.ar\/site\/wp-json\/wp\/v2\/media\/8896"}],"wp:attachment":[{"href":"https:\/\/oasisfm935.com.ar\/site\/wp-json\/wp\/v2\/media?parent=8892"}],"wp:term":[{"taxonomy":"category","embeddable":true,"href":"https:\/\/oasisfm935.com.ar\/site\/wp-json\/wp\/v2\/categories?post=8892"},{"taxonomy":"post_tag","embeddable":true,"href":"https:\/\/oasisfm935.com.ar\/site\/wp-json\/wp\/v2\/tags?post=8892"}],"curies":[{"name":"wp","href":"https:\/\/api.w.org\/{rel}","templated":true}]}}