{"id":893,"date":"2019-03-02T22:42:42","date_gmt":"2019-03-03T01:42:42","guid":{"rendered":"http:\/\/oasisfm935.com\/site\/?p=893"},"modified":"2019-03-02T22:42:42","modified_gmt":"2019-03-03T01:42:42","slug":"tremenda-noticia-el-finde-largo-murio-franco-macri-el-padre-del-presidente","status":"publish","type":"post","link":"https:\/\/oasisfm935.com.ar\/site\/tremenda-noticia-el-finde-largo-murio-franco-macri-el-padre-del-presidente\/","title":{"rendered":"Tremenda noticia el finde largo: Muri\u00f3 Franco Macri, el padre del presidente"},"content":{"rendered":"<p>&nbsp;<\/p>\n<p>Buenos Aires (2b)- El empresario Franco Macri, padre del presidente Mauricio Macri, muri\u00f3 este s\u00e1bado a las 21:15 en el Barrio Parque de la Capital Federal. Macri padre, de 88 a\u00f1os y nacido en Italia, era uno de los empresarios m\u00e1s poderosos de la Argentina con ra\u00edces en la construcci\u00f3n y en la industria automotriz.<\/p>\n<p>La informaci\u00f3n surgi\u00f3 a trav\u00e9s del periodista Luis Gasulla. Seg\u00fan se supo Franco Macri estuvo estable hasta el mediod\u00eda de hoy s\u00e1bad hasta que tuvo una fuerte descompensaci\u00f3n por problemas respiratorios.<\/p>\n<p>La informaci\u00f3n se conoce justo cuando Mauricio Macri viaj\u00f3 a San Mart\u00edn de los Andes junto a su familia para pasar el fin de semana largo, despu\u00e9s de inaugurar las sesiones ordinarias este viernes en el Congreso.<\/p>\n<p>El presidente fue fotografiado por los medios locales, entre ellos el diario R\u00edo Negro, este s\u00e1bado al arribar a la provincia de Neuqu\u00e9n, donde permanecer\u00e1 los pr\u00f3ximos d\u00edas hasta retomar la actividad oficial. Las im\u00e1genes lo muestran bajar del avi\u00f3n junto a su esposa Juliana Awada, su hija Antonia y algunos amigos.<\/p>\n<div class=\"oasis-despues-del-contenido\" id=\"oasis-1416493360\"><img loading=\"lazy\" decoding=\"async\" src=\"https:\/\/oasisfm935.com.ar\/site\/wp-content\/uploads\/2020\/08\/47806202-8741-49f2-a5c9-d2f930e5baa1.jpg\" alt=\"\"  srcset=\"https:\/\/oasisfm935.com.ar\/site\/wp-content\/uploads\/2020\/08\/47806202-8741-49f2-a5c9-d2f930e5baa1.jpg 1080w, https:\/\/oasisfm935.com.ar\/site\/wp-content\/uploads\/2020\/08\/47806202-8741-49f2-a5c9-d2f930e5baa1-300x300.jpg 300w, https:\/\/oasisfm935.com.ar\/site\/wp-content\/uploads\/2020\/08\/47806202-8741-49f2-a5c9-d2f930e5baa1-1024x1024.jpg 1024w, https:\/\/oasisfm935.com.ar\/site\/wp-content\/uploads\/2020\/08\/47806202-8741-49f2-a5c9-d2f930e5baa1-150x150.jpg 150w, https:\/\/oasisfm935.com.ar\/site\/wp-content\/uploads\/2020\/08\/47806202-8741-49f2-a5c9-d2f930e5baa1-768x768.jpg 768w\" sizes=\"(max-width: 1080px) 100vw, 1080px\" class=\"no-lazyload\" width=\"1080\" height=\"1080\"  style=\"display: inline-block;\" \/><\/div>","protected":false},"excerpt":{"rendered":"<p>&nbsp; Buenos Aires (2b)- El empresario Franco Macri, padre del presidente Mauricio Macri, muri\u00f3 este s\u00e1bado a las 21:15 en el Barrio<\/p>\n","protected":false},"author":4,"featured_media":894,"comment_status":"closed","ping_status":"open","sticky":false,"template":"","format":"standard","meta":{"colormag_page_layout":"default_layout","footnotes":""},"categories":[2],"tags":[],"class_list":["post-893","post","type-post","status-publish","format-standard","has-post-thumbnail","hentry","category-noticias"],"_links":{"self":[{"href":"https:\/\/oasisfm935.com.ar\/site\/wp-json\/wp\/v2\/posts\/893","targetHints":{"allow":["GET"]}}],"collection":[{"href":"https:\/\/oasisfm935.com.ar\/site\/wp-json\/wp\/v2\/posts"}],"about":[{"href":"https:\/\/oasisfm935.com.ar\/site\/wp-json\/wp\/v2\/types\/post"}],"author":[{"embeddable":true,"href":"https:\/\/oasisfm935.com.ar\/site\/wp-json\/wp\/v2\/users\/4"}],"replies":[{"embeddable":true,"href":"https:\/\/oasisfm935.com.ar\/site\/wp-json\/wp\/v2\/comments?post=893"}],"version-history":[{"count":1,"href":"https:\/\/oasisfm935.com.ar\/site\/wp-json\/wp\/v2\/posts\/893\/revisions"}],"predecessor-version":[{"id":895,"href":"https:\/\/oasisfm935.com.ar\/site\/wp-json\/wp\/v2\/posts\/893\/revisions\/895"}],"wp:featuredmedia":[{"embeddable":true,"href":"https:\/\/oasisfm935.com.ar\/site\/wp-json\/wp\/v2\/media\/894"}],"wp:attachment":[{"href":"https:\/\/oasisfm935.com.ar\/site\/wp-json\/wp\/v2\/media?parent=893"}],"wp:term":[{"taxonomy":"category","embeddable":true,"href":"https:\/\/oasisfm935.com.ar\/site\/wp-json\/wp\/v2\/categories?post=893"},{"taxonomy":"post_tag","embeddable":true,"href":"https:\/\/oasisfm935.com.ar\/site\/wp-json\/wp\/v2\/tags?post=893"}],"curies":[{"name":"wp","href":"https:\/\/api.w.org\/{rel}","templated":true}]}}