{"id":8954,"date":"2021-03-25T17:05:13","date_gmt":"2021-03-25T20:05:13","guid":{"rendered":"http:\/\/oasisfm935.com\/site\/?p=8954"},"modified":"2021-03-25T17:06:20","modified_gmt":"2021-03-25T20:06:20","slug":"el-ex-gobernador-oscar-mario-jorge-fue-internado-en-terapia-intensiva","status":"publish","type":"post","link":"https:\/\/oasisfm935.com.ar\/site\/el-ex-gobernador-oscar-mario-jorge-fue-internado-en-terapia-intensiva\/","title":{"rendered":"El ex gobernador Oscar Mario Jorge fue internado en Terapia Intensiva"},"content":{"rendered":"<p>Por la complicaci\u00f3n que le provoc\u00f3\u00a0<strong>una \u00falcera, fue internado el exgobernador pampeano Oscar Mario Jorge<\/strong>. Est\u00e1 en el servicio de terapia intensiva de FAERAC.<\/p>\n<p>Jorge (84) tuvo un diagn\u00f3stico de anemia y la detectaron una \u00falcera.\u00a0<strong>Recibi\u00f3 una transfusi\u00f3n de sangre .<\/strong>\u00a0Est\u00e1 estable y se espera la evoluci\u00f3n. La internaci\u00f3n del exgobernador -quien posee la dos dosis de la vacuna contra el covid- en terapia es para un seguimiento m\u00e1s estricto.<\/p>\n<div class=\"oasis-despues-del-contenido\" id=\"oasis-1932504530\"><img loading=\"lazy\" decoding=\"async\" src=\"https:\/\/oasisfm935.com.ar\/site\/wp-content\/uploads\/2020\/08\/47806202-8741-49f2-a5c9-d2f930e5baa1.jpg\" alt=\"\"  srcset=\"https:\/\/oasisfm935.com.ar\/site\/wp-content\/uploads\/2020\/08\/47806202-8741-49f2-a5c9-d2f930e5baa1.jpg 1080w, https:\/\/oasisfm935.com.ar\/site\/wp-content\/uploads\/2020\/08\/47806202-8741-49f2-a5c9-d2f930e5baa1-300x300.jpg 300w, https:\/\/oasisfm935.com.ar\/site\/wp-content\/uploads\/2020\/08\/47806202-8741-49f2-a5c9-d2f930e5baa1-1024x1024.jpg 1024w, https:\/\/oasisfm935.com.ar\/site\/wp-content\/uploads\/2020\/08\/47806202-8741-49f2-a5c9-d2f930e5baa1-150x150.jpg 150w, https:\/\/oasisfm935.com.ar\/site\/wp-content\/uploads\/2020\/08\/47806202-8741-49f2-a5c9-d2f930e5baa1-768x768.jpg 768w\" sizes=\"(max-width: 1080px) 100vw, 1080px\" class=\"no-lazyload\" width=\"1080\" height=\"1080\"  style=\"display: inline-block;\" \/><\/div>","protected":false},"excerpt":{"rendered":"<p>Por la complicaci\u00f3n que le provoc\u00f3\u00a0una \u00falcera, fue internado el exgobernador pampeano Oscar Mario Jorge. Est\u00e1 en el servicio de terapia intensiva<\/p>\n","protected":false},"author":4,"featured_media":8955,"comment_status":"closed","ping_status":"open","sticky":false,"template":"","format":"standard","meta":{"colormag_page_layout":"default_layout","footnotes":""},"categories":[2],"tags":[],"class_list":["post-8954","post","type-post","status-publish","format-standard","has-post-thumbnail","hentry","category-noticias"],"_links":{"self":[{"href":"https:\/\/oasisfm935.com.ar\/site\/wp-json\/wp\/v2\/posts\/8954","targetHints":{"allow":["GET"]}}],"collection":[{"href":"https:\/\/oasisfm935.com.ar\/site\/wp-json\/wp\/v2\/posts"}],"about":[{"href":"https:\/\/oasisfm935.com.ar\/site\/wp-json\/wp\/v2\/types\/post"}],"author":[{"embeddable":true,"href":"https:\/\/oasisfm935.com.ar\/site\/wp-json\/wp\/v2\/users\/4"}],"replies":[{"embeddable":true,"href":"https:\/\/oasisfm935.com.ar\/site\/wp-json\/wp\/v2\/comments?post=8954"}],"version-history":[{"count":1,"href":"https:\/\/oasisfm935.com.ar\/site\/wp-json\/wp\/v2\/posts\/8954\/revisions"}],"predecessor-version":[{"id":8956,"href":"https:\/\/oasisfm935.com.ar\/site\/wp-json\/wp\/v2\/posts\/8954\/revisions\/8956"}],"wp:featuredmedia":[{"embeddable":true,"href":"https:\/\/oasisfm935.com.ar\/site\/wp-json\/wp\/v2\/media\/8955"}],"wp:attachment":[{"href":"https:\/\/oasisfm935.com.ar\/site\/wp-json\/wp\/v2\/media?parent=8954"}],"wp:term":[{"taxonomy":"category","embeddable":true,"href":"https:\/\/oasisfm935.com.ar\/site\/wp-json\/wp\/v2\/categories?post=8954"},{"taxonomy":"post_tag","embeddable":true,"href":"https:\/\/oasisfm935.com.ar\/site\/wp-json\/wp\/v2\/tags?post=8954"}],"curies":[{"name":"wp","href":"https:\/\/api.w.org\/{rel}","templated":true}]}}