{"id":898,"date":"2019-03-03T09:57:49","date_gmt":"2019-03-03T12:57:49","guid":{"rendered":"http:\/\/oasisfm935.com\/site\/?p=898"},"modified":"2019-03-03T09:57:49","modified_gmt":"2019-03-03T12:57:49","slug":"alerta-meteorologico-para-la-pampa-2","status":"publish","type":"post","link":"https:\/\/oasisfm935.com.ar\/site\/alerta-meteorologico-para-la-pampa-2\/","title":{"rendered":"Alerta meteorol\u00f3gico para La Pampa"},"content":{"rendered":"<p>&nbsp;<\/p>\n<p>El Servicio Meteorol\u00f3gico Nacional emiti\u00f3 a las 6:30 un alerta para este domingo por tormentas intensas. El mismo afecta las zonas del Norte de La Pampa, Noroeste de la provincia de Buenos Aires, Sur y centro de C\u00f3rdoba, San Luis y Sur de Santa Fe.<\/p>\n<p><strong>Tormentas intensas\u00a0(Alerta Meteorol\u00f3gico Nro 1)<\/strong><\/p>\n<ul>\n<li><strong>\u00a0Zonas:<\/strong>\u00a0Noroeste de la provincia de Buenos Aires, Sur y centro de C\u00f3rdoba, Norte de La Pampa, San Luis, Sur de Santa Fe<\/li>\n<\/ul>\n<p>Se prev\u00e9 que entre la tarde y la noche de hoy comiencen a desarrollarse tormentas de variada intensidad, pudiendo ser algunas localmente intensas, acompa\u00f1adas de r\u00e1fagas, ca\u00edda de granizo, fuerte actividad el\u00e9ctrica y abundante ca\u00edda de agua en forma localizada y en cortos per\u00edodos.<\/p>\n<ul>\n<li><strong>\u00a0Fecha de emisi\u00f3n:<\/strong>\u00a003-3-2019 a las 06:30hs<\/li>\n<li><strong>\u00a0Pr\u00f3xima Actualizaci\u00f3n:<\/strong>\u00a012:30hs<\/li>\n<\/ul>\n<div class=\"oasis-despues-del-contenido\" id=\"oasis-3789240562\"><img loading=\"lazy\" decoding=\"async\" src=\"https:\/\/oasisfm935.com.ar\/site\/wp-content\/uploads\/2020\/08\/47806202-8741-49f2-a5c9-d2f930e5baa1.jpg\" alt=\"\"  srcset=\"https:\/\/oasisfm935.com.ar\/site\/wp-content\/uploads\/2020\/08\/47806202-8741-49f2-a5c9-d2f930e5baa1.jpg 1080w, https:\/\/oasisfm935.com.ar\/site\/wp-content\/uploads\/2020\/08\/47806202-8741-49f2-a5c9-d2f930e5baa1-300x300.jpg 300w, https:\/\/oasisfm935.com.ar\/site\/wp-content\/uploads\/2020\/08\/47806202-8741-49f2-a5c9-d2f930e5baa1-1024x1024.jpg 1024w, https:\/\/oasisfm935.com.ar\/site\/wp-content\/uploads\/2020\/08\/47806202-8741-49f2-a5c9-d2f930e5baa1-150x150.jpg 150w, https:\/\/oasisfm935.com.ar\/site\/wp-content\/uploads\/2020\/08\/47806202-8741-49f2-a5c9-d2f930e5baa1-768x768.jpg 768w\" sizes=\"(max-width: 1080px) 100vw, 1080px\" class=\"no-lazyload\" width=\"1080\" height=\"1080\"  style=\"display: inline-block;\" \/><\/div>","protected":false},"excerpt":{"rendered":"<p>&nbsp; El Servicio Meteorol\u00f3gico Nacional emiti\u00f3 a las 6:30 un alerta para este domingo por tormentas intensas. El mismo afecta las zonas<\/p>\n","protected":false},"author":4,"featured_media":899,"comment_status":"closed","ping_status":"open","sticky":false,"template":"","format":"standard","meta":{"colormag_page_layout":"default_layout","footnotes":""},"categories":[2],"tags":[],"class_list":["post-898","post","type-post","status-publish","format-standard","has-post-thumbnail","hentry","category-noticias"],"_links":{"self":[{"href":"https:\/\/oasisfm935.com.ar\/site\/wp-json\/wp\/v2\/posts\/898","targetHints":{"allow":["GET"]}}],"collection":[{"href":"https:\/\/oasisfm935.com.ar\/site\/wp-json\/wp\/v2\/posts"}],"about":[{"href":"https:\/\/oasisfm935.com.ar\/site\/wp-json\/wp\/v2\/types\/post"}],"author":[{"embeddable":true,"href":"https:\/\/oasisfm935.com.ar\/site\/wp-json\/wp\/v2\/users\/4"}],"replies":[{"embeddable":true,"href":"https:\/\/oasisfm935.com.ar\/site\/wp-json\/wp\/v2\/comments?post=898"}],"version-history":[{"count":1,"href":"https:\/\/oasisfm935.com.ar\/site\/wp-json\/wp\/v2\/posts\/898\/revisions"}],"predecessor-version":[{"id":900,"href":"https:\/\/oasisfm935.com.ar\/site\/wp-json\/wp\/v2\/posts\/898\/revisions\/900"}],"wp:featuredmedia":[{"embeddable":true,"href":"https:\/\/oasisfm935.com.ar\/site\/wp-json\/wp\/v2\/media\/899"}],"wp:attachment":[{"href":"https:\/\/oasisfm935.com.ar\/site\/wp-json\/wp\/v2\/media?parent=898"}],"wp:term":[{"taxonomy":"category","embeddable":true,"href":"https:\/\/oasisfm935.com.ar\/site\/wp-json\/wp\/v2\/categories?post=898"},{"taxonomy":"post_tag","embeddable":true,"href":"https:\/\/oasisfm935.com.ar\/site\/wp-json\/wp\/v2\/tags?post=898"}],"curies":[{"name":"wp","href":"https:\/\/api.w.org\/{rel}","templated":true}]}}