{"id":902,"date":"2019-03-03T10:11:39","date_gmt":"2019-03-03T13:11:39","guid":{"rendered":"http:\/\/oasisfm935.com\/site\/?p=902"},"modified":"2019-03-03T10:11:39","modified_gmt":"2019-03-03T13:11:39","slug":"cosecha-pampeana-marco-un-record-402-millones-de-tn","status":"publish","type":"post","link":"https:\/\/oasisfm935.com.ar\/site\/cosecha-pampeana-marco-un-record-402-millones-de-tn\/","title":{"rendered":"Cosecha pampeana marc\u00f3 un r\u00e9cord: 4,02 millones de Tn"},"content":{"rendered":"<p>EL MAIZ Y LA SOJA FUERON LOS CULTIVOS MAS IMPLANTADOS EN LA PROVINCIA<\/p>\n<p>&nbsp;<\/p>\n<p>Aunque se sembr\u00f3 la mitad de la superficie con aptitud agr\u00edcola, los n\u00fameros fueron mejores a los esperados. Las lluvias en los momentos oportunos ayudaron mucho. La campa\u00f1a 2019\/2020 podr\u00eda ser a\u00fan mejor.<\/p>\n<p>La cosecha de granos de la campa\u00f1a 2017\/2018 fue r\u00e9cord. Seg\u00fan datos oficiales de la Secretar\u00eda de Agricultura, la recolecci\u00f3n fue superior a las 4 millones de toneladas. El ma\u00edz y la soja lideraron los vol\u00famenes, con 1,33 millones y 1,12 millones de toneladas, respectivamente.<\/p>\n<p>La superficie con aptitud agr\u00edcola de nuestra provincia es de 2,73 millones de hect\u00e1reas, un 19 por ciento del total del territorio. La cosecha de esta campa\u00f1a se realiz\u00f3 sobre 1,4 millones de hect\u00e1reas, apenas la mitad de la superficie apta para producir granos.<br \/>\nSi bien all\u00e1 en mayo pasado cuando se inici\u00f3, con serios problemas en casi todas las econom\u00edas regionales pampeanas por las consecuencias clim\u00e1ticas adversas y que despu\u00e9s se morigeraron, junto a la ingente presi\u00f3n fiscal, las expectativas para la actual campa\u00f1a son mejores a\u00fan. Lo concreto es que los n\u00fameros finales de la recolecci\u00f3n de granos gruesos y finos en la 2017\/18 puede decirse que el campo local estuvo de pie, invirtiendo en tecnolog\u00eda (tractores, cosechadoras y sembradoras de siembra directa); hubo mayor demanda de agroqu\u00edmicos y semillas, m\u00e1s all\u00e1 que los precios internacionales de los principales commodities granarios declinaron.<br \/>\nGracias a la devaluaci\u00f3n se estima un promedio de crecimiento en los ingresos constantes de entre el 3 y el 5% para la campa\u00f1a 2013\/14. Tambi\u00e9n fueron aceptables los indicadores para los distintos agroalimentos que se producen (molienda, pellets, aceites y biodiesel).<\/p>\n<div class=\"td-g-rec td-g-rec-id-content_inline td_uid_2_5c7bd14f104ef_rand td_block_template_9 \"><\/div>\n<p>Siembra y rendimientos para arriba.<br \/>\nLa recolecci\u00f3n final de granos gruesos y finos para la finalizada campa\u00f1a trep\u00f3 a los 4.020.500 toneladas, en una superficie cosechada de 1.392.530 hect\u00e1reas con 1.488 hect\u00e1reas sembradas. Aquella siembra le report\u00f3 al campo local 945 millones de d\u00f3lares en divisas brutas, aunque si deducimos retenciones y distintas gabelas desde sus distintos \u00e1mbitos de aplicaci\u00f3n, la suma se reduce considerablemente hasta los 450 millones de d\u00f3lares, es decir un 47% de aquel total a valores internacionales.<br \/>\nEl restante 53% se los llev\u00f3 el fisco para financiar buena parte de la crisis econ\u00f3mica del pa\u00eds, incrementarle la caja a la provincia y b\u00e1sicamente solucionar los gastos corrientes de las 90 comunas y Comisiones de Fomento de La Pampa (gu\u00edas).<br \/>\nLos principales cultivos de verano (girasol, ma\u00edz, sorgo, soja) mejoraron al amparo del aumento en los reg\u00edmenes pluviom\u00e9tricos en los intermedios de ambas siembras. Sin dudas que la vedette fue el ma\u00edz con 1.331.562 toneladas seguida de la soja con 1.121.020 toneladas. Luego se destacaron el trigo con 641.571 toneladas; el girasol con 439.230 toneladas; la cebada cervecera con 111.354 toneladas. El sorgo, la avena y el centeno completaron la producci\u00f3n total.<br \/>\nLa campa\u00f1a anterior, 2016\/2017, alcanz\u00f3 un volumen recolectado de 3.711.240 toneladas, n\u00famero que muestra un incremento en esta campa\u00f1a de 309.260 toneladas, es decir un 8,3 por ciento m\u00e1s.<\/p>\n<p>Valor Bruto de Producci\u00f3n<br \/>\nEn referencia \u00fanicamente a los cereales de invierno y verano, el Valor Bruto de Producci\u00f3n (VBP) en la regi\u00f3n es la suma total de los valores de los granos producidos, independientemente de que se trate de insumos (semillas y rollos), es decir, bienes intermedios que se utilizan en el proceso productivo. Por lo tanto, incluye el valor de todos los cereales sin considerar si son de consumo intermedio o de consumo final.<br \/>\nEl VBP es tambi\u00e9n llamado como Producto Interno Bruto, en este caso \u00fanicamente de la agricultura. Para tener una noci\u00f3n de la incidencia de la producci\u00f3n de granos dentro del VBP de La Pampa, es necesario recordar que los cereales participan en un 71,2% y las oleaginosas en un 26,9% en la provincia. Gracias al ma\u00edz transg\u00e9nico (Round Up) y especialmente en la soja (RR) los m\u00e1rgenes de corrimiento de la frontera sojera parecen no tener l\u00edmites. En la pasada el ma\u00edz trep\u00f3 al 33% del total de granos producidos en detrimento del girasol que cay\u00f3 a su expresi\u00f3n m\u00e1s baja de las \u00faltimas dos d\u00e9cadas (11%). La soja alcanz\u00f3 el 28%; el trigo el 16%; el girasol 11% y finalmente la cebada en sus dos vertientes (cervecera y forrajera) el 3%.<br \/>\nAntes en La Pampa el ciclo agr\u00edcola iba de Este a Oeste y de Norte a Sur y ahora se da Oeste a Este y en menor proporci\u00f3n de Sur a Norte. Todo un cambio muy profundo, que de continuar por el sendero de los buenos reg\u00edmenes pluviom\u00e9tricos la pr\u00f3xima cosecha podr\u00eda crecer hasta un 20% en sus valores brutos de producci\u00f3n, tanto sea en cereales como oleaginosas.<\/p>\n<p>Inversi\u00f3n chacarera y BLP.<br \/>\nLa cifra estimada de la inversi\u00f3n de los productores locales fue del orden de los 1.800 millones de pesos en labranzas, insumos y tecnolog\u00eda. Los productores agropecuarios de la regi\u00f3n invierten en base a recursos propios por la m\u00e1s que aceptable campa\u00f1a pasada y que adem\u00e1s el Banco de La Pampa, principal motor del financiamiento de la econom\u00eda regional, sigue apostando al campo ya que casi la mitad de los pr\u00e9stamos fueron a ese sector.<br \/>\nLos productores invirtieron e invertir\u00e1n aqu\u00ed una cifra millonaria en laboreo de tierras (34,9%), agroqu\u00edmicos (26,7%), fertilizantes (23,7%) y semillas (18,8%). Si se discrimina el c\u00e1lculo por cada uno de los cultivos, lo cual incluye tambi\u00e9n la inversi\u00f3n que realiza el sector por tonelada producida en laboreos, semilla, agroqu\u00edmicos, fertilizantes y lo que transfiere a otros sectores de la econom\u00eda regional durante la comercializaci\u00f3n, es decir, por fletes, acopio, gastos de almacenamiento, comisiones y cosecha podemos hablar de una cifra mayor a\u00fan.<br \/>\nOtros a saber es que el uso agr\u00edcola del campo lleg\u00f3 a 468.042 hect\u00e1reas (lider\u00f3 el departamento Catril\u00f3 con 136 mil); 507.295 para la ganader\u00eda (lider\u00f3 Atreuc\u00f3 con 135 mil); 96.632 para el Potrero (en punta Guatrach\u00e9 con 21.000 y 168.820 en otro tipo de producci\u00f3n con supremac\u00eda del departamento Atreuc\u00f3 con 48 mil hect\u00e1reas. Seg\u00fan recientes estudios 1,13 millones (7,8% de aquel 19% es de aptitud media alta y 11,2% de aptitud media baja).<\/p>\n<div class=\"td-g-rec td-g-rec-id-content_bottom td_uid_4_5c7bd14f107a9_rand td_block_template_9 \"><\/div>\n<div class=\"oasis-despues-del-contenido\" id=\"oasis-455800955\"><img loading=\"lazy\" decoding=\"async\" src=\"https:\/\/oasisfm935.com.ar\/site\/wp-content\/uploads\/2020\/08\/47806202-8741-49f2-a5c9-d2f930e5baa1.jpg\" alt=\"\"  srcset=\"https:\/\/oasisfm935.com.ar\/site\/wp-content\/uploads\/2020\/08\/47806202-8741-49f2-a5c9-d2f930e5baa1.jpg 1080w, https:\/\/oasisfm935.com.ar\/site\/wp-content\/uploads\/2020\/08\/47806202-8741-49f2-a5c9-d2f930e5baa1-300x300.jpg 300w, https:\/\/oasisfm935.com.ar\/site\/wp-content\/uploads\/2020\/08\/47806202-8741-49f2-a5c9-d2f930e5baa1-1024x1024.jpg 1024w, https:\/\/oasisfm935.com.ar\/site\/wp-content\/uploads\/2020\/08\/47806202-8741-49f2-a5c9-d2f930e5baa1-150x150.jpg 150w, https:\/\/oasisfm935.com.ar\/site\/wp-content\/uploads\/2020\/08\/47806202-8741-49f2-a5c9-d2f930e5baa1-768x768.jpg 768w\" sizes=\"(max-width: 1080px) 100vw, 1080px\" class=\"no-lazyload\" width=\"1080\" height=\"1080\"  style=\"display: inline-block;\" \/><\/div>","protected":false},"excerpt":{"rendered":"<p>EL MAIZ Y LA SOJA FUERON LOS CULTIVOS MAS IMPLANTADOS EN LA PROVINCIA &nbsp; Aunque se sembr\u00f3 la mitad de la superficie<\/p>\n","protected":false},"author":4,"featured_media":903,"comment_status":"closed","ping_status":"open","sticky":false,"template":"","format":"standard","meta":{"colormag_page_layout":"default_layout","footnotes":""},"categories":[2],"tags":[],"class_list":["post-902","post","type-post","status-publish","format-standard","has-post-thumbnail","hentry","category-noticias"],"_links":{"self":[{"href":"https:\/\/oasisfm935.com.ar\/site\/wp-json\/wp\/v2\/posts\/902","targetHints":{"allow":["GET"]}}],"collection":[{"href":"https:\/\/oasisfm935.com.ar\/site\/wp-json\/wp\/v2\/posts"}],"about":[{"href":"https:\/\/oasisfm935.com.ar\/site\/wp-json\/wp\/v2\/types\/post"}],"author":[{"embeddable":true,"href":"https:\/\/oasisfm935.com.ar\/site\/wp-json\/wp\/v2\/users\/4"}],"replies":[{"embeddable":true,"href":"https:\/\/oasisfm935.com.ar\/site\/wp-json\/wp\/v2\/comments?post=902"}],"version-history":[{"count":1,"href":"https:\/\/oasisfm935.com.ar\/site\/wp-json\/wp\/v2\/posts\/902\/revisions"}],"predecessor-version":[{"id":904,"href":"https:\/\/oasisfm935.com.ar\/site\/wp-json\/wp\/v2\/posts\/902\/revisions\/904"}],"wp:featuredmedia":[{"embeddable":true,"href":"https:\/\/oasisfm935.com.ar\/site\/wp-json\/wp\/v2\/media\/903"}],"wp:attachment":[{"href":"https:\/\/oasisfm935.com.ar\/site\/wp-json\/wp\/v2\/media?parent=902"}],"wp:term":[{"taxonomy":"category","embeddable":true,"href":"https:\/\/oasisfm935.com.ar\/site\/wp-json\/wp\/v2\/categories?post=902"},{"taxonomy":"post_tag","embeddable":true,"href":"https:\/\/oasisfm935.com.ar\/site\/wp-json\/wp\/v2\/tags?post=902"}],"curies":[{"name":"wp","href":"https:\/\/api.w.org\/{rel}","templated":true}]}}