{"id":906,"date":"2019-03-06T12:16:12","date_gmt":"2019-03-06T15:16:12","guid":{"rendered":"http:\/\/oasisfm935.com\/site\/?p=906"},"modified":"2019-03-06T12:16:12","modified_gmt":"2019-03-06T15:16:12","slug":"isaias-el-pequeno-heroe-de-realico-que-salvo-a-otro-chico-de-morir-ahogado-en-un-rio-de-calamuchita","status":"publish","type":"post","link":"https:\/\/oasisfm935.com.ar\/site\/isaias-el-pequeno-heroe-de-realico-que-salvo-a-otro-chico-de-morir-ahogado-en-un-rio-de-calamuchita\/","title":{"rendered":"Isa\u00edas, el peque\u00f1o h\u00e9roe de Realic\u00f3 que salv\u00f3 a otro chico de morir ahogado en un r\u00edo de Calamuchita"},"content":{"rendered":"<div class=\"itemIntroText\">\n<p><strong>Isa\u00edas Carripil\u00f3n tiene 13 a\u00f1os. Y con esa corta edad, se convirti\u00f3 en una especie de h\u00e9roe, que sin pensarlo dos veces se arroj\u00f3 al r\u00edo de Calamuchita (provincia de C\u00f3rdoba) para salvar la vida de un peque\u00f1o de tan solo 3 a\u00f1os que hab\u00eda ca\u00eddo al agua sin ninguna posibilidad de sobrevivir si alguien lo no lo ayudaba.<\/strong><\/p>\n<\/div>\n<div class=\"itemFullText\">\n<blockquote><p>Y ah\u00ed esta Isa\u00edas. Primero sigui\u00e9ndolo con la mirada porque notaba que pod\u00eda estar en peligro y luego reaccionando sin dudarlo cuando el hecho sucede.<\/p>\n<p>Va a primer a\u00f1o de la Escuela de Comercio hacia donde pas\u00f3 desde la Escuela Nro. 222.<\/p>\n<p>La charla se inicia cuando llega de su entrenamiento de f\u00fatbol en Ferro de Realic\u00f3:<\/p>\n<p><strong>\u00abEst\u00e1bamos jugando con unos amigos en el r\u00edo, en una parte donde pasa un puente, ca\u00eda como una cascada de agua al r\u00edo y veo que hab\u00eda un nene chiquito jugando cerca y la madre estaba lejos\u00bb le dice el peque\u00f1o a Impacto, agregando que \u00abde repente veo que se cae, se va para abajo y no sal\u00eda, entonces ah\u00ed me tiro, sin pensar nada\u00bb<\/strong>, explic\u00f3 a Fm Impacto.<\/p><\/blockquote>\n<p>\u00abLo abrac\u00e9 fuerte y lo pude sacar para arriba y me pude agarrar de una escalera de hierro y pude salir con \u00e9l\u00bb explica y manifiesta que \u00abesa parte era profunda, sobre todo para \u00e9l, adem\u00e1s la cascada lo llevaba para abajo\u00bb, cont\u00f3 Isa\u00edas.<\/p>\n<p>El peque\u00f1o realiquense, que vive en calle Mitre, bien al fondo hacia el norte, en Barrio Norte justamente, expresa que \u00ablo ven\u00eda mirando porque me parec\u00eda que era peligroso que estuviera ah\u00ed, tan cerca del r\u00edo, tan chiquito\u00bb y dice \u00abno tuve nunca miedo, ni lo pens\u00e9, me tir\u00e9 r\u00e1pido y lo pude agarrar r\u00e1pido y lo sub\u00eda a una escalera que hab\u00eda ah\u00ed cerca y se lo d\u00ed a la madre que lloraba y me agradec\u00eda\u00bb.<\/p>\n<p>Isa\u00edas \u00ab<strong>estaba con una pareja de mayores, amigos de mi mam\u00e1 y con el hijo de ellos; fuimos a conocer el r\u00edo, era la primera vez que iba a ese r\u00edo, no lo conoc\u00eda\u00bb.<\/strong><\/p>\n<blockquote><p>El padre, quien estaba trabajando en Calamuchita, hacia donde viaj\u00f3 a hacer tareas de alba\u00f1iler\u00eda en una casa de una familia tambi\u00e9n realiquense, dice que \u00abcuando me dicen lo que hab\u00eda pasado lo abrac\u00e9 muy fuerte y me dio mucho orgullo (\u00abllor\u00f3 un poco\u00bb, tambi\u00e9n acota su esposa, madre de Isa\u00edas), pero me dio un poco de miedo tambi\u00e9n por lo que le pod\u00eda haber pasado\u00bb y agrega que \u00abIsa\u00edas es muy decidido, en todo lo que hace, adonde me acompa\u00f1a, \u00e9l est\u00e1 siempre haciendo tareas, ayud\u00e1ndome\u00bb, relata el hombre mientras arregla una camioneta en el patio de la casa.<\/p><\/blockquote>\n<p><strong>-\u00bfTe gustar\u00eda ser bombero, para seguir ayudando a la gente?<\/strong><br \/>\n-\u00abS\u00ed, me gustar\u00eda. Me encanta ayudar\u00bb, responde sin dudar.<\/p>\n<p>Gentileza Impacto Informativo<\/p>\n<\/div>\n<div class=\"oasis-despues-del-contenido\" id=\"oasis-3905475213\"><img loading=\"lazy\" decoding=\"async\" src=\"https:\/\/oasisfm935.com.ar\/site\/wp-content\/uploads\/2020\/08\/47806202-8741-49f2-a5c9-d2f930e5baa1.jpg\" alt=\"\"  srcset=\"https:\/\/oasisfm935.com.ar\/site\/wp-content\/uploads\/2020\/08\/47806202-8741-49f2-a5c9-d2f930e5baa1.jpg 1080w, https:\/\/oasisfm935.com.ar\/site\/wp-content\/uploads\/2020\/08\/47806202-8741-49f2-a5c9-d2f930e5baa1-300x300.jpg 300w, https:\/\/oasisfm935.com.ar\/site\/wp-content\/uploads\/2020\/08\/47806202-8741-49f2-a5c9-d2f930e5baa1-1024x1024.jpg 1024w, https:\/\/oasisfm935.com.ar\/site\/wp-content\/uploads\/2020\/08\/47806202-8741-49f2-a5c9-d2f930e5baa1-150x150.jpg 150w, https:\/\/oasisfm935.com.ar\/site\/wp-content\/uploads\/2020\/08\/47806202-8741-49f2-a5c9-d2f930e5baa1-768x768.jpg 768w\" sizes=\"(max-width: 1080px) 100vw, 1080px\" class=\"no-lazyload\" width=\"1080\" height=\"1080\"  style=\"display: inline-block;\" \/><\/div>","protected":false},"excerpt":{"rendered":"<p>Isa\u00edas Carripil\u00f3n tiene 13 a\u00f1os. Y con esa corta edad, se convirti\u00f3 en una especie de h\u00e9roe, que sin pensarlo dos veces<\/p>\n","protected":false},"author":4,"featured_media":907,"comment_status":"closed","ping_status":"open","sticky":false,"template":"","format":"standard","meta":{"colormag_page_layout":"default_layout","footnotes":""},"categories":[2],"tags":[],"class_list":["post-906","post","type-post","status-publish","format-standard","has-post-thumbnail","hentry","category-noticias"],"_links":{"self":[{"href":"https:\/\/oasisfm935.com.ar\/site\/wp-json\/wp\/v2\/posts\/906","targetHints":{"allow":["GET"]}}],"collection":[{"href":"https:\/\/oasisfm935.com.ar\/site\/wp-json\/wp\/v2\/posts"}],"about":[{"href":"https:\/\/oasisfm935.com.ar\/site\/wp-json\/wp\/v2\/types\/post"}],"author":[{"embeddable":true,"href":"https:\/\/oasisfm935.com.ar\/site\/wp-json\/wp\/v2\/users\/4"}],"replies":[{"embeddable":true,"href":"https:\/\/oasisfm935.com.ar\/site\/wp-json\/wp\/v2\/comments?post=906"}],"version-history":[{"count":1,"href":"https:\/\/oasisfm935.com.ar\/site\/wp-json\/wp\/v2\/posts\/906\/revisions"}],"predecessor-version":[{"id":908,"href":"https:\/\/oasisfm935.com.ar\/site\/wp-json\/wp\/v2\/posts\/906\/revisions\/908"}],"wp:featuredmedia":[{"embeddable":true,"href":"https:\/\/oasisfm935.com.ar\/site\/wp-json\/wp\/v2\/media\/907"}],"wp:attachment":[{"href":"https:\/\/oasisfm935.com.ar\/site\/wp-json\/wp\/v2\/media?parent=906"}],"wp:term":[{"taxonomy":"category","embeddable":true,"href":"https:\/\/oasisfm935.com.ar\/site\/wp-json\/wp\/v2\/categories?post=906"},{"taxonomy":"post_tag","embeddable":true,"href":"https:\/\/oasisfm935.com.ar\/site\/wp-json\/wp\/v2\/tags?post=906"}],"curies":[{"name":"wp","href":"https:\/\/api.w.org\/{rel}","templated":true}]}}