{"id":909,"date":"2019-03-06T14:55:43","date_gmt":"2019-03-06T17:55:43","guid":{"rendered":"http:\/\/oasisfm935.com\/site\/?p=909"},"modified":"2019-03-06T16:11:39","modified_gmt":"2019-03-06T19:11:39","slug":"mas-de-26-mil-ninos-ninas-y-adolescentes-pampeanos-cobraran-la-asignacion-universal-con-el-aumento-del-46","status":"publish","type":"post","link":"https:\/\/oasisfm935.com.ar\/site\/mas-de-26-mil-ninos-ninas-y-adolescentes-pampeanos-cobraran-la-asignacion-universal-con-el-aumento-del-46\/","title":{"rendered":"M\u00c1S DE 26 MIL NI\u00d1OS, NI\u00d1AS Y ADOLESCENTES PAMPEANOS COBRAR\u00c1N LA ASIGNACI\u00d3N UNIVERSAL CON EL AUMENTO DEL 46%"},"content":{"rendered":"<table class=\"x_MsoNormalTable\" border=\"0\" width=\"100%\" cellspacing=\"0\" cellpadding=\"0\">\n<tbody>\n<tr>\n<td><em>\u00a0trata de 26.484 chicos que percibir\u00e1n $2652 por mes a partir de ahora y luego del anuncio realizado el pasado viernes por el Presidente de la Naci\u00f3n,\u00a0<b>Mauricio Macri<\/b>. Es un adelanto calculado sobre la base de la estimaci\u00f3n de la movilidad de todo el a\u00f1o. Desde el pr\u00f3ximo mi\u00e9rcoles 13 se realizar\u00e1 el pago complementario.\u00a0<\/em><\/td>\n<\/tr>\n<tr>\n<td><\/td>\n<\/tr>\n<tr>\n<td>ANSES informa que 26.484 ni\u00f1os, ni\u00f1as y adolescentes de la provincia de La Pampa cobrar\u00e1n, desde este mes, la Asignaci\u00f3n Universal por Hijo con el incremento del 46% anunciado el viernes pasado por el Presidente de la Naci\u00f3n,\u00a0<strong>Mauricio Macri<\/strong>, durante la apertura de las sesiones ordinarias en el Congreso de la Naci\u00f3n. El monto de la prestaci\u00f3n asciende ahora a $2652.<\/p>\n<p class=\"x_MsoNormal\">Al respecto, el Director Ejecutivo de ANSES,\u00a0<strong>Emilio Basavilbaso<\/strong>, expres\u00f3: \u201c<em>Como dijo la Ministra\u00a0<\/em><strong><i>Stanley<\/i><\/strong><em>, nuestro camino es el di\u00e1logo y esto qued\u00f3 demostrado en el inicio de las sesiones legislativas. Vamos a seguir hablando con la verdad para construir el pa\u00eds que merecemos todos los argentinos. Con respecto a la Asignaci\u00f3n Universal, me enorgullece el trabajo que hicimos para llegar con el Estado a los m\u00e1s de 4 millones de ni\u00f1os que hoy la est\u00e1n cobrando porque fuimos a buscarlos a todos los rincones del pa\u00eds<\/em>\u201d.<\/p>\n<p>Con este aumento, el monto de la Asignaci\u00f3n Universal por Hijo se incrementar\u00e1 de $1816 a $2652, favoreciendo en forma directa a m\u00e1s de 4 millones de ni\u00f1os de 2,2 millones de familias en la Argentina. Cabe aclarar que como ANSES ya realiz\u00f3 la liquidaci\u00f3n de marzo con la movilidad correspondiente a este mes ($2031), algunos titulares cobrar\u00e1n en la fecha habitual y luego, en otro pago complementario, la diferencia con el incremento.<\/p>\n<p>Asimismo, tanto la Asignaci\u00f3n Universal por Hijo con Discapacidad como la Asignaci\u00f3n por Embarazo para Protecci\u00f3n Social ser\u00e1n de $8642 y $2652, respectivamente.<\/td>\n<\/tr>\n<\/tbody>\n<\/table>\n<div class=\"oasis-despues-del-contenido\" id=\"oasis-3337497621\"><img loading=\"lazy\" decoding=\"async\" src=\"https:\/\/oasisfm935.com.ar\/site\/wp-content\/uploads\/2020\/08\/47806202-8741-49f2-a5c9-d2f930e5baa1.jpg\" alt=\"\"  srcset=\"https:\/\/oasisfm935.com.ar\/site\/wp-content\/uploads\/2020\/08\/47806202-8741-49f2-a5c9-d2f930e5baa1.jpg 1080w, https:\/\/oasisfm935.com.ar\/site\/wp-content\/uploads\/2020\/08\/47806202-8741-49f2-a5c9-d2f930e5baa1-300x300.jpg 300w, https:\/\/oasisfm935.com.ar\/site\/wp-content\/uploads\/2020\/08\/47806202-8741-49f2-a5c9-d2f930e5baa1-1024x1024.jpg 1024w, https:\/\/oasisfm935.com.ar\/site\/wp-content\/uploads\/2020\/08\/47806202-8741-49f2-a5c9-d2f930e5baa1-150x150.jpg 150w, https:\/\/oasisfm935.com.ar\/site\/wp-content\/uploads\/2020\/08\/47806202-8741-49f2-a5c9-d2f930e5baa1-768x768.jpg 768w\" sizes=\"(max-width: 1080px) 100vw, 1080px\" class=\"no-lazyload\" width=\"1080\" height=\"1080\"  style=\"display: inline-block;\" \/><\/div>","protected":false},"excerpt":{"rendered":"<p>\u00a0trata de 26.484 chicos que percibir\u00e1n $2652 por mes a partir de ahora y luego del anuncio realizado el pasado viernes por<\/p>\n","protected":false},"author":4,"featured_media":867,"comment_status":"closed","ping_status":"open","sticky":false,"template":"","format":"standard","meta":{"colormag_page_layout":"default_layout","footnotes":""},"categories":[2],"tags":[],"class_list":["post-909","post","type-post","status-publish","format-standard","has-post-thumbnail","hentry","category-noticias"],"_links":{"self":[{"href":"https:\/\/oasisfm935.com.ar\/site\/wp-json\/wp\/v2\/posts\/909","targetHints":{"allow":["GET"]}}],"collection":[{"href":"https:\/\/oasisfm935.com.ar\/site\/wp-json\/wp\/v2\/posts"}],"about":[{"href":"https:\/\/oasisfm935.com.ar\/site\/wp-json\/wp\/v2\/types\/post"}],"author":[{"embeddable":true,"href":"https:\/\/oasisfm935.com.ar\/site\/wp-json\/wp\/v2\/users\/4"}],"replies":[{"embeddable":true,"href":"https:\/\/oasisfm935.com.ar\/site\/wp-json\/wp\/v2\/comments?post=909"}],"version-history":[{"count":1,"href":"https:\/\/oasisfm935.com.ar\/site\/wp-json\/wp\/v2\/posts\/909\/revisions"}],"predecessor-version":[{"id":911,"href":"https:\/\/oasisfm935.com.ar\/site\/wp-json\/wp\/v2\/posts\/909\/revisions\/911"}],"wp:featuredmedia":[{"embeddable":true,"href":"https:\/\/oasisfm935.com.ar\/site\/wp-json\/wp\/v2\/media\/867"}],"wp:attachment":[{"href":"https:\/\/oasisfm935.com.ar\/site\/wp-json\/wp\/v2\/media?parent=909"}],"wp:term":[{"taxonomy":"category","embeddable":true,"href":"https:\/\/oasisfm935.com.ar\/site\/wp-json\/wp\/v2\/categories?post=909"},{"taxonomy":"post_tag","embeddable":true,"href":"https:\/\/oasisfm935.com.ar\/site\/wp-json\/wp\/v2\/tags?post=909"}],"curies":[{"name":"wp","href":"https:\/\/api.w.org\/{rel}","templated":true}]}}