{"id":912,"date":"2019-03-07T08:25:34","date_gmt":"2019-03-07T11:25:34","guid":{"rendered":"http:\/\/oasisfm935.com\/site\/?p=912"},"modified":"2019-03-07T08:25:34","modified_gmt":"2019-03-07T11:25:34","slug":"garello-inauguro-en-puelches-el-ciclo-lectivo-no-vamos-a-permitir-que-los-ninos-sean-el-costo-del-ajuste","status":"publish","type":"post","link":"https:\/\/oasisfm935.com.ar\/site\/garello-inauguro-en-puelches-el-ciclo-lectivo-no-vamos-a-permitir-que-los-ninos-sean-el-costo-del-ajuste\/","title":{"rendered":"Garello inaugur\u00f3 en Puelches el ciclo lectivo: \u00abno vamos a permitir que los ni\u00f1os sean el costo del ajuste\u00bb"},"content":{"rendered":"<div class=\"itemIntroText\">\n<p class=\"lead nota-detalle-bajada\">Garello:\u00a0<strong>\u00abTengo la convicci\u00f3n que ninguno de nosotros, desde la escuela, y ante un momento tan cr\u00edtico como el que estamos viviendo, vamos a permitir que nuestros ni\u00f1os sean el costo del ajuste\u00bb.\u00a0<\/strong><\/p>\n<\/div>\n<div class=\"itemFullText\">\n<div class=\"nota-detalle-cuerpo\">\n<p>La Provincia de La Pampa inaugur\u00f3 hoy\u00a0el ciclo lectivo 2019 en la localidad de Puelches,\u00a0<strong>\u201cel centro geogr\u00e1fico del pa\u00eds\u201d<\/strong>, tal cual lo remarc\u00f3 la ministra de Educaci\u00f3n, Mar\u00eda Cristina Garello.<\/p>\n<p>En la oportunidad,<strong>\u00a0se inaugur\u00f3 tambi\u00e9n el SUM de la escuela y las refacciones edilicias en la instituci\u00f3n, obra que implic\u00f3 una inversi\u00f3n superior a los 13 millones de pesos.<\/strong><\/p>\n<p>La titular de la cartera educativa, agradeci\u00f3 la presencia de todas las autoridades provinciales y regionales que\u00a0<strong>\u201cdan cuenta de su compromiso con la educaci\u00f3n\u201d.<\/strong><\/p>\n<blockquote><p>\u201cHoy acuden a m\u00ed\u00a0sensaciones que tienen que ver con mirar la trayectoria de la ense\u00f1anza en la geograf\u00eda pampeana; hoy estar ac\u00e1, inaugurando el ciclo lectivo 2019, en el centro geogr\u00e1fico de la Rep\u00fablica Argentina, es para m\u00ed una gran satisfacci\u00f3n, y lo tiene que ser para todos los pampeanos\u201d.<\/p><\/blockquote>\n<p>Luego continu\u00f3 refiri\u00e9ndose a la lucha por el agua de la Provincia \u201cestamos aqu\u00ed, en el espacio donde el r\u00edo Salado, Curac\u00f3 luchan desde hace d\u00e9cadas para que le devuelvan sus aguas y poder llegar a la confluencia con el R\u00edo Colorado\u201d. Y agreg\u00f3 \u201ccreo que \u00e9sta\u00a0es la prueba m\u00e1s significativa de la lucha de los pampeanos llevada a cabo desde d\u00e9cadas, para recuperar lo que nos pertenece\u00bb.<\/p>\n<blockquote><p>\u00abEs una larga lucha, porque hay intereses muy poderosos,\u00a0que no reconocen los intereses leg\u00edtimos de nuestra Provincia\u201d. Y sostuvo \u201cestoy convencida de que todos estos j\u00f3venes y ni\u00f1os que hoy nos acompa\u00f1an, seguir\u00e1n esta lucha hasta el final y son los que van a ver al R\u00edo Salado- Chadileuv\u00fa- Curac\u00f3 llegando otra vez al Colorado\u201d, expres\u00f3 Garello.<\/p>\n<p>En otro p\u00e1rrafo dej\u00f3 el saludo del Gobernador de la Provincia, \u201cquien siente una gran satisfacci\u00f3n de que esta obra se haya hecho realidad; siempre nos dice que todos los pampeanas tienen derecho a una mejor calidad de vida, y ac\u00e1 lo estamos demostrando\u00bb.<\/p>\n<p>En este sentido la ministra expres\u00f3\u00a0<strong>\u00abla calidad de vida implica calidad educativa, y no son solamente los resultados fr\u00edos de los operativos de evaluaci\u00f3n. Calidad de vida son espacios confortables, a los que ustedes hoy est\u00e1n accediendo, y calidad de vida es todo lo que hacen los chicos dentro de la escuela\u201d<\/strong>, enfatiz\u00f3.<\/p>\n<p><a href=\"http:\/\/oasisfm935.com\/site\/wp-content\/uploads\/2019\/03\/113159_whatsapp-image-2019-03-06-at-11.43.00.jpeg\"><img loading=\"lazy\" decoding=\"async\" class=\"alignnone size-full wp-image-913\" src=\"http:\/\/oasisfm935.com\/site\/wp-content\/uploads\/2019\/03\/113159_whatsapp-image-2019-03-06-at-11.43.00.jpeg\" alt=\"\" width=\"1280\" height=\"848\" srcset=\"https:\/\/oasisfm935.com.ar\/site\/wp-content\/uploads\/2019\/03\/113159_whatsapp-image-2019-03-06-at-11.43.00.jpeg 1280w, https:\/\/oasisfm935.com.ar\/site\/wp-content\/uploads\/2019\/03\/113159_whatsapp-image-2019-03-06-at-11.43.00-300x199.jpeg 300w, https:\/\/oasisfm935.com.ar\/site\/wp-content\/uploads\/2019\/03\/113159_whatsapp-image-2019-03-06-at-11.43.00-768x509.jpeg 768w, https:\/\/oasisfm935.com.ar\/site\/wp-content\/uploads\/2019\/03\/113159_whatsapp-image-2019-03-06-at-11.43.00-1024x678.jpeg 1024w\" sizes=\"auto, (max-width: 1280px) 100vw, 1280px\" \/><\/a><\/p>\n<p>Por eso remarc\u00f3 \u201c<strong>el gran desaf\u00edo para nosotros hoy, es que todos los alumnos completen la obligatoriedad, es decir, la escuela secundaria seg\u00fan sus posibilidades y los docentes de la Provincia han dado muestras de su profesionalismo, por eso -indic\u00f3-, tengo la convicci\u00f3n de que lo van a lograr. Tengo la convicci\u00f3n que ninguno de nosotros, desde la escuela, y ante un momento tan cr\u00edtico como el que estamos viviendo, vamos a permitir que nuestros ni\u00f1os sean el costo del ajuste. Los ni\u00f1os primero, con calidad educativa y con una infancia y adolescencia feliz<\/strong>\u201d, concluy\u00f3 contundente\u00a0la ministra de Educaci\u00f3n.<\/p><\/blockquote>\n<p>Estuvieron presentes tambi\u00e9n, el vicegobernador a cargo del Ejecutivo provincial, Mariano Fern\u00e1ndez, el ministro de Desarrollo Territorial, Mart\u00edn Borthiry, el secretario de Asuntos Municipales, Rodolfo Calvo, los subsecretarios de Educaci\u00f3n, Marcela Feuerschvenger, de Coordinaci\u00f3n, Juan Nogueira y de Educaci\u00f3n T\u00e9cnica, Gustavo Monasterolo, adem\u00e1s del intendente Julio Gerez, jefes comunales de localidades vecinas, y dem\u00e1s integrantes de la cartera educativa.<\/p>\n<p>Tambi\u00e9n acompa\u00f1\u00f3 el administrador de APE, Gonzalo Marcos y la directora de la Escuela N\u00b0102, anfitriona del evento, Beatriz Lana.<\/p>\n<\/div>\n<\/div>\n<div class=\"oasis-despues-del-contenido\" id=\"oasis-817678235\"><img loading=\"lazy\" decoding=\"async\" src=\"https:\/\/oasisfm935.com.ar\/site\/wp-content\/uploads\/2020\/08\/47806202-8741-49f2-a5c9-d2f930e5baa1.jpg\" alt=\"\"  srcset=\"https:\/\/oasisfm935.com.ar\/site\/wp-content\/uploads\/2020\/08\/47806202-8741-49f2-a5c9-d2f930e5baa1.jpg 1080w, https:\/\/oasisfm935.com.ar\/site\/wp-content\/uploads\/2020\/08\/47806202-8741-49f2-a5c9-d2f930e5baa1-300x300.jpg 300w, https:\/\/oasisfm935.com.ar\/site\/wp-content\/uploads\/2020\/08\/47806202-8741-49f2-a5c9-d2f930e5baa1-1024x1024.jpg 1024w, https:\/\/oasisfm935.com.ar\/site\/wp-content\/uploads\/2020\/08\/47806202-8741-49f2-a5c9-d2f930e5baa1-150x150.jpg 150w, https:\/\/oasisfm935.com.ar\/site\/wp-content\/uploads\/2020\/08\/47806202-8741-49f2-a5c9-d2f930e5baa1-768x768.jpg 768w\" sizes=\"(max-width: 1080px) 100vw, 1080px\" class=\"no-lazyload\" width=\"1080\" height=\"1080\"  style=\"display: inline-block;\" \/><\/div>","protected":false},"excerpt":{"rendered":"<p>Garello:\u00a0\u00abTengo la convicci\u00f3n que ninguno de nosotros, desde la escuela, y ante un momento tan cr\u00edtico como el que estamos viviendo, vamos<\/p>\n","protected":false},"author":4,"featured_media":914,"comment_status":"closed","ping_status":"open","sticky":false,"template":"","format":"standard","meta":{"colormag_page_layout":"default_layout","footnotes":""},"categories":[2],"tags":[],"class_list":["post-912","post","type-post","status-publish","format-standard","has-post-thumbnail","hentry","category-noticias"],"_links":{"self":[{"href":"https:\/\/oasisfm935.com.ar\/site\/wp-json\/wp\/v2\/posts\/912","targetHints":{"allow":["GET"]}}],"collection":[{"href":"https:\/\/oasisfm935.com.ar\/site\/wp-json\/wp\/v2\/posts"}],"about":[{"href":"https:\/\/oasisfm935.com.ar\/site\/wp-json\/wp\/v2\/types\/post"}],"author":[{"embeddable":true,"href":"https:\/\/oasisfm935.com.ar\/site\/wp-json\/wp\/v2\/users\/4"}],"replies":[{"embeddable":true,"href":"https:\/\/oasisfm935.com.ar\/site\/wp-json\/wp\/v2\/comments?post=912"}],"version-history":[{"count":1,"href":"https:\/\/oasisfm935.com.ar\/site\/wp-json\/wp\/v2\/posts\/912\/revisions"}],"predecessor-version":[{"id":915,"href":"https:\/\/oasisfm935.com.ar\/site\/wp-json\/wp\/v2\/posts\/912\/revisions\/915"}],"wp:featuredmedia":[{"embeddable":true,"href":"https:\/\/oasisfm935.com.ar\/site\/wp-json\/wp\/v2\/media\/914"}],"wp:attachment":[{"href":"https:\/\/oasisfm935.com.ar\/site\/wp-json\/wp\/v2\/media?parent=912"}],"wp:term":[{"taxonomy":"category","embeddable":true,"href":"https:\/\/oasisfm935.com.ar\/site\/wp-json\/wp\/v2\/categories?post=912"},{"taxonomy":"post_tag","embeddable":true,"href":"https:\/\/oasisfm935.com.ar\/site\/wp-json\/wp\/v2\/tags?post=912"}],"curies":[{"name":"wp","href":"https:\/\/api.w.org\/{rel}","templated":true}]}}