{"id":926,"date":"2019-03-07T14:43:48","date_gmt":"2019-03-07T17:43:48","guid":{"rendered":"http:\/\/oasisfm935.com\/site\/?p=926"},"modified":"2019-03-07T14:43:48","modified_gmt":"2019-03-07T17:43:48","slug":"para-conmemorar-el-dia-internacional-de-la-mujer-el-gobierno-local-propone-una-charla-panel-denominado-hacia-una-comunidad-igualitaria","status":"publish","type":"post","link":"https:\/\/oasisfm935.com.ar\/site\/para-conmemorar-el-dia-internacional-de-la-mujer-el-gobierno-local-propone-una-charla-panel-denominado-hacia-una-comunidad-igualitaria\/","title":{"rendered":"Para conmemorar el D\u00eda Internacional de la Mujer, el Gobierno Local , propone una charla- panel denominado: \u00abHacia una comunidad igualitaria\u00bb."},"content":{"rendered":"<p>&nbsp;<\/p>\n<p>&#x1f4e3; En el d\u00eda internacional de la mujer, invitamos a la charla-panel \u00abHacia una comunidad igualitaria\u00bb. La actividad se llevar\u00e1 a cabo el Viernes 8 de Marzo a las 19 hs en el Auditorio Municipal (acceso libre y gratuito)<\/p>\n<p>&#x27a1; La actividad se llevar\u00e1 a cabo el Viernes 8 de Marzo a las 19 hs en el Auditorio Municipal (actividad libre y gratuita)<\/p>\n<p>Estar\u00e1n presentes:<\/p>\n<p>&#x1f538; El Intendente Oscar Zanoli &#8211; Palabras de bienvenida<br \/>\n&#x1f539; Patricia Lavin, Subsecretar\u00eda de Descentralizaci\u00f3n Territorial, Ministerio de Desarrollo Social \u201cNuevos desaf\u00edos para un Estado igualitario\u201d<br \/>\n&#x1f538;Mar\u00eda Virginia Cisterna &#8211; abogada de la Unidad Regional de Protecci\u00f3n de Derechos de Ni\u00f1os, Ni\u00f1as y Adolescentes de Ingeniero Luiggi: \u00abLa construcci\u00f3n de una ciudad m\u00e1s inclusiva desde la ley y el derecho\u00bb<br \/>\n&#x1f539; Claudia Aime &#8211; Trabajadora social de \u00e1rea de acci\u00f3n social de Ingeniero Luigi: \u00abPol\u00edticas de g\u00e9nero en Ingeniero Luigi\u00bb:<br \/>\n&#x1f538;Laura Pi\u00f1ero &#8211; Psic\u00f3loga &#8211; Asesora del Ministerio de Desarrollo Social de la provincia de La Pampa: \u00abNi\u00f1as y adolescentes en el camino a la autonom\u00eda. La familia en el rol de la construcci\u00f3n de una sociedad m\u00e1s justa\u00bb<br \/>\n&#x1f539; Manuel Bomheker &#8211; Asesor en comunicaci\u00f3n &#8211; Director de Agencia BMK: \u00bfQu\u00e9 tareas tenemos los varones en la construcci\u00f3n de una comunidad igualitaria? \u00bfQu\u00e9 beneficios?<\/p>\n<p>* Autora de la pintura de fondo: C. Cantelmi<\/p>\n<div class=\"oasis-despues-del-contenido\" id=\"oasis-1082464087\"><img loading=\"lazy\" decoding=\"async\" src=\"https:\/\/oasisfm935.com.ar\/site\/wp-content\/uploads\/2020\/08\/47806202-8741-49f2-a5c9-d2f930e5baa1.jpg\" alt=\"\"  srcset=\"https:\/\/oasisfm935.com.ar\/site\/wp-content\/uploads\/2020\/08\/47806202-8741-49f2-a5c9-d2f930e5baa1.jpg 1080w, https:\/\/oasisfm935.com.ar\/site\/wp-content\/uploads\/2020\/08\/47806202-8741-49f2-a5c9-d2f930e5baa1-300x300.jpg 300w, https:\/\/oasisfm935.com.ar\/site\/wp-content\/uploads\/2020\/08\/47806202-8741-49f2-a5c9-d2f930e5baa1-1024x1024.jpg 1024w, https:\/\/oasisfm935.com.ar\/site\/wp-content\/uploads\/2020\/08\/47806202-8741-49f2-a5c9-d2f930e5baa1-150x150.jpg 150w, https:\/\/oasisfm935.com.ar\/site\/wp-content\/uploads\/2020\/08\/47806202-8741-49f2-a5c9-d2f930e5baa1-768x768.jpg 768w\" sizes=\"(max-width: 1080px) 100vw, 1080px\" class=\"no-lazyload\" width=\"1080\" height=\"1080\"  style=\"display: inline-block;\" \/><\/div>","protected":false},"excerpt":{"rendered":"<p>&nbsp; &#x1f4e3; En el d\u00eda internacional de la mujer, invitamos a la charla-panel \u00abHacia una comunidad igualitaria\u00bb. La actividad se llevar\u00e1 a<\/p>\n","protected":false},"author":4,"featured_media":925,"comment_status":"closed","ping_status":"open","sticky":false,"template":"","format":"standard","meta":{"colormag_page_layout":"default_layout","footnotes":""},"categories":[2],"tags":[],"class_list":["post-926","post","type-post","status-publish","format-standard","has-post-thumbnail","hentry","category-noticias"],"_links":{"self":[{"href":"https:\/\/oasisfm935.com.ar\/site\/wp-json\/wp\/v2\/posts\/926","targetHints":{"allow":["GET"]}}],"collection":[{"href":"https:\/\/oasisfm935.com.ar\/site\/wp-json\/wp\/v2\/posts"}],"about":[{"href":"https:\/\/oasisfm935.com.ar\/site\/wp-json\/wp\/v2\/types\/post"}],"author":[{"embeddable":true,"href":"https:\/\/oasisfm935.com.ar\/site\/wp-json\/wp\/v2\/users\/4"}],"replies":[{"embeddable":true,"href":"https:\/\/oasisfm935.com.ar\/site\/wp-json\/wp\/v2\/comments?post=926"}],"version-history":[{"count":1,"href":"https:\/\/oasisfm935.com.ar\/site\/wp-json\/wp\/v2\/posts\/926\/revisions"}],"predecessor-version":[{"id":927,"href":"https:\/\/oasisfm935.com.ar\/site\/wp-json\/wp\/v2\/posts\/926\/revisions\/927"}],"wp:featuredmedia":[{"embeddable":true,"href":"https:\/\/oasisfm935.com.ar\/site\/wp-json\/wp\/v2\/media\/925"}],"wp:attachment":[{"href":"https:\/\/oasisfm935.com.ar\/site\/wp-json\/wp\/v2\/media?parent=926"}],"wp:term":[{"taxonomy":"category","embeddable":true,"href":"https:\/\/oasisfm935.com.ar\/site\/wp-json\/wp\/v2\/categories?post=926"},{"taxonomy":"post_tag","embeddable":true,"href":"https:\/\/oasisfm935.com.ar\/site\/wp-json\/wp\/v2\/tags?post=926"}],"curies":[{"name":"wp","href":"https:\/\/api.w.org\/{rel}","templated":true}]}}