{"id":929,"date":"2019-03-09T12:33:04","date_gmt":"2019-03-09T15:33:04","guid":{"rendered":"http:\/\/oasisfm935.com\/site\/?p=929"},"modified":"2019-03-09T12:33:04","modified_gmt":"2019-03-09T15:33:04","slug":"ante-una-multitud-abel-pintos-hizo-vibrar-a-los-fanaticos-en-nueva-galia","status":"publish","type":"post","link":"https:\/\/oasisfm935.com.ar\/site\/ante-una-multitud-abel-pintos-hizo-vibrar-a-los-fanaticos-en-nueva-galia\/","title":{"rendered":"Ante una multitud: Abel Pintos hizo vibrar a los fan\u00e1ticos en Nueva Galia"},"content":{"rendered":"<p>nte un anfiteatro que luci\u00f3 colmado, el cantautor argentino hizo vibrar a los fan\u00e1ticos con sus \u00e9xitos, coronando otra noche m\u00e1gica desde el escenario galense.<\/p>\n<p>&nbsp;<\/p>\n<p>En las tribunas del anfiteatro Julio Freixes, la energ\u00eda y el entusiasmo de miles de personas le pusieron color al segundo d\u00eda del \u201cCaldenazo\u201d en Nueva Galia. Luego de la apertura oficial, lo mejor de la doma y el canto llenaron de vida el predio festivalero en el sur provincial.<\/p>\n<p><a href=\"http:\/\/oasisfm935.com\/site\/wp-content\/uploads\/2019\/03\/multimedia.normal.9a7960156ea345d8.6672656e616d6f626c617261625f6e6f726d616c2e6a7067.jpg\"><img loading=\"lazy\" decoding=\"async\" class=\"alignnone size-full wp-image-931\" src=\"http:\/\/oasisfm935.com\/site\/wp-content\/uploads\/2019\/03\/multimedia.normal.9a7960156ea345d8.6672656e616d6f626c617261625f6e6f726d616c2e6a7067.jpg\" alt=\"\" width=\"740\" height=\"509\" srcset=\"https:\/\/oasisfm935.com.ar\/site\/wp-content\/uploads\/2019\/03\/multimedia.normal.9a7960156ea345d8.6672656e616d6f626c617261625f6e6f726d616c2e6a7067.jpg 740w, https:\/\/oasisfm935.com.ar\/site\/wp-content\/uploads\/2019\/03\/multimedia.normal.9a7960156ea345d8.6672656e616d6f626c617261625f6e6f726d616c2e6a7067-300x206.jpg 300w\" sizes=\"auto, (max-width: 740px) 100vw, 740px\" \/><\/a><\/p>\n<p>Destacados jinetes de todo el pa\u00eds dieron inicio al tradicional evento de doma, acompa\u00f1ado por pintorescas payadas que encuadraron un momento gaucho \u00fanico.<\/p>\n<p>Seguidamente, las tropillas entabladas dejaron su huella sobre el verde c\u00e9sped del anfiteatro, marcando otro acontecimiento ecuestre inolvidable.<\/p>\n<p>En el tramo final del evento, y luego del debut sobre el escenario del grupo folcl\u00f3rico Campedrino, Abel Pintos volvi\u00f3 a encontrarse con su p\u00fablico en el sur provincial, que enton\u00f3 con emoci\u00f3n cada una de sus canciones.<\/p>\n<p>Abel Pintos\u00a0<strong>abri\u00f3 su show con el cl\u00e1sico \u201cComo te extra\u00f1o\u201d, y a lo largo de 90 minutos interpret\u00f3 otros \u00e9xitos como \u201cAqui te espero\u201d, \u201cP\u00e1jaro Cantor\u201d , \u201cAdivino\u201d, \u201cOnce mil\u201d, \u201cNo me olvides\u201d y \u201cMotivos\u201d, entre otros.<\/strong><\/p>\n<p>\u201cRegresar te hace sentir muy bien porque de alguna forma los lugare\u00f1os siento que te est\u00e1n habilitando para volver, d\u00e1ndote la posibilidad de brindar un nuevo show. Siento una felicidad muy grande de haber conectado con esta fiesta\u201d, declar\u00f3 Abel Pintos antes de subir al escenario.<\/p>\n<p><a href=\"http:\/\/oasisfm935.com\/site\/wp-content\/uploads\/2019\/03\/multimedia.normal.b80cfef2d42cdd00.6672656e616d6f626c61726162735f6e6f726d616c2e6a7067.jpg\"><img loading=\"lazy\" decoding=\"async\" class=\"alignnone size-full wp-image-932\" src=\"http:\/\/oasisfm935.com\/site\/wp-content\/uploads\/2019\/03\/multimedia.normal.b80cfef2d42cdd00.6672656e616d6f626c61726162735f6e6f726d616c2e6a7067.jpg\" alt=\"\" width=\"742\" height=\"567\" srcset=\"https:\/\/oasisfm935.com.ar\/site\/wp-content\/uploads\/2019\/03\/multimedia.normal.b80cfef2d42cdd00.6672656e616d6f626c61726162735f6e6f726d616c2e6a7067.jpg 742w, https:\/\/oasisfm935.com.ar\/site\/wp-content\/uploads\/2019\/03\/multimedia.normal.b80cfef2d42cdd00.6672656e616d6f626c61726162735f6e6f726d616c2e6a7067-300x229.jpg 300w, https:\/\/oasisfm935.com.ar\/site\/wp-content\/uploads\/2019\/03\/multimedia.normal.b80cfef2d42cdd00.6672656e616d6f626c61726162735f6e6f726d616c2e6a7067-80x60.jpg 80w\" sizes=\"auto, (max-width: 742px) 100vw, 742px\" \/><\/a><\/p>\n<p>El cierre qued\u00f3 en manos del Grupo Menta y los chicos de Dale Q\u2019 Va, que hicieron bailar al p\u00fablico durante las \u00faltimas horas de la segunda noche.<\/p>\n<p>Fuente : ANSL &#8211; Fotos: Gentileza<strong>\u00a0Julio Freites<\/strong><\/p>\n<p>Info Huella<\/p>\n<div class=\"oasis-despues-del-contenido\" id=\"oasis-192460431\"><img loading=\"lazy\" decoding=\"async\" src=\"https:\/\/oasisfm935.com.ar\/site\/wp-content\/uploads\/2020\/08\/47806202-8741-49f2-a5c9-d2f930e5baa1.jpg\" alt=\"\"  srcset=\"https:\/\/oasisfm935.com.ar\/site\/wp-content\/uploads\/2020\/08\/47806202-8741-49f2-a5c9-d2f930e5baa1.jpg 1080w, https:\/\/oasisfm935.com.ar\/site\/wp-content\/uploads\/2020\/08\/47806202-8741-49f2-a5c9-d2f930e5baa1-300x300.jpg 300w, https:\/\/oasisfm935.com.ar\/site\/wp-content\/uploads\/2020\/08\/47806202-8741-49f2-a5c9-d2f930e5baa1-1024x1024.jpg 1024w, https:\/\/oasisfm935.com.ar\/site\/wp-content\/uploads\/2020\/08\/47806202-8741-49f2-a5c9-d2f930e5baa1-150x150.jpg 150w, https:\/\/oasisfm935.com.ar\/site\/wp-content\/uploads\/2020\/08\/47806202-8741-49f2-a5c9-d2f930e5baa1-768x768.jpg 768w\" sizes=\"(max-width: 1080px) 100vw, 1080px\" class=\"no-lazyload\" width=\"1080\" height=\"1080\"  style=\"display: inline-block;\" \/><\/div>","protected":false},"excerpt":{"rendered":"<p>nte un anfiteatro que luci\u00f3 colmado, el cantautor argentino hizo vibrar a los fan\u00e1ticos con sus \u00e9xitos, coronando otra noche m\u00e1gica desde<\/p>\n","protected":false},"author":4,"featured_media":930,"comment_status":"closed","ping_status":"open","sticky":false,"template":"","format":"standard","meta":{"colormag_page_layout":"default_layout","footnotes":""},"categories":[2],"tags":[],"class_list":["post-929","post","type-post","status-publish","format-standard","has-post-thumbnail","hentry","category-noticias"],"_links":{"self":[{"href":"https:\/\/oasisfm935.com.ar\/site\/wp-json\/wp\/v2\/posts\/929","targetHints":{"allow":["GET"]}}],"collection":[{"href":"https:\/\/oasisfm935.com.ar\/site\/wp-json\/wp\/v2\/posts"}],"about":[{"href":"https:\/\/oasisfm935.com.ar\/site\/wp-json\/wp\/v2\/types\/post"}],"author":[{"embeddable":true,"href":"https:\/\/oasisfm935.com.ar\/site\/wp-json\/wp\/v2\/users\/4"}],"replies":[{"embeddable":true,"href":"https:\/\/oasisfm935.com.ar\/site\/wp-json\/wp\/v2\/comments?post=929"}],"version-history":[{"count":1,"href":"https:\/\/oasisfm935.com.ar\/site\/wp-json\/wp\/v2\/posts\/929\/revisions"}],"predecessor-version":[{"id":933,"href":"https:\/\/oasisfm935.com.ar\/site\/wp-json\/wp\/v2\/posts\/929\/revisions\/933"}],"wp:featuredmedia":[{"embeddable":true,"href":"https:\/\/oasisfm935.com.ar\/site\/wp-json\/wp\/v2\/media\/930"}],"wp:attachment":[{"href":"https:\/\/oasisfm935.com.ar\/site\/wp-json\/wp\/v2\/media?parent=929"}],"wp:term":[{"taxonomy":"category","embeddable":true,"href":"https:\/\/oasisfm935.com.ar\/site\/wp-json\/wp\/v2\/categories?post=929"},{"taxonomy":"post_tag","embeddable":true,"href":"https:\/\/oasisfm935.com.ar\/site\/wp-json\/wp\/v2\/tags?post=929"}],"curies":[{"name":"wp","href":"https:\/\/api.w.org\/{rel}","templated":true}]}}