{"id":943,"date":"2019-03-09T19:31:31","date_gmt":"2019-03-09T22:31:31","guid":{"rendered":"http:\/\/oasisfm935.com\/site\/?p=943"},"modified":"2019-03-09T19:34:03","modified_gmt":"2019-03-09T22:34:03","slug":"aumentan-los-prestamos-del-iss-a-50-mil-pesos","status":"publish","type":"post","link":"https:\/\/oasisfm935.com.ar\/site\/aumentan-los-prestamos-del-iss-a-50-mil-pesos\/","title":{"rendered":"Aumentan los pr\u00e9stamos del ISS a 50 mil pesos"},"content":{"rendered":"<p>El gobernador Carlos Verna firm\u00f3 un decreto para actualizar el monto de los pr\u00e9stamos personales del Instituto de Seguridad Social.\u00a0<strong>Hasta ahora el m\u00e1ximo era de 18 mil pesos y la \u00faltima modificaci\u00f3n se hab\u00eda hecho en 2008.<\/strong><\/p>\n<p>Despu\u00e9s de una d\u00e9cada, el Gobierno pampeano actualiz\u00f3 el monto para los pr\u00e9stamos personales del Instituto de Seguridad Social. A partir de un decreto del gobernador Carlos Verna, la cifra m\u00e1xima ahora ser\u00e1 de 50 mil pesos.<\/p>\n<p>\u00abEstoy firmando un decreto para aumentar los pr\u00e9stamos personales del ISS para sus afiliados. Subimos los montos hasta $50.000 con una tasa de inter\u00e9s m\u00e1s baja que la bancaria. Seguimos trabajando en acciones para el bienestar de los pampeanos\u00bb, inform\u00f3 el mandatario a trav\u00e9s de sus redes sociales.<\/p>\n<div class=\"SandboxRoot env-bp-350\" data-twitter-event-id=\"0\">\n<div id=\"twitter-widget-0\" class=\"EmbeddedTweet EmbeddedTweet--cta EmbeddedTweet--mediaForward media-forward js-clickToOpenTarget js-tweetIdInfo tweet-InformationCircle-widgetParent\" lang=\"es\" data-click-to-open-target=\"https:\/\/twitter.com\/VernaGobernador\/status\/1104502076606988288\" data-iframe-title=\"Tweet de Twitter\" data-scribe=\"page:tweet\" data-tweet-id=\"1104502076606988288\" data-twitter-event-id=\"1\">\n<article class=\"MediaCard MediaCard--mediaForward customisable-border\" dir=\"ltr\" data-scribe=\"component:card\">\n<div class=\"MediaCard-media\" data-scribe=\"element:photo\">\n<p><a class=\"MediaCard-borderOverlay\" title=\"Ver imagen en Twitter\" role=\"presentation\" href=\"https:\/\/twitter.com\/VernaGobernador\/status\/1104502076606988288\/photo\/1\"><span class=\"u-hiddenVisually\">Ver imagen en Twitter<\/span><\/a><\/p>\n<div class=\"MediaCard-widthConstraint js-cspForcedStyle\" data-style=\"max-width: 870px\">\n<div class=\"MediaCard-mediaContainer js-cspForcedStyle\" data-style=\"padding-bottom: 72.4138%\"><\/div>\n<\/div>\n<\/div>\n<\/article>\n<div class=\"EmbeddedTweet-tweetContainer\">\n<div class=\"EmbeddedTweet-tweet\">\n<blockquote class=\"Tweet h-entry js-tweetIdInfo subject expanded\" cite=\"https:\/\/twitter.com\/VernaGobernador\/status\/1104502076606988288\" data-tweet-id=\"1104502076606988288\" data-scribe=\"section:subject\">\n<div class=\"Tweet-header\">\n<p><a class=\"TweetAuthor-avatar Identity-avatar u-linkBlend\" href=\"https:\/\/twitter.com\/VernaGobernador\" data-scribe=\"element:user_link\" aria-label=\"Carlos Verna (nombre de pantalla: VernaGobernador)\"><img decoding=\"async\" class=\"Avatar\" src=\"https:\/\/pbs.twimg.com\/profile_images\/712685840028319746\/ZkOcIP9-_normal.jpg\" alt=\"\" data-scribe=\"element:avatar\" \/><\/a><\/p>\n<div class=\"TweetAuthor js-inViewportScribingTarget\" data-scribe=\"component:author\">\n<div class=\"TweetAuthor-nameScreenNameContainer\"><span class=\"TweetAuthor-decoratedName\"><span class=\"TweetAuthor-name Identity-name customisable-highlight\" title=\"Carlos Verna\" data-scribe=\"element:name\">Carlos Verna<\/span><\/span><span class=\"TweetAuthor-screenName Identity-screenName\" dir=\"ltr\" title=\"@VernaGobernador\" data-scribe=\"element:screen_name\">@VernaGobernador<\/span><\/div>\n<\/div>\n<div class=\"Tweet-brand\">\n<div class=\"Icon Icon--twitter \" title=\"Ver en Twitter\" role=\"presentation\" aria-label=\"Ver en Twitter\"><\/div>\n<\/div>\n<\/div>\n<div class=\"Tweet-body e-entry-content\" data-scribe=\"component:tweet\">\n<div class=\"u-hiddenVisually js-inViewportScribingTarget\"><\/div>\n<p class=\"Tweet-text e-entry-title\" dir=\"ltr\" lang=\"es\">Estoy firmando un decreto para aumentar los pr\u00e9stamos personales del ISS para sus afiliados. Subimos los montos hasta $50.000 con una tasa de inter\u00e9s m\u00e1s baja que la bancaria. Seguimos trabajando en acciones para el bienestar de los pampeanos.<\/p>\n<div class=\"TweetInfo\">\n<div class=\"TweetInfo-like\">\n<div data-scribe=\"element:heart\">\n<div class=\"Icon Icon--heart \" title=\"Me gusta\" role=\"img\" aria-label=\"Me gusta\"><\/div>\n<\/div>\n<p><a class=\"TweetInfo-heart\" title=\"Me gusta\" href=\"https:\/\/twitter.com\/intent\/like?tweet_id=1104502076606988288\" data-scribe=\"component:actions\"><span class=\"TweetInfo-heartStat\" data-scribe=\"element:heart_count\">14<\/span><\/a><\/p>\n<\/div>\n<div class=\"TweetInfo-timeGeo\"><a class=\"u-linkBlend u-url customisable-highlight long-permalink\" href=\"https:\/\/twitter.com\/VernaGobernador\/status\/1104502076606988288\" data-datetime=\"2019-03-09T21:59:50+0000\" data-scribe=\"element:full_timestamp\">18:59 &#8211; 9 mar. 2019<\/a><\/div>\n<\/div>\n<\/div>\n<\/blockquote>\n<\/div>\n<div class=\"CallToAction-icon\" data-scribe=\"element:profile_icon\">\n<div class=\"Icon Icon--profileCTA \" title=\"Ver perfil en Twitter\" role=\"img\" aria-label=\"Ver perfil en Twitter\"><\/div>\n<\/div>\n<div class=\"CallToAction-text\" data-scribe=\"element:profile_text\">Ver los otros Tweets de Carlos Verna<\/div>\n<div class=\"CallToAction-chevron\" data-scribe=\"element:cta_chevron\">\n<div class=\"Icon Icon--chevronRightCTA \" title=\"Ver en Twitter\" role=\"img\" aria-label=\"Ver en Twitter\"><\/div>\n<\/div>\n<\/div>\n<div class=\"tweet-InformationCircle--top tweet-InformationCircle\" data-scribe=\"element:notice\"><a class=\"Icon Icon--informationCircleWhite js-inViewportScribingTarget\" title=\"Informaci\u00f3n y privacidad de Twitter Ads\" href=\"https:\/\/support.twitter.com\/articles\/20175256\"><span class=\"u-hiddenVisually\">Informaci\u00f3n y privacidad de Twitter Ads<\/span><\/a><\/div>\n<\/div>\n<div class=\"resize-sensor\">\n<div class=\"resize-sensor-expand\">\n<div><\/div>\n<\/div>\n<div class=\"resize-sensor-shrink\">\n<div><\/div>\n<\/div>\n<\/div>\n<\/div>\n<p>Hasta ahora el tope era de 18 mil pesos y no se modificaba desde 2008. Es un largo reclamo de los estatales pampeanos, golpeados adem\u00e1s por la brutal devaluaci\u00f3n de los \u00faltimos a\u00f1os a partir de la crisis econ\u00f3mica profundizada durante el gobierno de Mauricio Macri.<\/p>\n<p>Durante muchos a\u00f1os la cantidad de pr\u00e9stamos tomados por los afiliados del Instituto hab\u00eda ido en descenso. En 2017 aument\u00f3 despu\u00e9s de 13 a\u00f1os y as\u00ed se ha mantenido.<\/p>\n<p>Aunque no est\u00e1 aclarado en el anuncio, se infiere que la tasa de 25,68% no ser\u00e1 modificada.<\/p>\n<p>Hasta ahora, la renovaci\u00f3n de los pr\u00e9stamos se pod\u00eda hacer cuando se pagara un 25% del mismo. Es decir que en un pr\u00e9stamos de 12 cuotas, a la tercera puede renovarse; en uno de 24 cuotas, se renueva a la sexta; en uno de 36, en la novena.<\/p>\n<div class=\"oasis-despues-del-contenido\" id=\"oasis-3936004784\"><img loading=\"lazy\" decoding=\"async\" src=\"https:\/\/oasisfm935.com.ar\/site\/wp-content\/uploads\/2020\/08\/47806202-8741-49f2-a5c9-d2f930e5baa1.jpg\" alt=\"\"  srcset=\"https:\/\/oasisfm935.com.ar\/site\/wp-content\/uploads\/2020\/08\/47806202-8741-49f2-a5c9-d2f930e5baa1.jpg 1080w, https:\/\/oasisfm935.com.ar\/site\/wp-content\/uploads\/2020\/08\/47806202-8741-49f2-a5c9-d2f930e5baa1-300x300.jpg 300w, https:\/\/oasisfm935.com.ar\/site\/wp-content\/uploads\/2020\/08\/47806202-8741-49f2-a5c9-d2f930e5baa1-1024x1024.jpg 1024w, https:\/\/oasisfm935.com.ar\/site\/wp-content\/uploads\/2020\/08\/47806202-8741-49f2-a5c9-d2f930e5baa1-150x150.jpg 150w, https:\/\/oasisfm935.com.ar\/site\/wp-content\/uploads\/2020\/08\/47806202-8741-49f2-a5c9-d2f930e5baa1-768x768.jpg 768w\" sizes=\"(max-width: 1080px) 100vw, 1080px\" class=\"no-lazyload\" width=\"1080\" height=\"1080\"  style=\"display: inline-block;\" \/><\/div>","protected":false},"excerpt":{"rendered":"<p>El gobernador Carlos Verna firm\u00f3 un decreto para actualizar el monto de los pr\u00e9stamos personales del Instituto de Seguridad Social.\u00a0Hasta ahora el<\/p>\n","protected":false},"author":4,"featured_media":944,"comment_status":"closed","ping_status":"open","sticky":false,"template":"","format":"standard","meta":{"colormag_page_layout":"default_layout","footnotes":""},"categories":[2],"tags":[],"class_list":["post-943","post","type-post","status-publish","format-standard","has-post-thumbnail","hentry","category-noticias"],"_links":{"self":[{"href":"https:\/\/oasisfm935.com.ar\/site\/wp-json\/wp\/v2\/posts\/943","targetHints":{"allow":["GET"]}}],"collection":[{"href":"https:\/\/oasisfm935.com.ar\/site\/wp-json\/wp\/v2\/posts"}],"about":[{"href":"https:\/\/oasisfm935.com.ar\/site\/wp-json\/wp\/v2\/types\/post"}],"author":[{"embeddable":true,"href":"https:\/\/oasisfm935.com.ar\/site\/wp-json\/wp\/v2\/users\/4"}],"replies":[{"embeddable":true,"href":"https:\/\/oasisfm935.com.ar\/site\/wp-json\/wp\/v2\/comments?post=943"}],"version-history":[{"count":3,"href":"https:\/\/oasisfm935.com.ar\/site\/wp-json\/wp\/v2\/posts\/943\/revisions"}],"predecessor-version":[{"id":948,"href":"https:\/\/oasisfm935.com.ar\/site\/wp-json\/wp\/v2\/posts\/943\/revisions\/948"}],"wp:featuredmedia":[{"embeddable":true,"href":"https:\/\/oasisfm935.com.ar\/site\/wp-json\/wp\/v2\/media\/944"}],"wp:attachment":[{"href":"https:\/\/oasisfm935.com.ar\/site\/wp-json\/wp\/v2\/media?parent=943"}],"wp:term":[{"taxonomy":"category","embeddable":true,"href":"https:\/\/oasisfm935.com.ar\/site\/wp-json\/wp\/v2\/categories?post=943"},{"taxonomy":"post_tag","embeddable":true,"href":"https:\/\/oasisfm935.com.ar\/site\/wp-json\/wp\/v2\/tags?post=943"}],"curies":[{"name":"wp","href":"https:\/\/api.w.org\/{rel}","templated":true}]}}