{"id":9550,"date":"2021-05-19T20:02:38","date_gmt":"2021-05-19T23:02:38","guid":{"rendered":"http:\/\/oasisfm935.com\/site\/?p=9550"},"modified":"2021-05-19T20:06:55","modified_gmt":"2021-05-19T23:06:55","slug":"covid-imparable-con-un-nuevo-record-en-la-pampa-901-nuevos-casos-2-en-ingeniero-luiggi","status":"publish","type":"post","link":"https:\/\/oasisfm935.com.ar\/site\/covid-imparable-con-un-nuevo-record-en-la-pampa-901-nuevos-casos-2-en-ingeniero-luiggi\/","title":{"rendered":"Covid imparable con un nuevo r\u00e9cord en la Pampa 901 nuevos casos, 2 en Ingeniero Luiggi."},"content":{"rendered":"<p class=\"lead nota-detalle-bajada\">El Gobierno de la provincia de La Pampa, a trav\u00e9s del Ministerio de Salud, comunic\u00f3 que en horas de la tarde del d\u00eda de la fecha, concluy\u00f3 el procesamiento de 2.926 muestras en los laboratorios de la Direcci\u00f3n de Epidemiolog\u00eda y del Establecimiento Asistencial Gobernador Centeno y Lucio Molas, como as\u00ed tambi\u00e9n en los diferentes Centros de Salud que analizan test de ant\u00edgenos, de las cuales 901 resultaron positivas para COVID-19.<\/p>\n<div class=\"nota-detalle-cuerpo\">\n<p>De ellas, 377 corresponden a residentes en Santa Rosa, 147 en General Pico, 36 en Toay, 33 en Eduardo Castex, 31 en 25 de Mayo, 24 en General Acha, 23 en Catril\u00f3, 20 en Victorica, 19 en Puel\u00e9n, 16 en Realic\u00f3, 15 en Trenel, 14 en Intendente Alvear, 14 en Quem\u00fa Quem\u00fa, 13 en Miguel Riglos, 11 en Macach\u00edn, 11 en Agustoni, 9 en Luan Toro, 7 en Jacinto Arauz, 7 en La Adela, 6 en Alta Italia, 6 en Winifreda, 5 en Guatrach\u00e9, 5 en Anguil, 5 en Doblas, 5 en Bernardo Larroud\u00e9, 4 en Parera, 4 en Monte Nievas, 4 en Arata, 3 en Colonia Bar\u00f3n, 3 en V\u00e9rtiz, 3 en Dorila, 3 en Sarah, 2 en Ingeniero Luiggi, 2 en General San Martin, 2 en Lonquimay, 2 en Speluzzi, 2 en Falucho, 2 en Caleuf\u00fa, 2 en Per\u00fa, 1 en La Humada, 1 en Adolfo Van Praet, 1 en Embajador Martini, 1 en Tom\u00e1s M. de Anchorena.<br \/>\nDe los 901 casos confirmados en la tarde de hoy, 175 se encontraban aislados por ser considerados contactos estrechos. Debido a la rapidez del diagn\u00f3stico por ant\u00edgenos, se contin\u00faa desarrollando la investigaci\u00f3n epidemiol\u00f3gica de 726 casos<br \/>\nDe 2.926 muestras analizadas en toda la Provincia, 1.623 fueron por test r\u00e1pidos y 1.303 por PCR.<\/p>\n<p><strong>Aclaraci\u00f3n sobre la carga de casos<\/strong><br \/>\nExiste una diferencia de casos confirmados entre el Reporte Provincial y el Nacional ya que se asisten y notifican pacientes que viven en otras provincias que tienen domicilio legal (el que figura en el DNI) en la provincia de La Pampa.<\/p>\n<p><strong>B\u00fasqueda activa<\/strong><br \/>\nLa estrategia de b\u00fasqueda activa con diagn\u00f3stico por ant\u00edgenos lleva entrevistados 75.159 ciudadanos.<br \/>\nTest r\u00e1pidos<br \/>\nSanta Rosa: 513-205<br \/>\nGeneral Pico: 330-109<br \/>\nToay: 60-32<br \/>\nColonia Bar\u00f3n: 2-0<br \/>\nMonte Nievas: 10-4<br \/>\nQuem\u00fa Quem\u00fa: 47-13<br \/>\nBernardo Larroud\u00e9: 8-5<br \/>\nDoblas: 3-3<br \/>\nLuan Toro: 13-9<br \/>\nPuel\u00e9n: 42-19<br \/>\nJacinto Ar\u00e1uz: 10-7<br \/>\nAtaliva Roca: 4-0<br \/>\nMiguel Riglos: 30-12<br \/>\nGeneral Acha: 83-23<br \/>\nAnguil: 8-4<br \/>\nVictorica: 34-16<br \/>\nCatril\u00f3: 44-21<br \/>\nWinifreda: 19-5<br \/>\nTrenel: 26-15<br \/>\nRealic\u00f3: 57-13<br \/>\nAlta Italia: 8-5<br \/>\nIngeniero Luiggi: 15- 2<br \/>\nMacach\u00edn:19-11<br \/>\nArata: 4-4<br \/>\nBernasconi: 4-0<br \/>\n25 de Mayo: 54-31<br \/>\nIntendente Alvear: 24-14<br \/>\nFalucho: 18-2<br \/>\nAdolfo Van Praet:1-1<br \/>\nEduardo Castex: 75-33<br \/>\nGuatrach\u00e9:14- 5<br \/>\nLa Humada:1-1<br \/>\nEmbajador Martini: 4-1<br \/>\nV\u00e9rtiz: 5-3<br \/>\nAgustoni: 14-11<br \/>\nCaleuf\u00fa: 6-2<br \/>\nLa Adela: 14-7<\/p>\n<p><strong>Situaci\u00f3n provincial<\/strong><br \/>\nDesde el inicio de la pandemia, en la Provincia, se registraron un total de 37.642 casos positivos para COVID-19, de los cuales 6.704 permanecen activos, 482 han fallecido y 30.456 se han recuperado, 391 en el d\u00eda de hoy.<br \/>\nLos casos confirmados activos est\u00e1n distribuidos en las siguientes localidades: 2.288 en Santa Rosa, 1.342 en General Pico, 430 en Toay, 261 en Eduardo Castex, 205 en 25 de Mayo, 173 en Realic\u00f3, 150 en Victorica, 138 en Intendente Alvear, 110 en Macach\u00edn, 105 en Trenel, 101 en Quem\u00fa Quem\u00fa, 78 en General San Martin, 76 en Ingeniero Luiggi, 73 en Catril\u00f3, 71 en Santa Isabel, 70 en General Acha, 60 en Colonia Bar\u00f3n, 54 en Puel\u00e9n, 49 en V\u00e9rtiz, 48 en Lonquimay, 45 en Guatrach\u00e9, 43 en Doblas, 42 en Jacinto Arauz, 40 en Anguil, 38 en Luan Toro, 36 en Agustoni, 35 en Monte Nievas, 32 en Miguel Riglos, 31 en La Humada, 27 en Parera, 26 en La Adela, 24 en Alta Italia, 23 en Adolfo Van Praet, 23 en Embajador Martini, 22 en Conhello, 21 en Ataliva Roca, 20 en Arata, 19 en Winifreda, 19 en Dorila, 16 en Bernardo Larroud\u00e9, 16 en Speluzzi, 16 en Limay Mahuida, 15 en Falucho, 15 en Coronel Hilario Lagos, 15 en Uriburu, 14 en Caleuf\u00fa, 14 en Rucanelo, 14 en Alpachiri, 13 en Mauricio Mayer, 13 en Miguel Can\u00e9, 11 en Villa Mirasol, 11 en Bernasconi, 8 en Tel\u00e9n, 7 en Sarah, 7 en Rancul, 6 en Ceballos, 5 en Quetrequ\u00e9n, 4 en General Manuel J. Campos, 4 en Maisonnave, 4 en Quehu\u00e9, 4 en La Reforma, 3 en Per\u00fa, 3 en Chos Malal, 3 en Casa de Piedra, 3 en Metileo, 2 en Tom\u00e1s M. de Anchorena, 2 en La Maruja, 2 en Pichi Huinca, 2 en Loventuel, 1 en Puelches, 1 en Abramo, 1 en Carro Quemado, 1 en Colonia Santa Teresa.<br \/>\nAl d\u00eda de la fecha se encuentran aisladas un total de 17.721 personas en toda la Provincia.<\/p>\n<p><strong>Personas internadas<\/strong><br \/>\nSe encuentran internadas 257 personas confirmadas para COVID-19. En General Pico 37 personas internadas, de ellos 23 en modulares y 14 en terapia intensiva. En (CEAR-Modulares) de Santa Rosa se encuentran internadas 59 personas, de ellas 18 en UTI CEAR, 12 en cl\u00ednica m\u00e9dica y 29 modular. En UTI 1 se encuentran 6 pacientes internados. En UTI 2 se encuentran internados 6 pacientes. UTI 3, 11 pacientes internados. En UTI del subsector privado 7 pacientes. En el Hospital Evita 11 internados en cl\u00ednica m\u00e9dica. Y en el interior de la provincia se encuentran internados en cl\u00ednica m\u00e9dica:<br \/>\nHospital de General Acha: 11 internados<br \/>\nHospital de Eduardo Castex: 16 internados<br \/>\nHospital de Toay: 16 internados<br \/>\nHospital de Parera: 4 internados<br \/>\nHospital de Victorica: 7 internados.<br \/>\nHospital de Guatrach\u00e9: 2 internados<br \/>\nHospital de Santa Isabel: 4 internados<br \/>\nHospital de 25 de Mayo: 2 internados.<br \/>\nHospital de Realic\u00f3: 9 internados<br \/>\nHospital de General San Mart\u00edn: 2 internados<br \/>\nHospital de Ingeniero Luiggi: 3 internados<br \/>\nHospital de Colonia Bar\u00f3n: 6 internados.<br \/>\nHospital de Trenel: 4 internados<br \/>\nHospital de Doblas: 2 internados<br \/>\nHospital de Tel\u00e9n: 3 internados<br \/>\nHospital de Rancul: 1 internado<br \/>\nHospital de Intendente Alvear: 3 internados<br \/>\nHospital de Quem\u00fa Quem\u00fa: 4 internados<br \/>\nHospital de Macach\u00edn: 6 internados<br \/>\nHospital de Jacinto Arauz: 3 internados<br \/>\nHospital de Miguel Riglos: 6 internados<br \/>\nHospital de Catril\u00f3: 3 internados<br \/>\nHospital de Bernasconi: 3 internados<\/p>\n<p>Importante<\/p>\n<p>Los pacientes internados en Terapia Intensiva que se han negativizado para COVID-19, son trasladados a los servicios de UTI del subsector privado. Esta estrategia permite al subsector p\u00fablico tener una mayor disponibilidad de unidades de terapia libres para la atenci\u00f3n de los casos activos de COVID-19 que lo requieran.<\/p>\n<p><strong>Fallecidos<\/strong><br \/>\nHasta el momento del cierre del parte diario se informaron 9 fallecimientos.<br \/>\n&#8211; Persona residente es Conhello, sexo masculino, 52 a\u00f1os<br \/>\n&#8211; Persona residente en General Pico, sexo masculino, 53 a\u00f1os.<br \/>\n&#8211; Persona residente en Intendente Alvear, sexo femenino, 53 a\u00f1os.<br \/>\n&#8211; Persona residente en General Pico, sexo masculino, 59 a\u00f1os.<br \/>\n&#8211; Persona residente en Intendente Alvear, sexo femenino, 59 a\u00f1os.<br \/>\n&#8211; Persona residente en Toay, sexo masculino, 63 a\u00f1os<br \/>\n&#8211; Persona residente en Caleuf\u00fa, sexo femenino, 70 a\u00f1os.<br \/>\n&#8211; Persona residente Chos Malal, sexo masculino, 73 a\u00f1os.<br \/>\n&#8211; Persona residente en Santa Rosa, sexo femenino, 87 a\u00f1os<\/p>\n<\/div>\n<div class=\"oasis-despues-del-contenido\" id=\"oasis-3140146503\"><img loading=\"lazy\" decoding=\"async\" src=\"https:\/\/oasisfm935.com.ar\/site\/wp-content\/uploads\/2020\/08\/47806202-8741-49f2-a5c9-d2f930e5baa1.jpg\" alt=\"\"  srcset=\"https:\/\/oasisfm935.com.ar\/site\/wp-content\/uploads\/2020\/08\/47806202-8741-49f2-a5c9-d2f930e5baa1.jpg 1080w, https:\/\/oasisfm935.com.ar\/site\/wp-content\/uploads\/2020\/08\/47806202-8741-49f2-a5c9-d2f930e5baa1-300x300.jpg 300w, https:\/\/oasisfm935.com.ar\/site\/wp-content\/uploads\/2020\/08\/47806202-8741-49f2-a5c9-d2f930e5baa1-1024x1024.jpg 1024w, https:\/\/oasisfm935.com.ar\/site\/wp-content\/uploads\/2020\/08\/47806202-8741-49f2-a5c9-d2f930e5baa1-150x150.jpg 150w, https:\/\/oasisfm935.com.ar\/site\/wp-content\/uploads\/2020\/08\/47806202-8741-49f2-a5c9-d2f930e5baa1-768x768.jpg 768w\" sizes=\"(max-width: 1080px) 100vw, 1080px\" class=\"no-lazyload\" width=\"1080\" height=\"1080\"  style=\"display: inline-block;\" \/><\/div>","protected":false},"excerpt":{"rendered":"<p>El Gobierno de la provincia de La Pampa, a trav\u00e9s del Ministerio de Salud, comunic\u00f3 que en horas de la tarde del<\/p>\n","protected":false},"author":4,"featured_media":9554,"comment_status":"closed","ping_status":"open","sticky":false,"template":"","format":"standard","meta":{"colormag_page_layout":"default_layout","footnotes":""},"categories":[2],"tags":[],"class_list":["post-9550","post","type-post","status-publish","format-standard","has-post-thumbnail","hentry","category-noticias"],"_links":{"self":[{"href":"https:\/\/oasisfm935.com.ar\/site\/wp-json\/wp\/v2\/posts\/9550","targetHints":{"allow":["GET"]}}],"collection":[{"href":"https:\/\/oasisfm935.com.ar\/site\/wp-json\/wp\/v2\/posts"}],"about":[{"href":"https:\/\/oasisfm935.com.ar\/site\/wp-json\/wp\/v2\/types\/post"}],"author":[{"embeddable":true,"href":"https:\/\/oasisfm935.com.ar\/site\/wp-json\/wp\/v2\/users\/4"}],"replies":[{"embeddable":true,"href":"https:\/\/oasisfm935.com.ar\/site\/wp-json\/wp\/v2\/comments?post=9550"}],"version-history":[{"count":1,"href":"https:\/\/oasisfm935.com.ar\/site\/wp-json\/wp\/v2\/posts\/9550\/revisions"}],"predecessor-version":[{"id":9551,"href":"https:\/\/oasisfm935.com.ar\/site\/wp-json\/wp\/v2\/posts\/9550\/revisions\/9551"}],"wp:featuredmedia":[{"embeddable":true,"href":"https:\/\/oasisfm935.com.ar\/site\/wp-json\/wp\/v2\/media\/9554"}],"wp:attachment":[{"href":"https:\/\/oasisfm935.com.ar\/site\/wp-json\/wp\/v2\/media?parent=9550"}],"wp:term":[{"taxonomy":"category","embeddable":true,"href":"https:\/\/oasisfm935.com.ar\/site\/wp-json\/wp\/v2\/categories?post=9550"},{"taxonomy":"post_tag","embeddable":true,"href":"https:\/\/oasisfm935.com.ar\/site\/wp-json\/wp\/v2\/tags?post=9550"}],"curies":[{"name":"wp","href":"https:\/\/api.w.org\/{rel}","templated":true}]}}