{"id":962,"date":"2019-03-10T11:58:44","date_gmt":"2019-03-10T14:58:44","guid":{"rendered":"http:\/\/oasisfm935.com\/site\/?p=962"},"modified":"2019-03-10T11:58:44","modified_gmt":"2019-03-10T14:58:44","slug":"ex-novio-detenido-dejo-atada-a-su-ex-pareja-detras-del-salon-municipal","status":"publish","type":"post","link":"https:\/\/oasisfm935.com.ar\/site\/ex-novio-detenido-dejo-atada-a-su-ex-pareja-detras-del-salon-municipal\/","title":{"rendered":"Ex novio detenido: Dej\u00f3 atada a su ex pareja detr\u00e1s del sal\u00f3n municipal"},"content":{"rendered":"<p>El hecho ocurri\u00f3 en horas de la madrugada del d\u00eda s\u00e1bado en la localidad de Arata.<\/p>\n<p>La damnificada es una adolescente. El ex novio, un joven mayor de edad, \u00a0la habr\u00eda llevado por la fuerza y la dej\u00f3 atada detr\u00e1s del sal\u00f3n municipal por razones que son investigadas por el momento.\u00a0La v\u00edctima no habr\u00eda sido abusada.<\/p>\n<p>Todo habr\u00eda ocurrido alrededor entre las 06:00 y las 07:00 de la ma\u00f1ana. La mam\u00e1 de la adolescente es qui\u00e9n la habr\u00eda hallada en esa situaci\u00f3n y qui\u00e9n radic\u00f3 la denuncia en la comisar\u00eda de la localidad.<\/p>\n<p>El joven habr\u00eda sido detenido y trasladado a otra localidad vecina, mientras la polic\u00eda investiga el grave hecho.<\/p>\n<div class=\"oasis-despues-del-contenido\" id=\"oasis-1887961067\"><img loading=\"lazy\" decoding=\"async\" src=\"https:\/\/oasisfm935.com.ar\/site\/wp-content\/uploads\/2020\/08\/47806202-8741-49f2-a5c9-d2f930e5baa1.jpg\" alt=\"\"  srcset=\"https:\/\/oasisfm935.com.ar\/site\/wp-content\/uploads\/2020\/08\/47806202-8741-49f2-a5c9-d2f930e5baa1.jpg 1080w, https:\/\/oasisfm935.com.ar\/site\/wp-content\/uploads\/2020\/08\/47806202-8741-49f2-a5c9-d2f930e5baa1-300x300.jpg 300w, https:\/\/oasisfm935.com.ar\/site\/wp-content\/uploads\/2020\/08\/47806202-8741-49f2-a5c9-d2f930e5baa1-1024x1024.jpg 1024w, https:\/\/oasisfm935.com.ar\/site\/wp-content\/uploads\/2020\/08\/47806202-8741-49f2-a5c9-d2f930e5baa1-150x150.jpg 150w, https:\/\/oasisfm935.com.ar\/site\/wp-content\/uploads\/2020\/08\/47806202-8741-49f2-a5c9-d2f930e5baa1-768x768.jpg 768w\" sizes=\"(max-width: 1080px) 100vw, 1080px\" class=\"no-lazyload\" width=\"1080\" height=\"1080\"  style=\"display: inline-block;\" \/><\/div>","protected":false},"excerpt":{"rendered":"<p>El hecho ocurri\u00f3 en horas de la madrugada del d\u00eda s\u00e1bado en la localidad de Arata. La damnificada es una adolescente. El<\/p>\n","protected":false},"author":4,"featured_media":963,"comment_status":"closed","ping_status":"open","sticky":false,"template":"","format":"standard","meta":{"colormag_page_layout":"default_layout","footnotes":""},"categories":[3],"tags":[],"class_list":["post-962","post","type-post","status-publish","format-standard","has-post-thumbnail","hentry","category-avisos"],"_links":{"self":[{"href":"https:\/\/oasisfm935.com.ar\/site\/wp-json\/wp\/v2\/posts\/962","targetHints":{"allow":["GET"]}}],"collection":[{"href":"https:\/\/oasisfm935.com.ar\/site\/wp-json\/wp\/v2\/posts"}],"about":[{"href":"https:\/\/oasisfm935.com.ar\/site\/wp-json\/wp\/v2\/types\/post"}],"author":[{"embeddable":true,"href":"https:\/\/oasisfm935.com.ar\/site\/wp-json\/wp\/v2\/users\/4"}],"replies":[{"embeddable":true,"href":"https:\/\/oasisfm935.com.ar\/site\/wp-json\/wp\/v2\/comments?post=962"}],"version-history":[{"count":1,"href":"https:\/\/oasisfm935.com.ar\/site\/wp-json\/wp\/v2\/posts\/962\/revisions"}],"predecessor-version":[{"id":964,"href":"https:\/\/oasisfm935.com.ar\/site\/wp-json\/wp\/v2\/posts\/962\/revisions\/964"}],"wp:featuredmedia":[{"embeddable":true,"href":"https:\/\/oasisfm935.com.ar\/site\/wp-json\/wp\/v2\/media\/963"}],"wp:attachment":[{"href":"https:\/\/oasisfm935.com.ar\/site\/wp-json\/wp\/v2\/media?parent=962"}],"wp:term":[{"taxonomy":"category","embeddable":true,"href":"https:\/\/oasisfm935.com.ar\/site\/wp-json\/wp\/v2\/categories?post=962"},{"taxonomy":"post_tag","embeddable":true,"href":"https:\/\/oasisfm935.com.ar\/site\/wp-json\/wp\/v2\/tags?post=962"}],"curies":[{"name":"wp","href":"https:\/\/api.w.org\/{rel}","templated":true}]}}