{"id":967,"date":"2019-03-10T12:16:53","date_gmt":"2019-03-10T15:16:53","guid":{"rendered":"http:\/\/oasisfm935.com\/site\/?p=967"},"modified":"2019-03-10T12:16:53","modified_gmt":"2019-03-10T15:16:53","slug":"productores-de-ing-luiggi-reclaman-por-el-pesimo-estado-de-la-ruta-2-camino-a-el-tala","status":"publish","type":"post","link":"https:\/\/oasisfm935.com.ar\/site\/productores-de-ing-luiggi-reclaman-por-el-pesimo-estado-de-la-ruta-2-camino-a-el-tala\/","title":{"rendered":"Productores de Ing. Luiggi reclaman por el \u201cp\u00e9simo estado\u201d de la ruta 2, camino a \u201cEl Tala\u201d"},"content":{"rendered":"<div class=\"itemIntroText\">\n<p><strong>Productores de Ingeniero Luiggi enviaron un petitorio a las autoridades de Vialidad Provincial reclamando la urgente reparaci\u00f3n de la ruta provincial 2 de tierra, desde el cruce con la 9 y hasta el Paraje \u201cEl Tala\u201d.<\/strong><\/p>\n<\/div>\n<div class=\"itemFullText\">\n<p>El reclamo no es nuevo, incluso en varias oportunidades pidieron por la pavimentaci\u00f3n de ese tramo de la ruta provincial 2, pero s\u00f3lo qued\u00f3 en promesas incumplidas.<\/p>\n<blockquote><p>La nota de los productores luiggenses a la que accedi\u00f3\u00a0<strong>Zonal Noticias,<\/strong>\u00a0fue dirigida al ingeniero Jorge Etchichury de la Direcci\u00f3n Provincial de Vialidad,\u00a0 a quien le pidieron por el arreglo del tramo de la ruta provincial 2 entre el cruce con la 9 y hasta El Paraje \u201cEl Tala\u201d.<\/p>\n<hr \/>\n<\/blockquote>\n<p><strong>\u00abP\u00e9simo estado\u00bb<\/strong><\/p>\n<p>Solicitaron que con la inmediatez que requiere el reclamo, \u201c<strong>se presenten a verificar el p\u00e9simo estado de la ruta que lleva a los campos de la zona, a los efectos de que reparen a la brevedad dicho tramo\u201d.<\/strong><\/p>\n<blockquote><p>Los productores luiggenses aseguraron que \u201c<strong>es imposible transitar en estas condiciones, arriesgando la vida de quienes a diario utilizan esta v\u00eda<\/strong>\u00a0como \u00fanico medio para llegar a nuestras propiedades o donde tenemos nuestra producci\u00f3n agr\u00edcola\u201d.<\/p>\n<p><strong>\u201cSolicitamos que la reparaci\u00f3n sea urgente<\/strong>\u00a0y dentro de los pr\u00f3ximos diez d\u00edas, atento a que luego de este lapso de tiempo,\u00a0<strong>estar\u00e1 comenzando la cosecha de girasol y los productores de la zona comenzaremos a sacar el cereal<\/strong>\u00a0con el beneficio y trabajo que \u00e9sto genera tanto para particulares como para el Estado mismo\u201d, concluyeron en el petitorio que lleva la firma de varios productores de la zona.<\/p><\/blockquote>\n<p>Fuente : Zonal Noticias<\/p>\n<\/div>\n<div class=\"oasis-despues-del-contenido\" id=\"oasis-3308611850\"><img loading=\"lazy\" decoding=\"async\" src=\"https:\/\/oasisfm935.com.ar\/site\/wp-content\/uploads\/2020\/08\/47806202-8741-49f2-a5c9-d2f930e5baa1.jpg\" alt=\"\"  srcset=\"https:\/\/oasisfm935.com.ar\/site\/wp-content\/uploads\/2020\/08\/47806202-8741-49f2-a5c9-d2f930e5baa1.jpg 1080w, https:\/\/oasisfm935.com.ar\/site\/wp-content\/uploads\/2020\/08\/47806202-8741-49f2-a5c9-d2f930e5baa1-300x300.jpg 300w, https:\/\/oasisfm935.com.ar\/site\/wp-content\/uploads\/2020\/08\/47806202-8741-49f2-a5c9-d2f930e5baa1-1024x1024.jpg 1024w, https:\/\/oasisfm935.com.ar\/site\/wp-content\/uploads\/2020\/08\/47806202-8741-49f2-a5c9-d2f930e5baa1-150x150.jpg 150w, https:\/\/oasisfm935.com.ar\/site\/wp-content\/uploads\/2020\/08\/47806202-8741-49f2-a5c9-d2f930e5baa1-768x768.jpg 768w\" sizes=\"(max-width: 1080px) 100vw, 1080px\" class=\"no-lazyload\" width=\"1080\" height=\"1080\"  style=\"display: inline-block;\" \/><\/div>","protected":false},"excerpt":{"rendered":"<p>Productores de Ingeniero Luiggi enviaron un petitorio a las autoridades de Vialidad Provincial reclamando la urgente reparaci\u00f3n de la ruta provincial 2<\/p>\n","protected":false},"author":4,"featured_media":968,"comment_status":"closed","ping_status":"open","sticky":false,"template":"","format":"standard","meta":{"colormag_page_layout":"default_layout","footnotes":""},"categories":[2],"tags":[],"class_list":["post-967","post","type-post","status-publish","format-standard","has-post-thumbnail","hentry","category-noticias"],"_links":{"self":[{"href":"https:\/\/oasisfm935.com.ar\/site\/wp-json\/wp\/v2\/posts\/967","targetHints":{"allow":["GET"]}}],"collection":[{"href":"https:\/\/oasisfm935.com.ar\/site\/wp-json\/wp\/v2\/posts"}],"about":[{"href":"https:\/\/oasisfm935.com.ar\/site\/wp-json\/wp\/v2\/types\/post"}],"author":[{"embeddable":true,"href":"https:\/\/oasisfm935.com.ar\/site\/wp-json\/wp\/v2\/users\/4"}],"replies":[{"embeddable":true,"href":"https:\/\/oasisfm935.com.ar\/site\/wp-json\/wp\/v2\/comments?post=967"}],"version-history":[{"count":1,"href":"https:\/\/oasisfm935.com.ar\/site\/wp-json\/wp\/v2\/posts\/967\/revisions"}],"predecessor-version":[{"id":969,"href":"https:\/\/oasisfm935.com.ar\/site\/wp-json\/wp\/v2\/posts\/967\/revisions\/969"}],"wp:featuredmedia":[{"embeddable":true,"href":"https:\/\/oasisfm935.com.ar\/site\/wp-json\/wp\/v2\/media\/968"}],"wp:attachment":[{"href":"https:\/\/oasisfm935.com.ar\/site\/wp-json\/wp\/v2\/media?parent=967"}],"wp:term":[{"taxonomy":"category","embeddable":true,"href":"https:\/\/oasisfm935.com.ar\/site\/wp-json\/wp\/v2\/categories?post=967"},{"taxonomy":"post_tag","embeddable":true,"href":"https:\/\/oasisfm935.com.ar\/site\/wp-json\/wp\/v2\/tags?post=967"}],"curies":[{"name":"wp","href":"https:\/\/api.w.org\/{rel}","templated":true}]}}