{"id":970,"date":"2019-03-10T12:31:34","date_gmt":"2019-03-10T15:31:34","guid":{"rendered":"http:\/\/oasisfm935.com\/site\/?p=970"},"modified":"2019-03-10T12:33:54","modified_gmt":"2019-03-10T15:33:54","slug":"el-gobierno-loca-realizo-la-anunciada-charla-panel-hacia-una-comunidad-igualitaria","status":"publish","type":"post","link":"https:\/\/oasisfm935.com.ar\/site\/el-gobierno-loca-realizo-la-anunciada-charla-panel-hacia-una-comunidad-igualitaria\/","title":{"rendered":"El Gobierno Local ,  realiz\u00f3 la anunciada charla- panel: \u00abHacia una comunidad igualitaria\u00bb."},"content":{"rendered":"<p>En el marco de conmemorarse el D\u00eda Internacional de la Mujer, la Municipalidad de Ingeniero Luiggi, realiz\u00f3 la anunciada charla- panel: \u00abHacia una comunidad igualitaria\u00bb.<\/p>\n<p>La actividad se llev\u00f3 ayer a 19 horas en el Auditorio Municipal como estaba previsto, con marcado \u00e9xito por la asistencia de diferentes personalidades representantes de diferentes instituciones y p\u00fablico en general, tanto mujeres como varones.<\/p>\n<p>El intendente Oscar Zanoli fue el encargado de abril la charla agradeciendo a los presentes: \u201choy 8 de marzo conmemoramos el d\u00eda internacional de la mujer\u201d.<\/p>\n<p><a href=\"http:\/\/oasisfm935.com\/site\/wp-content\/uploads\/2019\/03\/53870563_2172932172790270_3456088401302781952_n.jpg\"><img loading=\"lazy\" decoding=\"async\" class=\"alignnone size-full wp-image-972\" src=\"http:\/\/oasisfm935.com\/site\/wp-content\/uploads\/2019\/03\/53870563_2172932172790270_3456088401302781952_n.jpg\" alt=\"\" width=\"960\" height=\"640\" srcset=\"https:\/\/oasisfm935.com.ar\/site\/wp-content\/uploads\/2019\/03\/53870563_2172932172790270_3456088401302781952_n.jpg 960w, https:\/\/oasisfm935.com.ar\/site\/wp-content\/uploads\/2019\/03\/53870563_2172932172790270_3456088401302781952_n-300x200.jpg 300w, https:\/\/oasisfm935.com.ar\/site\/wp-content\/uploads\/2019\/03\/53870563_2172932172790270_3456088401302781952_n-768x512.jpg 768w\" sizes=\"auto, (max-width: 960px) 100vw, 960px\" \/><\/a><\/p>\n<p>En alusi\u00f3n a su profesi\u00f3n como profesor de Educaci\u00f3n F\u00edsica, el intendente se refiri\u00f3 a un relato a una maratonista del a\u00f1o 1967, que debi\u00f3 prepararse para correr 42 km de una marat\u00f3n y logr\u00f3 su objetivo.<\/p>\n<p>\u201cElla nos dej\u00f3 una ense\u00f1anza sobre que no hay diferencias y que con voluntad se puede. Reci\u00e9n en 1984 se corre la primer marat\u00f3n femenina en Los \u00c1ngeles, y de all\u00ed la mujer comenz\u00f3 a participar en las maratones mixtas, ya que antes no se les permit\u00eda por ser mujeres\u201d, expres\u00f3.<\/p>\n<p>El intendente parafrase\u00f3 los testimonios de la primer maratonista del mundo. \u201cYo creo que a pesar de haber pasado tantos a\u00f1os, sigue habiendo casos de discriminaci\u00f3n, violencia y hasta de muerte. Por eso quiero que reflexionemos y fomentemos la igualdad, no s\u00f3lo desde los discursos, sino desde los hechos\u201d, expres\u00f3 Zanoli.<\/p>\n<p>Patricia Lav\u00edn, subsecretaria de Descentralizaci\u00f3n Territorial y referentes del Ministerio de Desarrollo Social, hablaron luego de los nuevos desaf\u00edos para un Estado igualitario.<\/p>\n<p><a href=\"http:\/\/oasisfm935.com\/site\/wp-content\/uploads\/2019\/03\/53767698_2172932869456867_8890281599174705152_n.jpg\"><img loading=\"lazy\" decoding=\"async\" class=\"alignnone size-full wp-image-973\" src=\"http:\/\/oasisfm935.com\/site\/wp-content\/uploads\/2019\/03\/53767698_2172932869456867_8890281599174705152_n.jpg\" alt=\"\" width=\"960\" height=\"640\" srcset=\"https:\/\/oasisfm935.com.ar\/site\/wp-content\/uploads\/2019\/03\/53767698_2172932869456867_8890281599174705152_n.jpg 960w, https:\/\/oasisfm935.com.ar\/site\/wp-content\/uploads\/2019\/03\/53767698_2172932869456867_8890281599174705152_n-300x200.jpg 300w, https:\/\/oasisfm935.com.ar\/site\/wp-content\/uploads\/2019\/03\/53767698_2172932869456867_8890281599174705152_n-768x512.jpg 768w\" sizes=\"auto, (max-width: 960px) 100vw, 960px\" \/><\/a><\/p>\n<p>Destacaron los avances en temas como \u00abla perspectiva de g\u00e9nero desde la C\u00e1mara de diputados, la ley de protecci\u00f3n integral de ni\u00f1os, ni\u00f1as y adolescentes, como una gran lucha y un logro en nuestra provincia\u00bb.<br \/>\n\u201cComo gran desaf\u00edo es que las mujeres podamos ocupar los lugar de poder y de decisi\u00f3n. En nuestra provincia, solamente 6 municipios de los 70 que tenemos, son liderados por mujeres intendentas. Nuestra propuesta no es ver al hombre como adversario, si no para que juntos logremos una sociedad y una comunidad igualitaria\u201d resalt\u00f3 la candidata a intendente y funcionaria del Ministerio de desarrollo Social.<\/p>\n<p>Luego disert\u00f3 Mar\u00eda Virginia Cisterna, abogada de la Unidad Regional de Protecci\u00f3n de Derechos de Ni\u00f1os, Ni\u00f1as y Adolescentes de Ingeniero Luiggi, sobre \u00abLa construcci\u00f3n de una ciudad m\u00e1s inclusiva desde la ley y el derecho\u00bb<br \/>\nEn tanto Claudia Aime, Trabajadora Social del \u00e1rea de Acci\u00f3n Social de Ingeniero Luiggi explic\u00f3 las Pol\u00edticas de g\u00e9nero que se aplican en Ingeniero Luiggi.<\/p>\n<p><a href=\"http:\/\/oasisfm935.com\/site\/wp-content\/uploads\/2019\/03\/54278628_2172932292790258_7094193586714968064_n.jpg\"><img loading=\"lazy\" decoding=\"async\" class=\"alignnone size-full wp-image-974\" src=\"http:\/\/oasisfm935.com\/site\/wp-content\/uploads\/2019\/03\/54278628_2172932292790258_7094193586714968064_n.jpg\" alt=\"\" width=\"960\" height=\"720\" srcset=\"https:\/\/oasisfm935.com.ar\/site\/wp-content\/uploads\/2019\/03\/54278628_2172932292790258_7094193586714968064_n.jpg 960w, https:\/\/oasisfm935.com.ar\/site\/wp-content\/uploads\/2019\/03\/54278628_2172932292790258_7094193586714968064_n-300x225.jpg 300w, https:\/\/oasisfm935.com.ar\/site\/wp-content\/uploads\/2019\/03\/54278628_2172932292790258_7094193586714968064_n-768x576.jpg 768w, https:\/\/oasisfm935.com.ar\/site\/wp-content\/uploads\/2019\/03\/54278628_2172932292790258_7094193586714968064_n-678x509.jpg 678w, https:\/\/oasisfm935.com.ar\/site\/wp-content\/uploads\/2019\/03\/54278628_2172932292790258_7094193586714968064_n-326x245.jpg 326w, https:\/\/oasisfm935.com.ar\/site\/wp-content\/uploads\/2019\/03\/54278628_2172932292790258_7094193586714968064_n-80x60.jpg 80w\" sizes=\"auto, (max-width: 960px) 100vw, 960px\" \/><\/a><br \/>\nLaura Pi\u00f1ero, Psic\u00f3loga y Asesora del Ministerio de Desarrollo Social de la provincia de La Pampa, reflexion\u00f3 sobre el tema: \u00abNi\u00f1as y adolescentes en el camino a la autonom\u00eda. La familia en el rol de la construcci\u00f3n de una sociedad m\u00e1s justa\u00bb.<br \/>\nLa noche de charla debate fue cerrada por Manuel Bomheker, Asesor en comunicaci\u00f3n y Director de Agencia BMK, con el an\u00e1lisis en los diferentes tiempos respondiendo a las preguntas \u00bfQu\u00e9 tareas tenemos los varones en la construcci\u00f3n de una comunidad igualitaria? \u00bfQu\u00e9 beneficios?<\/p>\n<div class=\"oasis-despues-del-contenido\" id=\"oasis-1340720464\"><img loading=\"lazy\" decoding=\"async\" src=\"https:\/\/oasisfm935.com.ar\/site\/wp-content\/uploads\/2020\/08\/47806202-8741-49f2-a5c9-d2f930e5baa1.jpg\" alt=\"\"  srcset=\"https:\/\/oasisfm935.com.ar\/site\/wp-content\/uploads\/2020\/08\/47806202-8741-49f2-a5c9-d2f930e5baa1.jpg 1080w, https:\/\/oasisfm935.com.ar\/site\/wp-content\/uploads\/2020\/08\/47806202-8741-49f2-a5c9-d2f930e5baa1-300x300.jpg 300w, https:\/\/oasisfm935.com.ar\/site\/wp-content\/uploads\/2020\/08\/47806202-8741-49f2-a5c9-d2f930e5baa1-1024x1024.jpg 1024w, https:\/\/oasisfm935.com.ar\/site\/wp-content\/uploads\/2020\/08\/47806202-8741-49f2-a5c9-d2f930e5baa1-150x150.jpg 150w, https:\/\/oasisfm935.com.ar\/site\/wp-content\/uploads\/2020\/08\/47806202-8741-49f2-a5c9-d2f930e5baa1-768x768.jpg 768w\" sizes=\"(max-width: 1080px) 100vw, 1080px\" class=\"no-lazyload\" width=\"1080\" height=\"1080\"  style=\"display: inline-block;\" \/><\/div>","protected":false},"excerpt":{"rendered":"<p>En el marco de conmemorarse el D\u00eda Internacional de la Mujer, la Municipalidad de Ingeniero Luiggi, realiz\u00f3 la anunciada charla- panel: \u00abHacia<\/p>\n","protected":false},"author":4,"featured_media":971,"comment_status":"closed","ping_status":"open","sticky":false,"template":"","format":"standard","meta":{"colormag_page_layout":"default_layout","footnotes":""},"categories":[3],"tags":[],"class_list":["post-970","post","type-post","status-publish","format-standard","has-post-thumbnail","hentry","category-avisos"],"_links":{"self":[{"href":"https:\/\/oasisfm935.com.ar\/site\/wp-json\/wp\/v2\/posts\/970","targetHints":{"allow":["GET"]}}],"collection":[{"href":"https:\/\/oasisfm935.com.ar\/site\/wp-json\/wp\/v2\/posts"}],"about":[{"href":"https:\/\/oasisfm935.com.ar\/site\/wp-json\/wp\/v2\/types\/post"}],"author":[{"embeddable":true,"href":"https:\/\/oasisfm935.com.ar\/site\/wp-json\/wp\/v2\/users\/4"}],"replies":[{"embeddable":true,"href":"https:\/\/oasisfm935.com.ar\/site\/wp-json\/wp\/v2\/comments?post=970"}],"version-history":[{"count":2,"href":"https:\/\/oasisfm935.com.ar\/site\/wp-json\/wp\/v2\/posts\/970\/revisions"}],"predecessor-version":[{"id":976,"href":"https:\/\/oasisfm935.com.ar\/site\/wp-json\/wp\/v2\/posts\/970\/revisions\/976"}],"wp:featuredmedia":[{"embeddable":true,"href":"https:\/\/oasisfm935.com.ar\/site\/wp-json\/wp\/v2\/media\/971"}],"wp:attachment":[{"href":"https:\/\/oasisfm935.com.ar\/site\/wp-json\/wp\/v2\/media?parent=970"}],"wp:term":[{"taxonomy":"category","embeddable":true,"href":"https:\/\/oasisfm935.com.ar\/site\/wp-json\/wp\/v2\/categories?post=970"},{"taxonomy":"post_tag","embeddable":true,"href":"https:\/\/oasisfm935.com.ar\/site\/wp-json\/wp\/v2\/tags?post=970"}],"curies":[{"name":"wp","href":"https:\/\/api.w.org\/{rel}","templated":true}]}}