{"id":979,"date":"2019-03-12T08:40:20","date_gmt":"2019-03-12T11:40:20","guid":{"rendered":"http:\/\/oasisfm935.com\/site\/?p=979"},"modified":"2019-03-12T08:40:20","modified_gmt":"2019-03-12T11:40:20","slug":"secuestro-de-joven-en-arata-acusado-nego-el-hecho","status":"publish","type":"post","link":"https:\/\/oasisfm935.com.ar\/site\/secuestro-de-joven-en-arata-acusado-nego-el-hecho\/","title":{"rendered":"Secuestro de joven en Arata: acusado neg\u00f3 el hecho"},"content":{"rendered":"<p>El joven de 20 a\u00f1os,\u00a0<strong><a href=\"http:\/\/diariotextual.com\/inicio\/index.php\/2019\/03\/10\/arata-se-llevo-la-fuerza-exnovia-la-dejo-atada\/\">acusado de secuestrar y atar a su ex pareja en Arata<\/a><\/strong>, neg\u00f3 este lunes los hechos por los cuales se lo acusa, aunque de\u00a0<strong>todos modos seguir\u00e1 detenido y su exnovia ser\u00e1 convocada para que declare bajo C\u00e1mara Gesell<\/strong>, ya que es menor de edad.<\/p>\n<p>El suceso que conmovi\u00f3 a la localidad norte\u00f1a ocurri\u00f3 este domingo y seg\u00fan la denuncia<strong>el muchacho llev\u00f3 por la fuerza a su ex pareja hasta el patio trasero del sal\u00f3n municipal de Arata, all\u00ed la amordaz\u00f3 y maniat\u00f3 a un ca\u00f1o. Luego se fug\u00f3 y la chica fue encontrada por su madre, un camionero<\/strong>\u00a0y trabajadores del lugar, inform\u00f3 Infopico.<\/p>\n<p><a href=\"http:\/\/oasisfm935.com\/site\/wp-content\/uploads\/2019\/03\/multimedia.normal.9c71800cdb1b69b2.37333132335f6e6f726d616c2e6a7067.jpg\"><img loading=\"lazy\" decoding=\"async\" class=\"alignnone size-full wp-image-981\" src=\"http:\/\/oasisfm935.com\/site\/wp-content\/uploads\/2019\/03\/multimedia.normal.9c71800cdb1b69b2.37333132335f6e6f726d616c2e6a7067.jpg\" alt=\"\" width=\"1280\" height=\"720\" srcset=\"https:\/\/oasisfm935.com.ar\/site\/wp-content\/uploads\/2019\/03\/multimedia.normal.9c71800cdb1b69b2.37333132335f6e6f726d616c2e6a7067.jpg 1280w, https:\/\/oasisfm935.com.ar\/site\/wp-content\/uploads\/2019\/03\/multimedia.normal.9c71800cdb1b69b2.37333132335f6e6f726d616c2e6a7067-300x169.jpg 300w, https:\/\/oasisfm935.com.ar\/site\/wp-content\/uploads\/2019\/03\/multimedia.normal.9c71800cdb1b69b2.37333132335f6e6f726d616c2e6a7067-768x432.jpg 768w, https:\/\/oasisfm935.com.ar\/site\/wp-content\/uploads\/2019\/03\/multimedia.normal.9c71800cdb1b69b2.37333132335f6e6f726d616c2e6a7067-1024x576.jpg 1024w, https:\/\/oasisfm935.com.ar\/site\/wp-content\/uploads\/2019\/03\/multimedia.normal.9c71800cdb1b69b2.37333132335f6e6f726d616c2e6a7067-678x381.jpg 678w\" sizes=\"auto, (max-width: 1280px) 100vw, 1280px\" \/><\/a><\/p>\n<p>Seg\u00fan fuentes judiciales, a pedido de la fiscal piquense, Ivana Hern\u00e1ndez, el sospechoso fue imputado provisoriamente por los delitos de: \u201c<strong>Privaci\u00f3n ileg\u00edtima de la libertad, agravada por amenazas y por mediar violencia; lesiones leves, agravadas por mediar violencia de g\u00e9nero<\/strong>\u00a0y por haber sido pareja; y amenazas\u201d.<\/p>\n<p>&nbsp;<\/p>\n<p>Si bien la fiscal requiri\u00f3 90 d\u00edas de prisi\u00f3n preventiva,\u00a0<strong>el juez de control Heber Pregno finalmente dict\u00f3 30 d\u00edas de detenci\u00f3n, plazo en el cual orden\u00f3 que se recoja el testimonio en de la damnificada en C\u00e1mara Gesell,<\/strong>\u00a0ya que es menor de edad, y que se realice una rueda de reconocimiento de objetos que fueron secuestrados por las autoridades.<\/p>\n<p>El defensor Mart\u00edn Herrero Galvagno pidi\u00f3 que\u00a0<strong>su cliente sea alojado en alguna comisar\u00eda del interior, ya que presuntamente recibi\u00f3 amenazas<\/strong>\u00a0durante su estad\u00eda en la Alcaid\u00eda de la UR II, agreg\u00f3 el portal piquense.<\/p>\n<p>Diario Textual<\/p>\n<div class=\"oasis-despues-del-contenido\" id=\"oasis-997868469\"><img loading=\"lazy\" decoding=\"async\" src=\"https:\/\/oasisfm935.com.ar\/site\/wp-content\/uploads\/2020\/08\/47806202-8741-49f2-a5c9-d2f930e5baa1.jpg\" alt=\"\"  srcset=\"https:\/\/oasisfm935.com.ar\/site\/wp-content\/uploads\/2020\/08\/47806202-8741-49f2-a5c9-d2f930e5baa1.jpg 1080w, https:\/\/oasisfm935.com.ar\/site\/wp-content\/uploads\/2020\/08\/47806202-8741-49f2-a5c9-d2f930e5baa1-300x300.jpg 300w, https:\/\/oasisfm935.com.ar\/site\/wp-content\/uploads\/2020\/08\/47806202-8741-49f2-a5c9-d2f930e5baa1-1024x1024.jpg 1024w, https:\/\/oasisfm935.com.ar\/site\/wp-content\/uploads\/2020\/08\/47806202-8741-49f2-a5c9-d2f930e5baa1-150x150.jpg 150w, https:\/\/oasisfm935.com.ar\/site\/wp-content\/uploads\/2020\/08\/47806202-8741-49f2-a5c9-d2f930e5baa1-768x768.jpg 768w\" sizes=\"(max-width: 1080px) 100vw, 1080px\" class=\"no-lazyload\" width=\"1080\" height=\"1080\"  style=\"display: inline-block;\" \/><\/div>","protected":false},"excerpt":{"rendered":"<p>El joven de 20 a\u00f1os,\u00a0acusado de secuestrar y atar a su ex pareja en Arata, neg\u00f3 este lunes los hechos por los<\/p>\n","protected":false},"author":4,"featured_media":980,"comment_status":"closed","ping_status":"open","sticky":false,"template":"","format":"standard","meta":{"colormag_page_layout":"default_layout","footnotes":""},"categories":[3],"tags":[],"class_list":["post-979","post","type-post","status-publish","format-standard","has-post-thumbnail","hentry","category-avisos"],"_links":{"self":[{"href":"https:\/\/oasisfm935.com.ar\/site\/wp-json\/wp\/v2\/posts\/979","targetHints":{"allow":["GET"]}}],"collection":[{"href":"https:\/\/oasisfm935.com.ar\/site\/wp-json\/wp\/v2\/posts"}],"about":[{"href":"https:\/\/oasisfm935.com.ar\/site\/wp-json\/wp\/v2\/types\/post"}],"author":[{"embeddable":true,"href":"https:\/\/oasisfm935.com.ar\/site\/wp-json\/wp\/v2\/users\/4"}],"replies":[{"embeddable":true,"href":"https:\/\/oasisfm935.com.ar\/site\/wp-json\/wp\/v2\/comments?post=979"}],"version-history":[{"count":1,"href":"https:\/\/oasisfm935.com.ar\/site\/wp-json\/wp\/v2\/posts\/979\/revisions"}],"predecessor-version":[{"id":982,"href":"https:\/\/oasisfm935.com.ar\/site\/wp-json\/wp\/v2\/posts\/979\/revisions\/982"}],"wp:featuredmedia":[{"embeddable":true,"href":"https:\/\/oasisfm935.com.ar\/site\/wp-json\/wp\/v2\/media\/980"}],"wp:attachment":[{"href":"https:\/\/oasisfm935.com.ar\/site\/wp-json\/wp\/v2\/media?parent=979"}],"wp:term":[{"taxonomy":"category","embeddable":true,"href":"https:\/\/oasisfm935.com.ar\/site\/wp-json\/wp\/v2\/categories?post=979"},{"taxonomy":"post_tag","embeddable":true,"href":"https:\/\/oasisfm935.com.ar\/site\/wp-json\/wp\/v2\/tags?post=979"}],"curies":[{"name":"wp","href":"https:\/\/api.w.org\/{rel}","templated":true}]}}