{"id":984,"date":"2019-03-12T11:53:36","date_gmt":"2019-03-12T14:53:36","guid":{"rendered":"http:\/\/oasisfm935.com\/site\/?p=984"},"modified":"2019-03-12T11:53:36","modified_gmt":"2019-03-12T14:53:36","slug":"lavagna-tinelli-quiere-hacer-un-aporte-para-el-pais","status":"publish","type":"post","link":"https:\/\/oasisfm935.com.ar\/site\/lavagna-tinelli-quiere-hacer-un-aporte-para-el-pais\/","title":{"rendered":"Lavagna: \u00abTinelli quiere hacer un aporte\u00bb para el pa\u00eds"},"content":{"rendered":"<p>El ex ministro de Econom\u00eda sostuvo que not\u00f3 al conductor televisivo \u00abm\u00e1s comprometido en ir hacia adelante\u00bb, en alusi\u00f3n a alguna candidatura pol\u00edtica.<\/p>\n<p>&nbsp;<\/p>\n<p>El ex ministro de econom\u00eda Roberto Lavagna, quien este lunes\u00a0comparti\u00f3 un almuerzo con Marcelo Tinelli, asegur\u00f3 que el conductor televisivo \u00abes un empresario exitoso que est\u00e1 en una etapa de su vida en la que quiere hacer un aporte\u00bb y agreg\u00f3 que lo not\u00f3 \u00abm\u00e1s comprometido en ir hacia adelante\u00bb.<\/p>\n<p>\u00abHace dos meses nos hab\u00edamos juntado y lo vi pensando en el tema pero esta vez lo not\u00e9 m\u00e1s comprometido\u00bb, dijo Lavagna sobre su charla de ayer con Tinelli.<\/p>\n<p>Asimismo, evit\u00f3 pronunciarse sobre si \u00e9l ser\u00e1 candidato presidencial con vistas a los comicios de octubre al indicar que antes que las candidaturas \u00abvienen las ideas\u00bb, aunque no descart\u00f3 una eventual postulaci\u00f3n en un espacio \u00ablejos de los extremos\u00bb que en su opini\u00f3n representan el kirchnerismo y el macrismo.<\/p>\n<p><a href=\"http:\/\/oasisfm935.com\/site\/wp-content\/uploads\/2019\/03\/1527602914631.jpg\"><img loading=\"lazy\" decoding=\"async\" class=\"alignnone size-full wp-image-986\" src=\"http:\/\/oasisfm935.com\/site\/wp-content\/uploads\/2019\/03\/1527602914631.jpg\" alt=\"\" width=\"1024\" height=\"576\" srcset=\"https:\/\/oasisfm935.com.ar\/site\/wp-content\/uploads\/2019\/03\/1527602914631.jpg 1024w, https:\/\/oasisfm935.com.ar\/site\/wp-content\/uploads\/2019\/03\/1527602914631-300x169.jpg 300w, https:\/\/oasisfm935.com.ar\/site\/wp-content\/uploads\/2019\/03\/1527602914631-768x432.jpg 768w, https:\/\/oasisfm935.com.ar\/site\/wp-content\/uploads\/2019\/03\/1527602914631-678x381.jpg 678w\" sizes=\"auto, (max-width: 1024px) 100vw, 1024px\" \/><\/a><\/p>\n<p>\u00abAc\u00e1 estamos tratando de hacer un servicio pero no, en absoluto, puedo hablar de una candidatura. Primero vienen las ideas y, que se entienda que esta grieta no nos conduce a ning\u00fan lado\u00bb, dijo esta ma\u00f1ana el ex funcionario a\u00a0<em>radio Metro<\/em>.<\/p>\n<p>Mientras tanto, Lavagna indic\u00f3 que est\u00e1 reuni\u00e9ndose \u00aby poniendo sobre la mesa ideas\u00bb para salir de esa polarizaci\u00f3n en la que los extremos \u00abtienen vocaci\u00f3n de absorberlo todo\u00bb y \u00abde permanencia\u00bb.<br \/>\n\u00abNo tienen la idea de alternancia, ni de buscar consensos en forma permanente\u00bb, dijo, y sintetiz\u00f3: \u00abTienen similitudes importantes\u00bb.<\/p>\n<p>A modo de balance de gesti\u00f3n, consider\u00f3 que \u00ablos \u00faltimos cuatro a\u00f1os del gobierno pasado fueron malos\u00bb pero los que van de la administraci\u00f3n actual \u00abprofundizaron la crisis\u00bb, pese a que hab\u00eda \u00abun contexto muy favorable\u00bb.<\/p>\n<p>\u00abLos \u00faltimos cuatro a\u00f1os del gobierno anterior fueron malos, eso deja alguna herencia, y los \u00faltimos cuatro a\u00f1os, en lugar de superar esa herencia, profundizaron la crisis con un contexto econ\u00f3mico que fue muy favorable\u00bb, dijo Lavagna.<\/p>\n<p>El ex ministro de Econom\u00eda se refiri\u00f3 tambi\u00e9n a la corrupci\u00f3n y advirti\u00f3 que \u00abse puede hacer campa\u00f1a con estos temas, pero no con nombre y apellido, porque para eso est\u00e1 la Justicia, y adem\u00e1s, las denuncias tienen que ser serias\u00bb.<\/p>\n<p>Asimismo, cuando le preguntaron sobre su postura respecto de la despenalizaci\u00f3n del aborto, respondi\u00f3 que no estaba de acuerdo \u00absalvo con algunas aclaraciones\u00bb, y diferenci\u00f3 los casos de \u00abviolaci\u00f3n o riesgo de salud de la madre\u00bb al tiempo que consider\u00f3 oportuno realizar una \u00abuna consulta popular\u00bb al respecto.<\/p>\n<div class=\"oasis-despues-del-contenido\" id=\"oasis-2563309762\"><img loading=\"lazy\" decoding=\"async\" src=\"https:\/\/oasisfm935.com.ar\/site\/wp-content\/uploads\/2020\/08\/47806202-8741-49f2-a5c9-d2f930e5baa1.jpg\" alt=\"\"  srcset=\"https:\/\/oasisfm935.com.ar\/site\/wp-content\/uploads\/2020\/08\/47806202-8741-49f2-a5c9-d2f930e5baa1.jpg 1080w, https:\/\/oasisfm935.com.ar\/site\/wp-content\/uploads\/2020\/08\/47806202-8741-49f2-a5c9-d2f930e5baa1-300x300.jpg 300w, https:\/\/oasisfm935.com.ar\/site\/wp-content\/uploads\/2020\/08\/47806202-8741-49f2-a5c9-d2f930e5baa1-1024x1024.jpg 1024w, https:\/\/oasisfm935.com.ar\/site\/wp-content\/uploads\/2020\/08\/47806202-8741-49f2-a5c9-d2f930e5baa1-150x150.jpg 150w, https:\/\/oasisfm935.com.ar\/site\/wp-content\/uploads\/2020\/08\/47806202-8741-49f2-a5c9-d2f930e5baa1-768x768.jpg 768w\" sizes=\"(max-width: 1080px) 100vw, 1080px\" class=\"no-lazyload\" width=\"1080\" height=\"1080\"  style=\"display: inline-block;\" \/><\/div>","protected":false},"excerpt":{"rendered":"<p>El ex ministro de Econom\u00eda sostuvo que not\u00f3 al conductor televisivo \u00abm\u00e1s comprometido en ir hacia adelante\u00bb, en alusi\u00f3n a alguna candidatura<\/p>\n","protected":false},"author":4,"featured_media":985,"comment_status":"closed","ping_status":"open","sticky":false,"template":"","format":"standard","meta":{"colormag_page_layout":"default_layout","footnotes":""},"categories":[3],"tags":[],"class_list":["post-984","post","type-post","status-publish","format-standard","has-post-thumbnail","hentry","category-avisos"],"_links":{"self":[{"href":"https:\/\/oasisfm935.com.ar\/site\/wp-json\/wp\/v2\/posts\/984","targetHints":{"allow":["GET"]}}],"collection":[{"href":"https:\/\/oasisfm935.com.ar\/site\/wp-json\/wp\/v2\/posts"}],"about":[{"href":"https:\/\/oasisfm935.com.ar\/site\/wp-json\/wp\/v2\/types\/post"}],"author":[{"embeddable":true,"href":"https:\/\/oasisfm935.com.ar\/site\/wp-json\/wp\/v2\/users\/4"}],"replies":[{"embeddable":true,"href":"https:\/\/oasisfm935.com.ar\/site\/wp-json\/wp\/v2\/comments?post=984"}],"version-history":[{"count":1,"href":"https:\/\/oasisfm935.com.ar\/site\/wp-json\/wp\/v2\/posts\/984\/revisions"}],"predecessor-version":[{"id":987,"href":"https:\/\/oasisfm935.com.ar\/site\/wp-json\/wp\/v2\/posts\/984\/revisions\/987"}],"wp:featuredmedia":[{"embeddable":true,"href":"https:\/\/oasisfm935.com.ar\/site\/wp-json\/wp\/v2\/media\/985"}],"wp:attachment":[{"href":"https:\/\/oasisfm935.com.ar\/site\/wp-json\/wp\/v2\/media?parent=984"}],"wp:term":[{"taxonomy":"category","embeddable":true,"href":"https:\/\/oasisfm935.com.ar\/site\/wp-json\/wp\/v2\/categories?post=984"},{"taxonomy":"post_tag","embeddable":true,"href":"https:\/\/oasisfm935.com.ar\/site\/wp-json\/wp\/v2\/tags?post=984"}],"curies":[{"name":"wp","href":"https:\/\/api.w.org\/{rel}","templated":true}]}}