{"id":989,"date":"2019-03-12T14:45:32","date_gmt":"2019-03-12T17:45:32","guid":{"rendered":"http:\/\/oasisfm935.com\/site\/?p=989"},"modified":"2019-03-12T14:45:32","modified_gmt":"2019-03-12T17:45:32","slug":"nuevo-parte-medico-de-sergio-denis-su-estado-clinico-empeoro","status":"publish","type":"post","link":"https:\/\/oasisfm935.com.ar\/site\/nuevo-parte-medico-de-sergio-denis-su-estado-clinico-empeoro\/","title":{"rendered":"Nuevo parte m\u00e9dico de Sergio Denis: \u00abSu estado cl\u00ednico empeor\u00f3\u00bb"},"content":{"rendered":"<p>Olga Fern\u00e1ndez, directora del Hospital \u00c1ngel C. Padilla de San Miguel de Tucum\u00e1n, se refiri\u00f3 a la evoluci\u00f3n del cantante que ingres\u00f3 el lunes por la noche tras haberse ca\u00eddo del escenario a una fosa de tres metros<\/p>\n<p>&nbsp;<\/p>\n<div class=\"row pb-content-type-text\">\n<div class=\"col-xs-12 col-print-12\">\n<p class=\"element element-paragraph\">Este martes al mediod\u00eda el Hospital \u00c1ngel C. Padilla de Tucum\u00e1n brind\u00f3 un nuevo parte m\u00e9dico sobre la salud de\u00a0<strong>Sergio Denis<\/strong>, que ingres\u00f3 el lunes por la noche tras haberse ca\u00eddo del escenario a una fosa de casi tres metros durante un show.<\/p>\n<\/div>\n<\/div>\n<div class=\"row pb-content-type-text\">\n<div class=\"col-xs-12 col-print-12\">\n<p class=\"element element-paragraph\">Seg\u00fan indic\u00f3 la directora del instituto, Olga Fern\u00e1ndez, el cantante\u00a0<strong>\u00abmantiene su cuadro grave y con pron\u00f3stico reservado\u00bb<\/strong>. Adem\u00e1s, asegur\u00f3 que si bien mejor\u00f3 el traumatismo, no se puede hablar de una mejor\u00eda hasta dentro de las pr\u00f3ximas 48 horas.<\/p>\n<\/div>\n<\/div>\n<div id=\"hybs-mslot-8c2bd43e-5\" class=\"hybs-mslot\"><\/div>\n<div class=\"row pb-content-type-text\">\n<div class=\"col-xs-12 col-print-12\">\n<p class=\"element element-paragraph\">Por su parte, destac\u00f3 que\u00a0<strong>\u00absu estado cl\u00ednico general empeor\u00f3 y se mantiene muy cr\u00edtico\u00bb<\/strong>. \u00abMejor\u00f3 algo el\u00a0traumatismo encefalocraneano pero no podemos hablar de mejor\u00eda en estos momentos. Tenemos 48 horas, por lo menos, para poder hablar de una mejor\u00eda\u00bb, explic\u00f3.<\/p>\n<\/div>\n<\/div>\n<div class=\"row pb-content-type-text\">\n<div class=\"col-xs-12 col-print-12\">\n<p class=\"element element-paragraph\"><strong>El parte m\u00e9dico oficial<\/strong><\/p>\n<\/div>\n<\/div>\n<div class=\"row pb-content-type-text\">\n<div id=\"\" class=\"wrapper clearfix pb-feature pb-layout-item pb-f-ads-dfp\">\n<div id=\"inline\" class=\"ad-slot\">\n<div id=\"inline_ad\" data-google-query-id=\"CMaHlvqS_eACFVcLNwodnr0PrQ\">\n<div id=\"google_ads_iframe_\/1058609\/infobae\/teleshow\/infoshow\/nota\/inline_0__container__\"><\/div>\n<\/div>\n<\/div>\n<\/div>\n<div class=\"col-xs-12 col-print-12\">\n<p class=\"element element-paragraph\">Mantiene su cuadro grave y con pron\u00f3stico reservado. Contin\u00faa con asistencia respiratoria mec\u00e1nica bajo sedaci\u00f3n y analg\u00e9sico con monitoreo multimodal y con sost\u00e9n hemodin\u00e1mico farmacol\u00f3gico.<\/p>\n<\/div>\n<\/div>\n<div class=\"row pb-content-type-text\">\n<div class=\"col-xs-12 col-print-12\">\n<p class=\"element element-paragraph\">Durante la ma\u00f1ana se le realizaron diversos estudios en la terapia intensiva entre los cuales se encuentran eco doppler transcraneal y ecograf\u00edas m\u00faltiples.<\/p>\n<\/div>\n<\/div>\n<div class=\"row pb-content-type-text\">\n<div class=\"col-xs-12 col-print-12\">\n<p class=\"element element-paragraph\">Se inform\u00f3 el estado de situaci\u00f3n actual del paciente a sus familiares directos. Cabe destacar que este hospital cuenta con recursos humanos, tecnolog\u00eda, medicaci\u00f3n e insumos necesarios para su correcta asistencia.<\/p>\n<\/div>\n<\/div>\n<div class=\"row pb-content-type-text\">\n<div class=\"col-xs-12 col-print-12\">\n<p class=\"element element-paragraph\">El pr\u00f3ximo parte m\u00e9dico ser\u00e1 emitido en funci\u00f3n de la evoluci\u00f3n del paciente.<\/p>\n<div class=\"row pb-content-type-text\">\n<div class=\"col-xs-12 col-print-12\">\n<p class=\"element element-paragraph\"><strong>Sergio Denis<\/strong>\u00a0permanece internado desde el lunes por la noche despu\u00e9s de haberse ca\u00eddo durante un show privado que daba en Tucum\u00e1n. El cantante se cay\u00f3 desde el escenario a una fosa de casi tres metros cuando interpretaba\u00a0<strong>\u00abTe llamo para despedirme\u00bb<\/strong><em>\u00a0<\/em>en el Teatro Mercedes Sosa.<\/p>\n<\/div>\n<\/div>\n<div class=\"row pb-content-type-text\">\n<div class=\"col-xs-12 col-print-12\">\n<p class=\"element element-paragraph\">El artista de 69 a\u00f1os fue trasladado de urgencia en ambulancia al Hospital P\u00fablico \u00c1ngel C. Padilla, donde permanece internado en grave estado.\u00a0La directora del Hospital, Olga Fern\u00e1ndez, explic\u00f3 que el cantante presenta \u00abhematomas cerebrales, m\u00faltiples contusiones, una hemorragia, un importante edema cerebral, una fractura del hueso temporal en la cabeza y una fractura al nivel de la clav\u00edcula y el om\u00f3plato\u00bb.<\/p>\n<\/div>\n<\/div>\n<div class=\"row pb-content-type-text\">\n<div class=\"col-xs-12 col-print-12\">\n<p class=\"element element-paragraph\">Seg\u00fan pudo saber\u00a0<strong>Infobae<\/strong>, a las 22:30 ingres\u00f3 al quir\u00f3fano. \u00abPero no pudieron avanzar\u00bb, aclar\u00f3 su hermana, y agreg\u00f3 que el m\u00fasico \u00abest\u00e1 anticoagulado desde que le pas\u00f3 lo de Paraguay\u00bb.\u00a0<a href=\"https:\/\/www.infobae.com\/teleshow\/infoshow\/2019\/03\/12\/el-dia-que-sergio-denis-enfrento-a-la-muerte-cara-a-cara\/\">En aquel entonces, el cantante sufri\u00f3 un paro card\u00edaco y estuvo durante 17 minutos sin signos vitales.<\/a><\/p>\n<\/div>\n<\/div>\n<div class=\"row pb-content-type-text\">\n<div class=\"col-xs-12 col-print-12\">\n<p class=\"element element-paragraph\">Su hermana Nora viaja desde su ciudad natal, Coronel Su\u00e1rez (sur de la provincia de Buenos Aires-, hacia Tucum\u00e1n, mientras que su otro hermano Carlos ya est\u00e1 en la provincia junto a su familia.\u00a0<strong>\u00abAhora est\u00e1 m\u00e1s en las manos de Dios que de los m\u00e9dicos\u00bb<\/strong>, dijo la mujer este martes por la ma\u00f1ana.<\/p>\n<\/div>\n<\/div>\n<\/div>\n<\/div>\n<div class=\"oasis-despues-del-contenido\" id=\"oasis-1528129773\"><img loading=\"lazy\" decoding=\"async\" src=\"https:\/\/oasisfm935.com.ar\/site\/wp-content\/uploads\/2020\/08\/47806202-8741-49f2-a5c9-d2f930e5baa1.jpg\" alt=\"\"  srcset=\"https:\/\/oasisfm935.com.ar\/site\/wp-content\/uploads\/2020\/08\/47806202-8741-49f2-a5c9-d2f930e5baa1.jpg 1080w, https:\/\/oasisfm935.com.ar\/site\/wp-content\/uploads\/2020\/08\/47806202-8741-49f2-a5c9-d2f930e5baa1-300x300.jpg 300w, https:\/\/oasisfm935.com.ar\/site\/wp-content\/uploads\/2020\/08\/47806202-8741-49f2-a5c9-d2f930e5baa1-1024x1024.jpg 1024w, https:\/\/oasisfm935.com.ar\/site\/wp-content\/uploads\/2020\/08\/47806202-8741-49f2-a5c9-d2f930e5baa1-150x150.jpg 150w, https:\/\/oasisfm935.com.ar\/site\/wp-content\/uploads\/2020\/08\/47806202-8741-49f2-a5c9-d2f930e5baa1-768x768.jpg 768w\" sizes=\"(max-width: 1080px) 100vw, 1080px\" class=\"no-lazyload\" width=\"1080\" height=\"1080\"  style=\"display: inline-block;\" \/><\/div>","protected":false},"excerpt":{"rendered":"<p>Olga Fern\u00e1ndez, directora del Hospital \u00c1ngel C. Padilla de San Miguel de Tucum\u00e1n, se refiri\u00f3 a la evoluci\u00f3n del cantante que ingres\u00f3<\/p>\n","protected":false},"author":4,"featured_media":990,"comment_status":"closed","ping_status":"open","sticky":false,"template":"","format":"standard","meta":{"colormag_page_layout":"default_layout","footnotes":""},"categories":[3],"tags":[],"class_list":["post-989","post","type-post","status-publish","format-standard","has-post-thumbnail","hentry","category-avisos"],"_links":{"self":[{"href":"https:\/\/oasisfm935.com.ar\/site\/wp-json\/wp\/v2\/posts\/989","targetHints":{"allow":["GET"]}}],"collection":[{"href":"https:\/\/oasisfm935.com.ar\/site\/wp-json\/wp\/v2\/posts"}],"about":[{"href":"https:\/\/oasisfm935.com.ar\/site\/wp-json\/wp\/v2\/types\/post"}],"author":[{"embeddable":true,"href":"https:\/\/oasisfm935.com.ar\/site\/wp-json\/wp\/v2\/users\/4"}],"replies":[{"embeddable":true,"href":"https:\/\/oasisfm935.com.ar\/site\/wp-json\/wp\/v2\/comments?post=989"}],"version-history":[{"count":1,"href":"https:\/\/oasisfm935.com.ar\/site\/wp-json\/wp\/v2\/posts\/989\/revisions"}],"predecessor-version":[{"id":991,"href":"https:\/\/oasisfm935.com.ar\/site\/wp-json\/wp\/v2\/posts\/989\/revisions\/991"}],"wp:featuredmedia":[{"embeddable":true,"href":"https:\/\/oasisfm935.com.ar\/site\/wp-json\/wp\/v2\/media\/990"}],"wp:attachment":[{"href":"https:\/\/oasisfm935.com.ar\/site\/wp-json\/wp\/v2\/media?parent=989"}],"wp:term":[{"taxonomy":"category","embeddable":true,"href":"https:\/\/oasisfm935.com.ar\/site\/wp-json\/wp\/v2\/categories?post=989"},{"taxonomy":"post_tag","embeddable":true,"href":"https:\/\/oasisfm935.com.ar\/site\/wp-json\/wp\/v2\/tags?post=989"}],"curies":[{"name":"wp","href":"https:\/\/api.w.org\/{rel}","templated":true}]}}