{"id":9893,"date":"2021-06-21T19:19:13","date_gmt":"2021-06-21T22:19:13","guid":{"rendered":"http:\/\/oasisfm935.com\/site\/?p=9893"},"modified":"2021-06-21T19:19:13","modified_gmt":"2021-06-21T22:19:13","slug":"ingeniero-luiggi-trabajo-en-equipo-clave-para-superar-la-situacion-epidemiologica-local","status":"publish","type":"post","link":"https:\/\/oasisfm935.com.ar\/site\/ingeniero-luiggi-trabajo-en-equipo-clave-para-superar-la-situacion-epidemiologica-local\/","title":{"rendered":"Ingeniero Luiggi: trabajo en equipo, clave para superar la situaci\u00f3n epidemiol\u00f3gica local"},"content":{"rendered":"<p>Santiago Arisi, doctor del Hospital Justo G. Ferrari, de Ingeniero Luiggi, en dialogo con la Agencia Provincial de Noticias (APN) brind\u00f3 detalles de la situaci\u00f3n l\u00edmite que se registr\u00f3 en la localidad por el aumento en los casos positivos de COVID, lo que llev\u00f3 a una reestructura de funcionalidad en el Centro de Salud para lograr dar respuestas a todas las personas.<\/p>\n<p>\u201cDesde octubre del\u00a0 2020 a principios de abril tuvimos casi 200 personas positivas, y desde el pasado abril a unas semanas atr\u00e1s tuvimos m\u00e1s de 500 personas, que hacen un total desde el inicio de la pandemia, de 717 casos en la localidad. Dentro de este per\u00edodo\u00a0 tuvimos 50 pacientes internados, de los cuales 45 fueron en estos dos meses. Eran d\u00edas laborales de 12 horas, sin descansos.<\/p>\n<p>El grueso fue en dos meses y realmente pudimos comprobar que en esta\u00a0 segunda ola, las variantes y la situaci\u00f3n epidemiol\u00f3gica fue mucho mas complicada. El manejo de los internados fue\u00a0 m\u00e1s complejo y nos demand\u00f3 de un aprendizaje r\u00e1pido\u201d, indic\u00f3 Arisi.<\/p>\n<p>El trabajo en aumento para el personal de Salud fue repentino, \u201cllegamos a tener 144 casos activos en un d\u00eda, posterior a Semana Santa, entre los meses de abril y mayo comenz\u00f3 a descender, y hoy en d\u00eda estamos en un n\u00famero de activos bajo, que necesitamos sostener \u201d, continu\u00f3 el profesional.<\/p>\n<p>\u201cGracias a la labor que se desarrolla desde el Ministerio a trav\u00e9s de las diferentes Direcciones y Coordinaciones,\u00a0 \u00a0en lugares donde los contagios suelen ser muchos, se dispuso\u00a0 un trabajo articulado y de r\u00e1pida respuesta. Se reestructur\u00f3 el equipo y se delegaron responsabilidades para evitar que todos hagan todo, sobre todo el personal de enfermer\u00eda y m\u00e9dico, quienes suelen ser m\u00e1s abarcativos en las tareas, y se dispuso personal para los llamados telef\u00f3nicos, el llenado de planillas\u201d, prosigui\u00f3 el profesional.<\/p>\n<p><a href=\"http:\/\/oasisfm935.com\/site\/wp-content\/uploads\/2021\/06\/107142_img-20210621-wa0007.jpg\"><img loading=\"lazy\" decoding=\"async\" class=\"alignnone size-full wp-image-9895\" src=\"http:\/\/oasisfm935.com\/site\/wp-content\/uploads\/2021\/06\/107142_img-20210621-wa0007.jpg\" alt=\"\" width=\"1280\" height=\"720\" srcset=\"https:\/\/oasisfm935.com.ar\/site\/wp-content\/uploads\/2021\/06\/107142_img-20210621-wa0007.jpg 1280w, https:\/\/oasisfm935.com.ar\/site\/wp-content\/uploads\/2021\/06\/107142_img-20210621-wa0007-300x169.jpg 300w, https:\/\/oasisfm935.com.ar\/site\/wp-content\/uploads\/2021\/06\/107142_img-20210621-wa0007-1024x576.jpg 1024w, https:\/\/oasisfm935.com.ar\/site\/wp-content\/uploads\/2021\/06\/107142_img-20210621-wa0007-768x432.jpg 768w\" sizes=\"auto, (max-width: 1280px) 100vw, 1280px\" \/><\/a><\/p>\n<p>Arisi hizo hincapi\u00e9 en el profesional desenvolvimiento de todo el equipo: \u201cPersonal de la Zona Sanitaria y del mismo CODES ayud\u00f3 much\u00edsimo y todos realizaron una excelente participaci\u00f3n sin ning\u00fan resquemor en los horarios ni en descansos durante muchos d\u00edas. La pediatra Paloma De la Prida estuvo a cargo del equipo de llamados a pacientes positivos en aislamiento, que durante estos dos meses fueron aproximadamente 500 personas a las que se monitoreaba telef\u00f3nicamente. Personalmente me desenvolv\u00ed con un equipo de trabajo en internaci\u00f3n donde tambi\u00e9n nos demand\u00f3 un arduo trabajo\u201d, manifest\u00f3.<\/p>\n<p>El profesional de la salud destac\u00f3 a la primera l\u00ednea en la defensa del virus, la enfermer\u00eda, \u201ccomo siempre, y defendiendo su lugar de pilar fundamental en la salud p\u00fablica, hicieron tantas tareas que llagado un momento se comenzaron a saturar por m\u00e1s voluntad que ten\u00edan. A la par de todas estas tareas nunca se dej\u00f3 de vacunar con primeras y segundas dosis\u201d.<\/p>\n<p>Hoy por hoy el Hospital se encuentra en normal funcionamiento, \u201cEsta semana comenzaron a funcionar los consultorios y qued\u00f3 todo estructurado para poder continuar con las recetas, que es algo que a los m\u00e9dicos nos lleva mucho tiempo, y estamos organizados para continuar trabajando dentro de una normalidad\u201d, inform\u00f3. As\u00ed mismo record\u00f3 \u00abes fundamental que sigamos cuid\u00e1ndonos, la pandemia no termin\u00f3, y mientras avanzamos con la estrategia de vacunaci\u00f3n, las medidas de prevenci\u00f3n contin\u00faan siendo primordiales\u00a0 para evitar los contagios\u00bb<\/p>\n<p>Para concluir, agradeci\u00f3 la colaboraci\u00f3n\u00a0 de todo el Sistema de Salud P\u00fablica por la ayuda brindada: \u201cDesde el Ministerio, el Hospital de General de Pico, nos brindaron mucha contenci\u00f3n, y si bien fue una situaci\u00f3n compleja, pudimos adquirir conocimientos y destrezas que no tuvimos previstas. El funcionamiento como equipo ante esta situaci\u00f3n l\u00edmite nos permiti\u00f3 sobreponernos a las diferentes adversidades\u201d, finaliz\u00f3<\/p>\n<div class=\"oasis-despues-del-contenido\" id=\"oasis-1181992531\"><img loading=\"lazy\" decoding=\"async\" src=\"https:\/\/oasisfm935.com.ar\/site\/wp-content\/uploads\/2020\/08\/47806202-8741-49f2-a5c9-d2f930e5baa1.jpg\" alt=\"\"  srcset=\"https:\/\/oasisfm935.com.ar\/site\/wp-content\/uploads\/2020\/08\/47806202-8741-49f2-a5c9-d2f930e5baa1.jpg 1080w, https:\/\/oasisfm935.com.ar\/site\/wp-content\/uploads\/2020\/08\/47806202-8741-49f2-a5c9-d2f930e5baa1-300x300.jpg 300w, https:\/\/oasisfm935.com.ar\/site\/wp-content\/uploads\/2020\/08\/47806202-8741-49f2-a5c9-d2f930e5baa1-1024x1024.jpg 1024w, https:\/\/oasisfm935.com.ar\/site\/wp-content\/uploads\/2020\/08\/47806202-8741-49f2-a5c9-d2f930e5baa1-150x150.jpg 150w, https:\/\/oasisfm935.com.ar\/site\/wp-content\/uploads\/2020\/08\/47806202-8741-49f2-a5c9-d2f930e5baa1-768x768.jpg 768w\" sizes=\"(max-width: 1080px) 100vw, 1080px\" class=\"no-lazyload\" width=\"1080\" height=\"1080\"  style=\"display: inline-block;\" \/><\/div>","protected":false},"excerpt":{"rendered":"<p>Santiago Arisi, doctor del Hospital Justo G. Ferrari, de Ingeniero Luiggi, en dialogo con la Agencia Provincial de Noticias (APN) brind\u00f3 detalles<\/p>\n","protected":false},"author":4,"featured_media":9894,"comment_status":"closed","ping_status":"open","sticky":false,"template":"","format":"standard","meta":{"colormag_page_layout":"default_layout","footnotes":""},"categories":[2],"tags":[],"class_list":["post-9893","post","type-post","status-publish","format-standard","has-post-thumbnail","hentry","category-noticias"],"_links":{"self":[{"href":"https:\/\/oasisfm935.com.ar\/site\/wp-json\/wp\/v2\/posts\/9893","targetHints":{"allow":["GET"]}}],"collection":[{"href":"https:\/\/oasisfm935.com.ar\/site\/wp-json\/wp\/v2\/posts"}],"about":[{"href":"https:\/\/oasisfm935.com.ar\/site\/wp-json\/wp\/v2\/types\/post"}],"author":[{"embeddable":true,"href":"https:\/\/oasisfm935.com.ar\/site\/wp-json\/wp\/v2\/users\/4"}],"replies":[{"embeddable":true,"href":"https:\/\/oasisfm935.com.ar\/site\/wp-json\/wp\/v2\/comments?post=9893"}],"version-history":[{"count":1,"href":"https:\/\/oasisfm935.com.ar\/site\/wp-json\/wp\/v2\/posts\/9893\/revisions"}],"predecessor-version":[{"id":9896,"href":"https:\/\/oasisfm935.com.ar\/site\/wp-json\/wp\/v2\/posts\/9893\/revisions\/9896"}],"wp:featuredmedia":[{"embeddable":true,"href":"https:\/\/oasisfm935.com.ar\/site\/wp-json\/wp\/v2\/media\/9894"}],"wp:attachment":[{"href":"https:\/\/oasisfm935.com.ar\/site\/wp-json\/wp\/v2\/media?parent=9893"}],"wp:term":[{"taxonomy":"category","embeddable":true,"href":"https:\/\/oasisfm935.com.ar\/site\/wp-json\/wp\/v2\/categories?post=9893"},{"taxonomy":"post_tag","embeddable":true,"href":"https:\/\/oasisfm935.com.ar\/site\/wp-json\/wp\/v2\/tags?post=9893"}],"curies":[{"name":"wp","href":"https:\/\/api.w.org\/{rel}","templated":true}]}}