{"id":9900,"date":"2021-06-22T13:33:40","date_gmt":"2021-06-22T16:33:40","guid":{"rendered":"http:\/\/oasisfm935.com\/site\/?p=9900"},"modified":"2021-06-22T13:43:14","modified_gmt":"2021-06-22T16:43:14","slug":"ingeniero-luiggi-jura-como-concejala-titular-la-sra-patricia-edith-sierra","status":"publish","type":"post","link":"https:\/\/oasisfm935.com.ar\/site\/ingeniero-luiggi-jura-como-concejala-titular-la-sra-patricia-edith-sierra\/","title":{"rendered":"Ingeniero Luiggi: Patricia Sierra asumi\u00f3 como concejala titular."},"content":{"rendered":"<p>El d\u00eda martes 15 de Junio se llev\u00f3 a cabo una nueva Sesi\u00f3n Ordinaria.<\/p>\n<p><strong>En la \u00faltima sesi\u00f3n del Concejo Deliberante, prest\u00f3 juramento como concejala titular Patricia Edith Sierra en el lugar de la edila Cristina Luj\u00e1n Salvadori (UCR), que renunci\u00f3 a su cargo.<\/strong><\/p>\n<p>\u2022 INGRESO DE NOTAS:<\/p>\n<p>1) Proyecto de Resoluci\u00f3n bloque Ucr solicitando rechazar el cierre de las exportaciones de carne, dispuesto por el Gobierno Nacional. Dado que esta medida tenia fecha cierta de caducidad el pasado 20\/06, se pasa a comisi\u00f3n a la espera de nuevos anuncios.<\/p>\n<p>2) Nota Morel Ricardo Eduardo, Morel Celestino Guillermo y Morel Juan Carlos solicitando terreno en zona industrial para instalaci\u00f3n de un desarmadero. Se env\u00eda nota informando que, por el momento, no hay terrenos disponibles.<\/p>\n<p>3) Nota Blengini Marina Ruth, solicitando planos de los terrenos del barrio ubicado entre calles Pasaje R. Salto, 9 de Julio, 25 de mayo y Bartolom\u00e9 Mitre, ya que su vivienda y la de sus vecinos pertenecen al I.P.A.V. Se env\u00eda nota solicitando se acerquen a la Direcci\u00f3n de Infraestructura, Obras Municipales y Particulares, como as\u00ed tambi\u00e9n a COPEOSPIL Ltda. y a Camuzzi, ya que las mencionadas entidades cuentan con los planos correspondientes a cada servicio, en el caso de necesitar realizar futuras ampliaciones.<\/p>\n<p>4) Nota Palavecino Alejandro solicitando rectificaci\u00f3n de Ordenanzas donde se consigna de manera err\u00f3nea n\u00famero de partida y radio. Se aprueba por unanimidad proceder a la rectificaci\u00f3n solicitada de las Ordenanzas.<\/p>\n<p>5) Ejecutivo solicitando se revea valores de compra directa. Aprobada por unanimidad la actualizaci\u00f3n de los valores de Compra Directa.<\/p>\n<p>\u00b7 <strong>TEMAS DE COMISI\u00d3N<\/strong><\/p>\n<p><strong>1) Tarifaria. Se aprueba por 7 votos positivos \u2013 1 voto negativo, la Ordenanza Tarifaria para el periodo 2021.<\/strong><\/p>\n<p><strong>2) Ejecutivo solicitando tratamiento a documentaci\u00f3n remitida por la empresa AMX Argentina S.A para renovaci\u00f3n de contrato. Se env\u00eda nota al Sec. De Hacienda, Producci\u00f3n y RR. HH con las cl\u00e1usulas que los Concejales por unanimidad, consideran que deben incluirse en el contrato de locaci\u00f3n.<\/strong><\/p>\n<div class=\"oasis-despues-del-contenido\" id=\"oasis-2995072859\"><img loading=\"lazy\" decoding=\"async\" src=\"https:\/\/oasisfm935.com.ar\/site\/wp-content\/uploads\/2020\/08\/47806202-8741-49f2-a5c9-d2f930e5baa1.jpg\" alt=\"\"  srcset=\"https:\/\/oasisfm935.com.ar\/site\/wp-content\/uploads\/2020\/08\/47806202-8741-49f2-a5c9-d2f930e5baa1.jpg 1080w, https:\/\/oasisfm935.com.ar\/site\/wp-content\/uploads\/2020\/08\/47806202-8741-49f2-a5c9-d2f930e5baa1-300x300.jpg 300w, https:\/\/oasisfm935.com.ar\/site\/wp-content\/uploads\/2020\/08\/47806202-8741-49f2-a5c9-d2f930e5baa1-1024x1024.jpg 1024w, https:\/\/oasisfm935.com.ar\/site\/wp-content\/uploads\/2020\/08\/47806202-8741-49f2-a5c9-d2f930e5baa1-150x150.jpg 150w, https:\/\/oasisfm935.com.ar\/site\/wp-content\/uploads\/2020\/08\/47806202-8741-49f2-a5c9-d2f930e5baa1-768x768.jpg 768w\" sizes=\"(max-width: 1080px) 100vw, 1080px\" class=\"no-lazyload\" width=\"1080\" height=\"1080\"  style=\"display: inline-block;\" \/><\/div>","protected":false},"excerpt":{"rendered":"<p>El d\u00eda martes 15 de Junio se llev\u00f3 a cabo una nueva Sesi\u00f3n Ordinaria. En la \u00faltima sesi\u00f3n del Concejo Deliberante, prest\u00f3<\/p>\n","protected":false},"author":4,"featured_media":9906,"comment_status":"closed","ping_status":"open","sticky":false,"template":"","format":"standard","meta":{"colormag_page_layout":"default_layout","footnotes":""},"categories":[2],"tags":[],"class_list":["post-9900","post","type-post","status-publish","format-standard","has-post-thumbnail","hentry","category-noticias"],"_links":{"self":[{"href":"https:\/\/oasisfm935.com.ar\/site\/wp-json\/wp\/v2\/posts\/9900","targetHints":{"allow":["GET"]}}],"collection":[{"href":"https:\/\/oasisfm935.com.ar\/site\/wp-json\/wp\/v2\/posts"}],"about":[{"href":"https:\/\/oasisfm935.com.ar\/site\/wp-json\/wp\/v2\/types\/post"}],"author":[{"embeddable":true,"href":"https:\/\/oasisfm935.com.ar\/site\/wp-json\/wp\/v2\/users\/4"}],"replies":[{"embeddable":true,"href":"https:\/\/oasisfm935.com.ar\/site\/wp-json\/wp\/v2\/comments?post=9900"}],"version-history":[{"count":4,"href":"https:\/\/oasisfm935.com.ar\/site\/wp-json\/wp\/v2\/posts\/9900\/revisions"}],"predecessor-version":[{"id":9905,"href":"https:\/\/oasisfm935.com.ar\/site\/wp-json\/wp\/v2\/posts\/9900\/revisions\/9905"}],"wp:featuredmedia":[{"embeddable":true,"href":"https:\/\/oasisfm935.com.ar\/site\/wp-json\/wp\/v2\/media\/9906"}],"wp:attachment":[{"href":"https:\/\/oasisfm935.com.ar\/site\/wp-json\/wp\/v2\/media?parent=9900"}],"wp:term":[{"taxonomy":"category","embeddable":true,"href":"https:\/\/oasisfm935.com.ar\/site\/wp-json\/wp\/v2\/categories?post=9900"},{"taxonomy":"post_tag","embeddable":true,"href":"https:\/\/oasisfm935.com.ar\/site\/wp-json\/wp\/v2\/tags?post=9900"}],"curies":[{"name":"wp","href":"https:\/\/api.w.org\/{rel}","templated":true}]}}