{"id":992,"date":"2019-03-12T14:53:55","date_gmt":"2019-03-12T17:53:55","guid":{"rendered":"http:\/\/oasisfm935.com\/site\/?p=992"},"modified":"2019-03-12T14:53:55","modified_gmt":"2019-03-12T17:53:55","slug":"la-pampa-denuncia-que-garavano-no-quiso-firmar-una-acta-por-la-deuda-de-nacion-con-la-provincia","status":"publish","type":"post","link":"https:\/\/oasisfm935.com.ar\/site\/la-pampa-denuncia-que-garavano-no-quiso-firmar-una-acta-por-la-deuda-de-nacion-con-la-provincia\/","title":{"rendered":"LA PAMPA DENUNCIA QUE GARAVANO NO QUISO FIRMAR UNA ACTA POR LA DEUDA DE NACI\u00d3N CON LA PROVINCIA"},"content":{"rendered":"<p>Concluy\u00f3 abruptamente la tercera reuni\u00f3n al negarse el ministro de Justicia y Derechos Humanos de la Naci\u00f3n, Germ\u00e1n Garavano, a firmar un acta en la cual se reflejaba la coincidencia sobre el valor hist\u00f3rico de la deuda y el rechazo al cobro en obras p\u00fablicas.<\/p>\n<p>&nbsp;<\/p>\n<p>La tercera reuni\u00f3n de funcionarios provinciales con el ministro de Justicia y Derechos Humanos de la Naci\u00f3n, Germ\u00e1n Garavano, y funcionarios de su Ministerio y de la AFIP, en el marco de lo establecido por la Corte Suprema de Justicia de la Naci\u00f3n, por el juicio ganado por La Pampa por la retenci\u00f3n indebida del 1.9%, y que el m\u00e1ximo tribunal, en el fallo del 6 de noviembre del a\u00f1o pasado, estableci\u00f3 un marco de negociaci\u00f3n de 120 d\u00edas a partir del fallo, concluy\u00f3 abruptamente, al negarse el ministro a firmar un acta de la reuni\u00f3n en la cual se reflejaba la coincidencia sobre el valor hist\u00f3rico de la deuda y el rechazo al cobro en obras p\u00fablicas.<\/p>\n<p>La negativa estuvo centrada en no reconocer en el escrito la aplicaci\u00f3n de Inter\u00e9s Simple y la tasa pasiva promedio del Banco Central de la Rep\u00fablica Argentina y la metodolog\u00eda de c\u00e1lculo establecida por la Circular B 14.290, que ya han sido resueltos por el m\u00e1ximo organismo de Justicia nacional en otro fallo similar del 19 de febrero de este a\u00f1o, que estableci\u00f3 iguales par\u00e1metros de c\u00e1lculo para con la Provincia de San Luis. Tambi\u00e9n surgieron diferencias en cuanto a la forma de pago, ya que desde el Gobierno nacional ofrecieron abonar el importe del juicio con obras viales y de aeropuertos, obras que por ser de jurisdicci\u00f3n nacional, deben realizar de todos modos.<\/p>\n<p>Es por estas razones que las negociaciones han sido consideradas por concluidas por el Gobierno nacional que sugirie seguir el mismo camino judicial recorrido por las provincias de San Luis y Santa Fe en cuanto a la ejecuci\u00f3n de la sentencia, evidenciando la nula predisposici\u00f3n a llegar a un acuerdo y llevando todo al \u00e1mbito judicial lo cual retrasar\u00e1 considerablemente los tiempos de cobro de las acreencias provinciales.<\/p>\n<div class=\"oasis-despues-del-contenido\" id=\"oasis-3566816936\"><img loading=\"lazy\" decoding=\"async\" src=\"https:\/\/oasisfm935.com.ar\/site\/wp-content\/uploads\/2020\/08\/47806202-8741-49f2-a5c9-d2f930e5baa1.jpg\" alt=\"\"  srcset=\"https:\/\/oasisfm935.com.ar\/site\/wp-content\/uploads\/2020\/08\/47806202-8741-49f2-a5c9-d2f930e5baa1.jpg 1080w, https:\/\/oasisfm935.com.ar\/site\/wp-content\/uploads\/2020\/08\/47806202-8741-49f2-a5c9-d2f930e5baa1-300x300.jpg 300w, https:\/\/oasisfm935.com.ar\/site\/wp-content\/uploads\/2020\/08\/47806202-8741-49f2-a5c9-d2f930e5baa1-1024x1024.jpg 1024w, https:\/\/oasisfm935.com.ar\/site\/wp-content\/uploads\/2020\/08\/47806202-8741-49f2-a5c9-d2f930e5baa1-150x150.jpg 150w, https:\/\/oasisfm935.com.ar\/site\/wp-content\/uploads\/2020\/08\/47806202-8741-49f2-a5c9-d2f930e5baa1-768x768.jpg 768w\" sizes=\"(max-width: 1080px) 100vw, 1080px\" class=\"no-lazyload\" width=\"1080\" height=\"1080\"  style=\"display: inline-block;\" \/><\/div>","protected":false},"excerpt":{"rendered":"<p>Concluy\u00f3 abruptamente la tercera reuni\u00f3n al negarse el ministro de Justicia y Derechos Humanos de la Naci\u00f3n, Germ\u00e1n Garavano, a firmar un<\/p>\n","protected":false},"author":4,"featured_media":993,"comment_status":"closed","ping_status":"open","sticky":false,"template":"","format":"standard","meta":{"colormag_page_layout":"default_layout","footnotes":""},"categories":[2],"tags":[],"class_list":["post-992","post","type-post","status-publish","format-standard","has-post-thumbnail","hentry","category-noticias"],"_links":{"self":[{"href":"https:\/\/oasisfm935.com.ar\/site\/wp-json\/wp\/v2\/posts\/992","targetHints":{"allow":["GET"]}}],"collection":[{"href":"https:\/\/oasisfm935.com.ar\/site\/wp-json\/wp\/v2\/posts"}],"about":[{"href":"https:\/\/oasisfm935.com.ar\/site\/wp-json\/wp\/v2\/types\/post"}],"author":[{"embeddable":true,"href":"https:\/\/oasisfm935.com.ar\/site\/wp-json\/wp\/v2\/users\/4"}],"replies":[{"embeddable":true,"href":"https:\/\/oasisfm935.com.ar\/site\/wp-json\/wp\/v2\/comments?post=992"}],"version-history":[{"count":1,"href":"https:\/\/oasisfm935.com.ar\/site\/wp-json\/wp\/v2\/posts\/992\/revisions"}],"predecessor-version":[{"id":994,"href":"https:\/\/oasisfm935.com.ar\/site\/wp-json\/wp\/v2\/posts\/992\/revisions\/994"}],"wp:featuredmedia":[{"embeddable":true,"href":"https:\/\/oasisfm935.com.ar\/site\/wp-json\/wp\/v2\/media\/993"}],"wp:attachment":[{"href":"https:\/\/oasisfm935.com.ar\/site\/wp-json\/wp\/v2\/media?parent=992"}],"wp:term":[{"taxonomy":"category","embeddable":true,"href":"https:\/\/oasisfm935.com.ar\/site\/wp-json\/wp\/v2\/categories?post=992"},{"taxonomy":"post_tag","embeddable":true,"href":"https:\/\/oasisfm935.com.ar\/site\/wp-json\/wp\/v2\/tags?post=992"}],"curies":[{"name":"wp","href":"https:\/\/api.w.org\/{rel}","templated":true}]}}