{"id":9921,"date":"2021-06-24T13:58:59","date_gmt":"2021-06-24T16:58:59","guid":{"rendered":"http:\/\/oasisfm935.com\/site\/?p=9921"},"modified":"2021-06-24T13:58:59","modified_gmt":"2021-06-24T16:58:59","slug":"la-pampa-habilitan-jardines-maternales-peloteros-iglesias-y-canchas-de-futbol","status":"publish","type":"post","link":"https:\/\/oasisfm935.com.ar\/site\/la-pampa-habilitan-jardines-maternales-peloteros-iglesias-y-canchas-de-futbol\/","title":{"rendered":"La Pampa: Habilitan jardines Maternales, Peloteros, Iglesias y canchas de Futbol."},"content":{"rendered":"<p><strong>Continuando con la apertura progresiva de las actividades econ\u00f3micas fundada en la evaluaci\u00f3n de distintos factores epidemiol\u00f3gicos, el Gobierno de La Pampa dispuso la habilitaci\u00f3n de nuevas actividades a partir del pr\u00f3ximo lunes 28 de junio. \u00a0En todos los casos el horario de funcionamiento ser\u00e1 entre las 7 y las 20 horas.<\/strong><\/p>\n<p>La apertura conlleva el cumplimiento estricto de los protocolos epidemiol\u00f3gicos establecidos por la autoridad sanitaria y se establece, taxativamente, que ante la aparici\u00f3n de un caso positivo de COVID entre los asistentes o del staff, se aislar\u00e1 en forma inmediata y preventiva a todas las personas que compartieron horario con el caso positivo.<\/p>\n<p>Jardines maternales y de infantes<br \/>\nPodr\u00e1n funcionar los establecimientos encuadrados en la Ley N\u00b0 2511,\u00a0 \u00a0con un l\u00edmite m\u00e1ximo de 15 personas por burbuja, incluyendo asistentes y personal del staff.<\/p>\n<p>Ense\u00f1anza de actividades art\u00edsticas y culturales<br \/>\nSe estableci\u00f3 para este sector un l\u00edmite m\u00e1ximo de 15 personas por burbuja entre asistentes y personal de la instituci\u00f3n.<\/p>\n<p>Espacios de entretenimiento infantiles<\/p>\n<p>Se habilit\u00f3 su apertura en lugares abiertos al aire libre y en espacios cerrados con suficiente ventilaci\u00f3n natural, cruzada, permanente y constante.\u00a0 Podr\u00e1n funcionar con un aforo m\u00e1ximo del 30 % de la capacidad total habilitada y un l\u00edmite m\u00e1ximo de 30 personas entre asistentes y personal.<\/p>\n<p>Actividades econ\u00f3micas deportivas<br \/>\nSe habilitan las actividades econ\u00f3micas vinculadas a los deportes: nataci\u00f3n, paddle individual y en pareja y futbol 5.<\/p>\n<p>En el caso de la nataci\u00f3n se\u00a0 deber\u00e1 respetar el l\u00edmite de hasta 3 personas por andarivel y un m\u00e1ximo de 15 personas por turno, incluidos asistentes y personal\/integrantes del staff del natatorio.<\/p>\n<p>En cuanto al paddle, se habilit\u00f3 la pr\u00e1ctica en espacios abiertos al aire libre y en espacios cerrados con suficiente ventilaci\u00f3n cruzada, permanente y constante.<\/p>\n<p>El f\u00fatbol 5, en espacios abiertos al aire libre\u00a0 y en espacios cerrados con ventilaci\u00f3n cruzada, permanente y constante.<\/p>\n<p>Todas las actividades que se realicen en espacios cerrados requerir\u00e1n la autorizaci\u00f3n previa de la subsecretar\u00eda de Deportes, quien evaluar\u00e1 el cumplimiento de las condiciones establecidas.<\/p>\n<p>Para ello deber\u00e1 emplearse la nueva aplicaci\u00f3n del Gobierno de La\u00a0 Pampa, para lo que ser\u00e1n previamente capacitados en su uso y la actualizaci\u00f3n de datos por la subsecretar\u00eda de Deportes.<\/p>\n<p>En ninguno de los casos (nataci\u00f3n, paddle, f\u00fatbol 5) se admite la presencia de p\u00fablico.<\/p>\n<p><strong>El Gobierno nacional habilit\u00f3 eventos religiosos<\/strong><br \/>\nFueron exceptuados de la restricci\u00f3n establecida por el decreto N\u00b0 1704\/21, a trav\u00e9s de la Decisi\u00f3n Administrativa de la Jefatura de Gabinete N\u00b0 593\/21.<\/p>\n<p>Podr\u00e1n llevarse a cabo a partir de ma\u00f1ana 25 de junio de 2021 en lugares abiertos al aire libre y en espacios cerrados.<\/p>\n<p>Se estableci\u00f3 para las mismas un aforo m\u00e1ximo del 30 % de la capacidad total habilitada y se dispuso que no est\u00e1 permitida la concurrencia simult\u00e1nea de m\u00e1s de 30 personas.<\/p>\n<p>En este caso ser\u00e1n las autoridades municipales correspondientes, en coordinaci\u00f3n con autoridades provinciales, quienes dispondr\u00e1n los procedimientos de fiscalizaci\u00f3n necesarios para garantizar el cumplimiento de las medidas establecidas.<\/p>\n<p>&nbsp;<\/p>\n<div class=\"oasis-despues-del-contenido\" id=\"oasis-3672211528\"><img loading=\"lazy\" decoding=\"async\" src=\"https:\/\/oasisfm935.com.ar\/site\/wp-content\/uploads\/2020\/08\/47806202-8741-49f2-a5c9-d2f930e5baa1.jpg\" alt=\"\"  srcset=\"https:\/\/oasisfm935.com.ar\/site\/wp-content\/uploads\/2020\/08\/47806202-8741-49f2-a5c9-d2f930e5baa1.jpg 1080w, https:\/\/oasisfm935.com.ar\/site\/wp-content\/uploads\/2020\/08\/47806202-8741-49f2-a5c9-d2f930e5baa1-300x300.jpg 300w, https:\/\/oasisfm935.com.ar\/site\/wp-content\/uploads\/2020\/08\/47806202-8741-49f2-a5c9-d2f930e5baa1-1024x1024.jpg 1024w, https:\/\/oasisfm935.com.ar\/site\/wp-content\/uploads\/2020\/08\/47806202-8741-49f2-a5c9-d2f930e5baa1-150x150.jpg 150w, https:\/\/oasisfm935.com.ar\/site\/wp-content\/uploads\/2020\/08\/47806202-8741-49f2-a5c9-d2f930e5baa1-768x768.jpg 768w\" sizes=\"(max-width: 1080px) 100vw, 1080px\" class=\"no-lazyload\" width=\"1080\" height=\"1080\"  style=\"display: inline-block;\" \/><\/div>","protected":false},"excerpt":{"rendered":"<p>Continuando con la apertura progresiva de las actividades econ\u00f3micas fundada en la evaluaci\u00f3n de distintos factores epidemiol\u00f3gicos, el Gobierno de La Pampa<\/p>\n","protected":false},"author":4,"featured_media":9922,"comment_status":"closed","ping_status":"open","sticky":false,"template":"","format":"standard","meta":{"colormag_page_layout":"default_layout","footnotes":""},"categories":[2],"tags":[],"class_list":["post-9921","post","type-post","status-publish","format-standard","has-post-thumbnail","hentry","category-noticias"],"_links":{"self":[{"href":"https:\/\/oasisfm935.com.ar\/site\/wp-json\/wp\/v2\/posts\/9921","targetHints":{"allow":["GET"]}}],"collection":[{"href":"https:\/\/oasisfm935.com.ar\/site\/wp-json\/wp\/v2\/posts"}],"about":[{"href":"https:\/\/oasisfm935.com.ar\/site\/wp-json\/wp\/v2\/types\/post"}],"author":[{"embeddable":true,"href":"https:\/\/oasisfm935.com.ar\/site\/wp-json\/wp\/v2\/users\/4"}],"replies":[{"embeddable":true,"href":"https:\/\/oasisfm935.com.ar\/site\/wp-json\/wp\/v2\/comments?post=9921"}],"version-history":[{"count":1,"href":"https:\/\/oasisfm935.com.ar\/site\/wp-json\/wp\/v2\/posts\/9921\/revisions"}],"predecessor-version":[{"id":9923,"href":"https:\/\/oasisfm935.com.ar\/site\/wp-json\/wp\/v2\/posts\/9921\/revisions\/9923"}],"wp:featuredmedia":[{"embeddable":true,"href":"https:\/\/oasisfm935.com.ar\/site\/wp-json\/wp\/v2\/media\/9922"}],"wp:attachment":[{"href":"https:\/\/oasisfm935.com.ar\/site\/wp-json\/wp\/v2\/media?parent=9921"}],"wp:term":[{"taxonomy":"category","embeddable":true,"href":"https:\/\/oasisfm935.com.ar\/site\/wp-json\/wp\/v2\/categories?post=9921"},{"taxonomy":"post_tag","embeddable":true,"href":"https:\/\/oasisfm935.com.ar\/site\/wp-json\/wp\/v2\/tags?post=9921"}],"curies":[{"name":"wp","href":"https:\/\/api.w.org\/{rel}","templated":true}]}}