{"id":9954,"date":"2021-06-26T20:09:27","date_gmt":"2021-06-26T23:09:27","guid":{"rendered":"http:\/\/oasisfm935.com\/site\/?p=9954"},"modified":"2021-06-26T20:09:27","modified_gmt":"2021-06-26T23:09:27","slug":"legislativas-2021-en-la-pampa-por-amplia-mayoria-la-ucr-decidio-nuevamente-afrontar-las-elecciones-en-coalicion-con-el-pro","status":"publish","type":"post","link":"https:\/\/oasisfm935.com.ar\/site\/legislativas-2021-en-la-pampa-por-amplia-mayoria-la-ucr-decidio-nuevamente-afrontar-las-elecciones-en-coalicion-con-el-pro\/","title":{"rendered":"LEGISLATIVAS 2021 EN LA PAMPA: Por amplia mayor\u00eda, la UCR decidi\u00f3 nuevamente afrontar las elecciones en coalici\u00f3n con el PRO"},"content":{"rendered":"<p>Este s\u00e1bado por la tarde, se llev\u00f3 adelante la asamblea de la UCR Provincial donde a trav\u00e9s de un encuentro virtual por ZOOM decidieron afrontar las elecciones legislativas 2021 definiendo ir en alianzas.<\/p>\n<p>Como era previsible, el tema central de la reuni\u00f3n pasaba por decidir exclusivamente si ir\u00edan junto a otros partidos para las pr\u00f3ximas elecciones a realizarse en el mes de septiembre.<\/p>\n<p>El resultado de la votaci\u00f3n en Asamblea fue: 106 a favor, 23 en contra, 2 ausentes, a favor de la conformaci\u00f3n de alianzas electorales para las PASO y Generales 2021 para la renovaci\u00f3n de cargos electivos. Por lo tanto, se desprende que la UCR Provincial ir\u00e1 a las elecciones con el PRO.<\/p>\n<p>El encuentro virtual cont\u00f3 con la participaci\u00f3n de 131 integrantes de la UCR de toda la provincia de La Pampa.<\/p>\n<div class=\"oasis-despues-del-contenido\" id=\"oasis-3469025077\"><img loading=\"lazy\" decoding=\"async\" src=\"https:\/\/oasisfm935.com.ar\/site\/wp-content\/uploads\/2020\/08\/47806202-8741-49f2-a5c9-d2f930e5baa1.jpg\" alt=\"\"  srcset=\"https:\/\/oasisfm935.com.ar\/site\/wp-content\/uploads\/2020\/08\/47806202-8741-49f2-a5c9-d2f930e5baa1.jpg 1080w, https:\/\/oasisfm935.com.ar\/site\/wp-content\/uploads\/2020\/08\/47806202-8741-49f2-a5c9-d2f930e5baa1-300x300.jpg 300w, https:\/\/oasisfm935.com.ar\/site\/wp-content\/uploads\/2020\/08\/47806202-8741-49f2-a5c9-d2f930e5baa1-1024x1024.jpg 1024w, https:\/\/oasisfm935.com.ar\/site\/wp-content\/uploads\/2020\/08\/47806202-8741-49f2-a5c9-d2f930e5baa1-150x150.jpg 150w, https:\/\/oasisfm935.com.ar\/site\/wp-content\/uploads\/2020\/08\/47806202-8741-49f2-a5c9-d2f930e5baa1-768x768.jpg 768w\" sizes=\"(max-width: 1080px) 100vw, 1080px\" class=\"no-lazyload\" width=\"1080\" height=\"1080\"  style=\"display: inline-block;\" \/><\/div>","protected":false},"excerpt":{"rendered":"<p>Este s\u00e1bado por la tarde, se llev\u00f3 adelante la asamblea de la UCR Provincial donde a trav\u00e9s de un encuentro virtual por<\/p>\n","protected":false},"author":4,"featured_media":9955,"comment_status":"closed","ping_status":"open","sticky":false,"template":"","format":"standard","meta":{"colormag_page_layout":"default_layout","footnotes":""},"categories":[2],"tags":[],"class_list":["post-9954","post","type-post","status-publish","format-standard","has-post-thumbnail","hentry","category-noticias"],"_links":{"self":[{"href":"https:\/\/oasisfm935.com.ar\/site\/wp-json\/wp\/v2\/posts\/9954","targetHints":{"allow":["GET"]}}],"collection":[{"href":"https:\/\/oasisfm935.com.ar\/site\/wp-json\/wp\/v2\/posts"}],"about":[{"href":"https:\/\/oasisfm935.com.ar\/site\/wp-json\/wp\/v2\/types\/post"}],"author":[{"embeddable":true,"href":"https:\/\/oasisfm935.com.ar\/site\/wp-json\/wp\/v2\/users\/4"}],"replies":[{"embeddable":true,"href":"https:\/\/oasisfm935.com.ar\/site\/wp-json\/wp\/v2\/comments?post=9954"}],"version-history":[{"count":1,"href":"https:\/\/oasisfm935.com.ar\/site\/wp-json\/wp\/v2\/posts\/9954\/revisions"}],"predecessor-version":[{"id":9956,"href":"https:\/\/oasisfm935.com.ar\/site\/wp-json\/wp\/v2\/posts\/9954\/revisions\/9956"}],"wp:featuredmedia":[{"embeddable":true,"href":"https:\/\/oasisfm935.com.ar\/site\/wp-json\/wp\/v2\/media\/9955"}],"wp:attachment":[{"href":"https:\/\/oasisfm935.com.ar\/site\/wp-json\/wp\/v2\/media?parent=9954"}],"wp:term":[{"taxonomy":"category","embeddable":true,"href":"https:\/\/oasisfm935.com.ar\/site\/wp-json\/wp\/v2\/categories?post=9954"},{"taxonomy":"post_tag","embeddable":true,"href":"https:\/\/oasisfm935.com.ar\/site\/wp-json\/wp\/v2\/tags?post=9954"}],"curies":[{"name":"wp","href":"https:\/\/api.w.org\/{rel}","templated":true}]}}